{"id":4705,"date":"2021-10-19T13:51:50","date_gmt":"2021-10-19T16:51:50","guid":{"rendered":"https:\/\/www2.uepg.br\/proex\/?p=4705"},"modified":"2021-10-20T09:52:17","modified_gmt":"2021-10-20T12:52:17","slug":"mesa-de-abertura-19o-conex-e-4o-eaex","status":"publish","type":"post","link":"https:\/\/www2.uepg.br\/proex\/mesa-de-abertura-19o-conex-e-4o-eaex\/","title":{"rendered":"Mesa de Abertura 19\u00ba CONEX e 4\u00ba EAEX"},"content":{"rendered":"<p>A Pr\u00f3-Reitoria de Extens\u00e3o e Assuntos Culturais (PROEX), da Universidade Estadual de Ponta Grossa (UEPG), promove o 19\u00ba Encontro Conversando Sobre Extens\u00e3o (CONEX) e 4\u00ba Encontro Anual de Extens\u00e3o (EAEX), sob o tema \u201c50 anos de Extens\u00e3o: perspectivas de futuro\u201d.<\/p>\n<p>A Mesa de Abertura do evento ser\u00e1 realizada no dia 26 de outubro \u00e0s 10 da manh\u00e3 atrav\u00e9s do <a href=\"https:\/\/pt-br.facebook.com\/oficialuepg\/\">Facebook Oficial UEPG<\/a> e contar\u00e1 com a participa\u00e7\u00e3o das sete Pr\u00f3-Reitoras de Extens\u00e3o das Universidades Estaduais do Paran\u00e1.<\/p>\n<p>Contamos com a sua presen\u00e7a!<\/p>\n","protected":false},"excerpt":{"rendered":"<p>A Pr\u00f3-Reitoria de Extens\u00e3o e Assuntos Culturais (PROEX), da Universidade Estadual de Ponta Grossa (UEPG), promove o 19\u00ba Encontro Conversando Sobre Extens\u00e3o (CONEX) e 4\u00ba Encontro Anual de Extens\u00e3o (EAEX), sob o tema \u201c50 anos de Extens\u00e3o: perspectivas de futuro\u201d. A Mesa de Abertura do evento ser\u00e1 realizada no dia 26 de outubro \u00e0s 10&nbsp;&hellip;<\/p>\n","protected":false},"author":367,"featured_media":4711,"comment_status":"closed","ping_status":"closed","sticky":false,"template":"","format":"standard","meta":[],"categories":[8],"tags":[],"_links":{"self":[{"href":"https:\/\/www2.uepg.br\/proex\/wp-json\/wp\/v2\/posts\/4705"}],"collection":[{"href":"https:\/\/www2.uepg.br\/proex\/wp-json\/wp\/v2\/posts"}],"about":[{"href":"https:\/\/www2.uepg.br\/proex\/wp-json\/wp\/v2\/types\/post"}],"author":[{"embeddable":true,"href":"https:\/\/www2.uepg.br\/proex\/wp-json\/wp\/v2\/users\/367"}],"replies":[{"embeddable":true,"href":"https:\/\/www2.uepg.br\/proex\/wp-json\/wp\/v2\/comments?post=4705"}],"version-history":[{"count":1,"href":"https:\/\/www2.uepg.br\/proex\/wp-json\/wp\/v2\/posts\/4705\/revisions"}],"predecessor-version":[{"id":4707,"href":"https:\/\/www2.uepg.br\/proex\/wp-json\/wp\/v2\/posts\/4705\/revisions\/4707"}],"wp:featuredmedia":[{"embeddable":true,"href":"https:\/\/www2.uepg.br\/proex\/wp-json\/wp\/v2\/media\/4711"}],"wp:attachment":[{"href":"https:\/\/www2.uepg.br\/proex\/wp-json\/wp\/v2\/media?parent=4705"}],"wp:term":[{"taxonomy":"category","embeddable":true,"href":"https:\/\/www2.uepg.br\/proex\/wp-json\/wp\/v2\/categories?post=4705"},{"taxonomy":"post_tag","embeddable":true,"href":"https:\/\/www2.uepg.br\/proex\/wp-json\/wp\/v2\/tags?post=4705"}],"curies":[{"name":"wp","href":"https:\/\/api.w.org\/{rel}","templated":true}]}}