{"id":4716,"date":"2021-10-20T13:57:49","date_gmt":"2021-10-20T16:57:49","guid":{"rendered":"https:\/\/www2.uepg.br\/proex\/?p=4716"},"modified":"2021-10-20T13:57:50","modified_gmt":"2021-10-20T16:57:50","slug":"programacao-19o-conex-e-4o-eaex","status":"publish","type":"post","link":"https:\/\/www2.uepg.br\/proex\/programacao-19o-conex-e-4o-eaex\/","title":{"rendered":"Programa\u00e7\u00e3o 19\u00ba CONEX e 4\u00ba EAEX"},"content":{"rendered":"<p><span style=\"font-family: arial, sans-serif\">A Pr\u00f3-Reitoria de Extens\u00e3o e Assuntos Culturais (PROEX), da Universidade Estadual de Ponta Grossa (UEPG), promove o 19\u00ba Encontro Conversando Sobre Extens\u00e3o (CONEX) e 4\u00ba Encontro Anual de Extens\u00e3o (EAEX), o evento acontece de forma remota de 26 a 28 de outubro, sob o tema \u201c50 anos de Extens\u00e3o: perspectivas de futuro\u201d.<\/span><\/p>\n<p>O evento contar\u00e1 com tr\u00eas caf\u00e9s virtuais, apresenta\u00e7\u00f5es de trabalho, mesa redonda de abertura do evento, lan\u00e7amento do livro &#8220;Cinco D\u00e9cadas de Extens\u00e3o&#8221; e concurso de fotografias conforme cronograma do evento.<\/p>\n<p>&nbsp;<\/p>\n<p>Contamos com a sua participa\u00e7\u00e3o!<\/p>\n","protected":false},"excerpt":{"rendered":"<p>A Pr\u00f3-Reitoria de Extens\u00e3o e Assuntos Culturais (PROEX), da Universidade Estadual de Ponta Grossa (UEPG), promove o 19\u00ba Encontro Conversando Sobre Extens\u00e3o (CONEX) e 4\u00ba Encontro Anual de Extens\u00e3o (EAEX), o evento acontece de forma remota de 26 a 28 de outubro, sob o tema \u201c50 anos de Extens\u00e3o: perspectivas de futuro\u201d. O evento contar\u00e1&nbsp;&hellip;<\/p>\n","protected":false},"author":367,"featured_media":4717,"comment_status":"closed","ping_status":"closed","sticky":false,"template":"","format":"standard","meta":[],"categories":[8],"tags":[],"_links":{"self":[{"href":"https:\/\/www2.uepg.br\/proex\/wp-json\/wp\/v2\/posts\/4716"}],"collection":[{"href":"https:\/\/www2.uepg.br\/proex\/wp-json\/wp\/v2\/posts"}],"about":[{"href":"https:\/\/www2.uepg.br\/proex\/wp-json\/wp\/v2\/types\/post"}],"author":[{"embeddable":true,"href":"https:\/\/www2.uepg.br\/proex\/wp-json\/wp\/v2\/users\/367"}],"replies":[{"embeddable":true,"href":"https:\/\/www2.uepg.br\/proex\/wp-json\/wp\/v2\/comments?post=4716"}],"version-history":[{"count":1,"href":"https:\/\/www2.uepg.br\/proex\/wp-json\/wp\/v2\/posts\/4716\/revisions"}],"predecessor-version":[{"id":4722,"href":"https:\/\/www2.uepg.br\/proex\/wp-json\/wp\/v2\/posts\/4716\/revisions\/4722"}],"wp:featuredmedia":[{"embeddable":true,"href":"https:\/\/www2.uepg.br\/proex\/wp-json\/wp\/v2\/media\/4717"}],"wp:attachment":[{"href":"https:\/\/www2.uepg.br\/proex\/wp-json\/wp\/v2\/media?parent=4716"}],"wp:term":[{"taxonomy":"category","embeddable":true,"href":"https:\/\/www2.uepg.br\/proex\/wp-json\/wp\/v2\/categories?post=4716"},{"taxonomy":"post_tag","embeddable":true,"href":"https:\/\/www2.uepg.br\/proex\/wp-json\/wp\/v2\/tags?post=4716"}],"curies":[{"name":"wp","href":"https:\/\/api.w.org\/{rel}","templated":true}]}}