{"id":4745,"date":"2021-10-21T09:02:31","date_gmt":"2021-10-21T12:02:31","guid":{"rendered":"https:\/\/www2.uepg.br\/proex\/?p=4745"},"modified":"2021-10-21T09:02:50","modified_gmt":"2021-10-21T12:02:50","slug":"cultura-plural-promove-live-para-comemorar-10-anos-de-atividade","status":"publish","type":"post","link":"https:\/\/www2.uepg.br\/proex\/cultura-plural-promove-live-para-comemorar-10-anos-de-atividade\/","title":{"rendered":"Cultura Plural promove live para comemorar 10 anos de atividade"},"content":{"rendered":"<div>\n<div dir=\"auto\">A equipe do projeto Cultura Plural, do curso de Jornalismo da Universidade Estadual de Ponta Grossa, realiza nesta quinta-feira, 21, \u00e0s 19 horas, uma live com a participa\u00e7\u00e3o de pessoas que atuaram no projeto em diferentes momentos ao longo dos \u00faltimos dez anos. A proposta do evento \u00e9 promover um di\u00e1logo sobre cultura a partir de experi\u00eancias que marcaram a trajet\u00f3ria do Cultura Plural.<\/div>\n<\/div>\n<div>\n<div dir=\"auto\">Os convidados s\u00e3o os jornalistas Higor Lima, Jo\u00e3o Guilherme Castro e Andr\u00e9 da Luz, a professora Marcia Boroski, que atuou como supervisora do projeto, o colunista Rodolfo Kravutschke e, da equipe atual, a estudante Ana Luiza Bertelli Dimbarre, que tamb\u00e9m far\u00e1 a media\u00e7\u00e3o do di\u00e1logo, e a coordenadora Karina Janz Woitowicz.<\/div>\n<\/div>\n<div>\n<div dir=\"auto\">A transmiss\u00e3o ser\u00e1 feita pelo Instagram e pelo Facebook do projeto Cultura Plural.<\/div>\n<div dir=\"auto\"><\/div>\n<\/div>\n<div dir=\"auto\" style=\"text-align: center\"><img loading=\"lazy\" class=\"alignnone size-medium wp-image-4746\" src=\"https:\/\/www2.uepg.br\/proex\/wp-content\/uploads\/sites\/8\/2021\/10\/c-300x300.png\" alt=\"\" width=\"300\" height=\"300\" srcset=\"https:\/\/www2.uepg.br\/proex\/wp-content\/uploads\/sites\/8\/2021\/10\/c-300x300.png 300w, https:\/\/www2.uepg.br\/proex\/wp-content\/uploads\/sites\/8\/2021\/10\/c-150x150.png 150w, https:\/\/www2.uepg.br\/proex\/wp-content\/uploads\/sites\/8\/2021\/10\/c-768x768.png 768w, https:\/\/www2.uepg.br\/proex\/wp-content\/uploads\/sites\/8\/2021\/10\/c.png 960w\" sizes=\"(max-width: 300px) 100vw, 300px\" \/><\/div>\n","protected":false},"excerpt":{"rendered":"<p>A equipe do projeto Cultura Plural, do curso de Jornalismo da Universidade Estadual de Ponta Grossa, realiza nesta quinta-feira, 21, \u00e0s 19 horas, uma live com a participa\u00e7\u00e3o de pessoas que atuaram no projeto em diferentes momentos ao longo dos \u00faltimos dez anos. A proposta do evento \u00e9 promover um di\u00e1logo sobre cultura a partir&nbsp;&hellip;<\/p>\n","protected":false},"author":91,"featured_media":4747,"comment_status":"closed","ping_status":"closed","sticky":false,"template":"","format":"standard","meta":[],"categories":[8],"tags":[],"_links":{"self":[{"href":"https:\/\/www2.uepg.br\/proex\/wp-json\/wp\/v2\/posts\/4745"}],"collection":[{"href":"https:\/\/www2.uepg.br\/proex\/wp-json\/wp\/v2\/posts"}],"about":[{"href":"https:\/\/www2.uepg.br\/proex\/wp-json\/wp\/v2\/types\/post"}],"author":[{"embeddable":true,"href":"https:\/\/www2.uepg.br\/proex\/wp-json\/wp\/v2\/users\/91"}],"replies":[{"embeddable":true,"href":"https:\/\/www2.uepg.br\/proex\/wp-json\/wp\/v2\/comments?post=4745"}],"version-history":[{"count":1,"href":"https:\/\/www2.uepg.br\/proex\/wp-json\/wp\/v2\/posts\/4745\/revisions"}],"predecessor-version":[{"id":4748,"href":"https:\/\/www2.uepg.br\/proex\/wp-json\/wp\/v2\/posts\/4745\/revisions\/4748"}],"wp:featuredmedia":[{"embeddable":true,"href":"https:\/\/www2.uepg.br\/proex\/wp-json\/wp\/v2\/media\/4747"}],"wp:attachment":[{"href":"https:\/\/www2.uepg.br\/proex\/wp-json\/wp\/v2\/media?parent=4745"}],"wp:term":[{"taxonomy":"category","embeddable":true,"href":"https:\/\/www2.uepg.br\/proex\/wp-json\/wp\/v2\/categories?post=4745"},{"taxonomy":"post_tag","embeddable":true,"href":"https:\/\/www2.uepg.br\/proex\/wp-json\/wp\/v2\/tags?post=4745"}],"curies":[{"name":"wp","href":"https:\/\/api.w.org\/{rel}","templated":true}]}}