{"id":4832,"date":"2021-11-03T22:19:09","date_gmt":"2021-11-04T01:19:09","guid":{"rendered":"https:\/\/www2.uepg.br\/proex\/?p=4832"},"modified":"2021-11-03T22:20:02","modified_gmt":"2021-11-04T01:20:02","slug":"49a-edicao-do-festival-nacional-de-teatro-fenata","status":"publish","type":"post","link":"https:\/\/www2.uepg.br\/proex\/49a-edicao-do-festival-nacional-de-teatro-fenata\/","title":{"rendered":"49\u00aa Edi\u00e7\u00e3o do Festival Nacional de Teatro- FENATA"},"content":{"rendered":"<p>O teatro ganha vida mais uma vez na . O evento, realizado pela Universidade Estadual de Ponta Grossa (UEPG), inicia na pr\u00f3xima segunda-feira (8) e encerra no dia 13, com a premia\u00e7\u00e3o do j\u00fari popular. O Fenata conta com programa\u00e7\u00e3o durante toda a semana e acontece de forma h\u00edbrida, com apresenta\u00e7\u00f5es de forma presencial no Cine-Teatro \u00d3pera e transmiss\u00e3o on-line no Youtube da UEPG. A solenidade de abertura ser\u00e1 presencial, no Teatro \u00d3pera, com transmpelo Facebook.<\/p>\n<p>O evento \u00e9 realizado pela UEPG, por meio da Funda\u00e7\u00e3o de Apoio ao Desenvolvimento Institucional, Cient\u00edfico e Tecnol\u00f3gico (Fauepg); Pr\u00f3-Reitoria de Extens\u00e3o e Assuntos Culturais (Proex); Diretoria de Assuntos Culturais (DAC) e N\u00facleo de Tecnologia e Educa\u00e7\u00e3o Aberta e a Dist\u00e2ncia (Nutead). Para a pr\u00f3-reitora de Extens\u00e3o e Assuntos Culturais, <strong>\u00c9dina Schimanski<\/strong>, \u00e9 uma grande alegria organizar o Fenata mais uma vez. \u201c\u00c9 uma grande oportunidade para a comunidade acad\u00eamica e em geral poder participar desse evento t\u00e3o importante. O Fenata representa uma aproxima\u00e7\u00e3o muito forte com a cultura do povo\u201d, destaca.<\/p>\n<p>Para <strong>Sandra Borso<\/strong>i, diretora de assuntos culturais, a expectativa para a 49\u00aa edi\u00e7\u00e3o do Fenata \u00e9 ter um p\u00fablico engajado e participante das pe\u00e7as. \u201cQue todos que queiram vivenciar a dramaturgia possam se dirigir ao teatro ou assistir on-line, para viver essa essa experi\u00eancia que h\u00e1 tanto tempo n\u00e3o viv\u00edamos\u201d, explica.<\/p>\n<p>Sandra ressalta que p\u00fablico que estar\u00e1 presencialmente se sentir\u00e1 seguro, j\u00e1 que a organiza\u00e7\u00e3o seguir\u00e1 todas as normas de biosseguran\u00e7a impostas. \u201cTamb\u00e9m queremos que os artistas das mostras paralelas se sintam valorizados, porque \u00e9 a maior mostra de grupos de Ponta Grossa que j\u00e1 tivemos. Que tenhamos um excelente Festival em homenagem \u00e0s v\u00edtimas da Covid-19 e tamb\u00e9m \u00e0 vida\u201d.<\/p>\n<p>\u201cO Fenata traz nesta edi\u00e7\u00e3o um renascer, depois do tempo mais cr\u00edtico da pandemia\u201d, ressalta <strong>Adriana Rodrigues Suarez<\/strong>, da Diretoria de A\u00e7\u00f5es Culturais. Quando fala em renascer, Adriana se refere aos princ\u00edpios do evento, como palco, artista e plateia. \u201cSentir este clima novamente acalenta o cora\u00e7\u00e3o. Este ano teremos um Fenata h\u00edbrido, mas com certeza sintom\u00e1tico, provocando emo\u00e7\u00f5es que o teatro proporciona\u201d, adiciona.<\/p>\n<p>&nbsp;<\/p>\n<p><strong>Organiza\u00e7\u00e3o<\/strong><\/p>\n<p>Nesta edi\u00e7\u00e3o, ser\u00e3o duas mostras apresentadas. A Mostra Principal ter\u00e1 quatro espet\u00e1culos, para apresenta\u00e7\u00e3o presencial com p\u00fablico reduzido e grava\u00e7\u00e3o no Cine-Teatro \u00d3pera, sendo dois da categoria nacional e dois da categoria regional. A Mostra Paralela apresentar\u00e1 quatro espet\u00e1culos da categoria regional, com exibi\u00e7\u00e3o exclusivamente on-line, a partir dos v\u00eddeos enviados na realiza\u00e7\u00e3o da inscri\u00e7\u00e3o.<\/p>\n<p>Os espet\u00e1culos ser\u00e3o exibidos nas redes sociais da UEPG entre os dias 09 e 12 de novembro, com um espet\u00e1culo da Mostra Principal e um da Mostra Paralela por noite. Os espet\u00e1culos permanecer\u00e3o dispon\u00edveis para visualiza\u00e7\u00e3o nas redes sociais da UEPG somente at\u00e9 o dia 13 de novembro.<\/p>\n<p>&nbsp;<\/p>\n<p><strong>Medidas de preven\u00e7\u00e3o<\/strong><\/p>\n<p>O Fenata segue o disposto no Decreto Municipal n\u00ba 19.439\/2021 e Decreto Estadual n\u00ba 8.705\/2021 (e suas atualiza\u00e7\u00f5es). As mostras principais n\u00e3o ter\u00e3o teatro lotado. O p\u00fablico poder\u00e1 ocupar no m\u00e1ximo 50% do espa\u00e7o, j\u00e1 que os lugares ser\u00e3o demarcados, e a cada desmontagem o palco ser\u00e1 desinfetado. Tanto a organiza\u00e7\u00e3o, quando equipe t\u00e9cnica e integrantes dos grupos ser\u00e3o testados antes da apresenta\u00e7\u00e3o, com testes pr\u00e9vios e r\u00e1pidos.<\/p>\n<p>O teste pr\u00e9vio \u00e9 exclusivamente para integrantes dos grupos da Categoria Nacional, que dever\u00e3o realizar o teste de ant\u00edgeno antes do deslocamento para Ponta Grossa, com realiza\u00e7\u00e3o de no m\u00e1ximo 48 horas antes do embarque. O teste r\u00e1pido ser\u00e1 realizado no hall do Cine-Teatro \u00d3pera, na chegada de cada grupo para grava\u00e7\u00e3o das categorias Nacional e Regional, al\u00e9m da equipe de produ\u00e7\u00e3o e t\u00e9cnicos, sob responsabilidade da organiza\u00e7\u00e3o do Festival. Caso o profissional teste positivo para Covid-19, dever\u00e1 ser substitu\u00eddo imediatamente.<\/p>\n<p>Conforme o Plano de Biosseguran\u00e7a, apresentado junto \u00e0 Prefeitura de Ponta Grossa, o Fenata seguir\u00e1 medidas de preven\u00e7\u00e3o, como uso obrigat\u00f3rio de m\u00e1scara durante todo o per\u00edodo de perman\u00eancia no teatro; disponibiliza\u00e7\u00e3o de \u00e1lcool em gel em locais estrat\u00e9gicos; poltronas intercaladas para que haja distanciamento; e livreto e vota\u00e7\u00e3o dispon\u00edveis somente on-line. O p\u00fablico que assistir \u00e0s apresenta\u00e7\u00f5es presencialmente deve apresentar o comprovante de vacina\u00e7\u00e3o completa (2 doses ou dose \u00fanica) ou primeira dose mais teste de Covid, realizado com no m\u00e1ximo 48 horas de anteced\u00eancia.<\/p>\n<p>&nbsp;<\/p>\n<p><strong>J\u00fari Popular<\/strong><\/p>\n<p>Ser\u00e3o concedidos dois pr\u00eamios de J\u00fari Popular \u2013 um trof\u00e9u para a Mostra Principal e um para a Mostra Paralela. A cada noite, ser\u00e1 aberto um formul\u00e1rio para que o p\u00fablico possa enviar sua nota para os espet\u00e1culos apresentados. O formul\u00e1rio ficar\u00e1 aberto nas redes sociais da UEPG, das 21h \u00e0s 22h30. O resultado de cada pr\u00eamio ser\u00e1 obtido a partir da m\u00e9dia aritm\u00e9tica das notas de cada espet\u00e1culo, com premia\u00e7\u00e3o no dia 13.<\/p>\n<p>&nbsp;<\/p>\n<p><strong>Programa\u00e7\u00e3o<\/strong><\/p>\n<p><strong>Os espet\u00e1culos ser\u00e3o exibidos nas redes sociais da UEPG no dia posterior da grava\u00e7\u00e3o. Confira:<\/strong><\/p>\n<p><strong>08\/11<\/strong> (segunda-feira)<br \/>\n20h \u2013 Presencial: Porco Cane: uma visita! (Mostra Principal \u2013 48 min)<\/p>\n<p><strong>09\/11<\/strong> (ter\u00e7a-feira)<br \/>\n19h30 \u2013 Online Youtube: Entre o Sol e a Lua (Mostra Paralela \u2013 43 min)<br \/>\n20h \u2013 Presencial: A Borboleta da Colina (Mostra Principal \u2013 45 min)<br \/>\n20h30 \u2013 Online Youtube: Porco Cane: uma visita! (Mostra Principal \u2013 48 min)<\/p>\n<p><strong>10\/11<\/strong> (quarta-feira)<br \/>\n19h30 \u2013 Online Youtube: O Compositor (Mostra Paralela \u2013 50 min)<br \/>\n20h \u2013 Presencial: Fada Maria (Mostra Principal \u2013 45 min)<br \/>\n20h30 \u2013 Online Youtube: A Borboleta da Colina (Mostra Principal \u2013 45 min)<\/p>\n<p><strong>11\/11<\/strong> (quinta-feira)<br \/>\n19h30 \u2013 Online Youtube: Arara, Gralha e Pinh\u00e3o (Mostra Paralela \u2013 34 min)<br \/>\n20h \u2013 Presencial: O Beijo no Asfalto (Mostra Principal \u2013 65 min)<br \/>\n20h30 \u2013 Online Youtube: Fada Maria (Mostra Principal \u2013 45 min)<\/p>\n<p><strong>12\/11<\/strong> (sexta-feira)<br \/>\n19h30 \u2013 Online Youtube: Lune (Mostra Paralela \u2013 40min)<br \/>\n20h30 \u2013 Online Youtube: O Beijo no Asfalto (Mostra Principal \u2013 65 min)<\/p>\n<p><strong>13\/11<\/strong> (s\u00e1bado)<br \/>\n19h30 \u2013 Online pelo Facebook da UEPG: Encerramento e Divulga\u00e7\u00e3o do Pr\u00eamio J\u00fari Popular.<\/p>\n<p>&nbsp;<\/p>\n<p><strong>Ingressos<\/strong><\/p>\n<p>Os ingressos ser\u00e3o distribu\u00eddos gratuitamente de forma antecipada e seguindo a limita\u00e7\u00e3o de p\u00fablico, com 300 ingressos por espet\u00e1culo. Cada pessoa pode retirar at\u00e9 10 convites por pe\u00e7a e deve fazer um cadastro de informa\u00e7\u00f5es, caso a organiza\u00e7\u00e3o precise entrar em contato. No momento da retirada dos ingressos, tamb\u00e9m \u00e9 obrigat\u00f3ria a apresenta\u00e7\u00e3o do comprovante das duas doses da vacina ou teste recente contra Covid.<\/p>\n<p>Os ingressos estar\u00e3o dispon\u00edveis para retirada, a partir desta quinta-feira (4), no pr\u00e9dio da Proex (Pra\u00e7a Marechal Floriano Peixoto, 129 \u2013 ao lado da Catedral), das 8h30 \u00e0s 11h30 e das 13h30 \u00e0s 17h. Durante a semana do Festival, interessados tamb\u00e9m podem retirar os ingressos no Cine-Teatro \u00d3pera (Rua XV de Novembro, 468), das 17h30 \u00e0s 19h, se houver disponibilidade de ingressos. Servidores da UEPG podem retirar os ingressos na Pr\u00f3-Reitoria de Recursos Humanos e Proex nesta quinta-feira.<\/p>\n<p>&nbsp;<\/p>\n<p><strong>Apoio<\/strong><\/p>\n<p>O 49\u00ba Fenata tem patroc\u00ednio da Gmad \u2013 Grupo Madcompen; Tratornew e Lojas MM, com incentivo da Secretaria de Turismo da Prefeitura Municipal de Ponta Grossa; Ponta Grossa Tur\u00edstica 2026; Conselho Municipal de Turismo de Ponta Grossa; e Governo Federal, por meio da Secretaria Espacial da Cultura e Minist\u00e9rio do Turismo.<\/p>\n<p>&nbsp;<\/p>\n<p>*texto: CCOM- Universidade Estadual de Ponta Grossa.<\/p>\n","protected":false},"excerpt":{"rendered":"<p>O teatro ganha vida mais uma vez na . O evento, realizado pela Universidade Estadual de Ponta Grossa (UEPG), inicia na pr\u00f3xima segunda-feira (8) e encerra no dia 13, com a premia\u00e7\u00e3o do j\u00fari popular. O Fenata conta com programa\u00e7\u00e3o durante toda a semana e acontece de forma h\u00edbrida, com apresenta\u00e7\u00f5es de forma presencial no&nbsp;&hellip;<\/p>\n","protected":false},"author":85,"featured_media":4833,"comment_status":"closed","ping_status":"closed","sticky":false,"template":"","format":"standard","meta":[],"categories":[8],"tags":[],"_links":{"self":[{"href":"https:\/\/www2.uepg.br\/proex\/wp-json\/wp\/v2\/posts\/4832"}],"collection":[{"href":"https:\/\/www2.uepg.br\/proex\/wp-json\/wp\/v2\/posts"}],"about":[{"href":"https:\/\/www2.uepg.br\/proex\/wp-json\/wp\/v2\/types\/post"}],"author":[{"embeddable":true,"href":"https:\/\/www2.uepg.br\/proex\/wp-json\/wp\/v2\/users\/85"}],"replies":[{"embeddable":true,"href":"https:\/\/www2.uepg.br\/proex\/wp-json\/wp\/v2\/comments?post=4832"}],"version-history":[{"count":2,"href":"https:\/\/www2.uepg.br\/proex\/wp-json\/wp\/v2\/posts\/4832\/revisions"}],"predecessor-version":[{"id":4835,"href":"https:\/\/www2.uepg.br\/proex\/wp-json\/wp\/v2\/posts\/4832\/revisions\/4835"}],"wp:featuredmedia":[{"embeddable":true,"href":"https:\/\/www2.uepg.br\/proex\/wp-json\/wp\/v2\/media\/4833"}],"wp:attachment":[{"href":"https:\/\/www2.uepg.br\/proex\/wp-json\/wp\/v2\/media?parent=4832"}],"wp:term":[{"taxonomy":"category","embeddable":true,"href":"https:\/\/www2.uepg.br\/proex\/wp-json\/wp\/v2\/categories?post=4832"},{"taxonomy":"post_tag","embeddable":true,"href":"https:\/\/www2.uepg.br\/proex\/wp-json\/wp\/v2\/tags?post=4832"}],"curies":[{"name":"wp","href":"https:\/\/api.w.org\/{rel}","templated":true}]}}