{"id":5115,"date":"2021-12-17T09:18:03","date_gmt":"2021-12-17T12:18:03","guid":{"rendered":"https:\/\/www2.uepg.br\/proex\/?p=5115"},"modified":"2021-12-17T09:24:56","modified_gmt":"2021-12-17T12:24:56","slug":"5115-2","status":"publish","type":"post","link":"https:\/\/www2.uepg.br\/proex\/5115-2\/","title":{"rendered":"Banners dos Programas de Extens\u00e3o"},"content":{"rendered":"<p>A Pr\u00f3-Reitoria de Extens\u00e3o com recursos da Funda\u00e7\u00e3o Arauc\u00e1ria, entrega aos Programas de Extens\u00e3o um banner institucional com a identifica\u00e7\u00e3o do Programa, para ser usado nas atividades extensionistas.<\/p>\n<p>Os banners ser\u00e3o entregues no in\u00edcio do ano letivo de 2022.<\/p>\n<p>Desejamos a todos boas festas!<\/p>\n<p><a href=\"https:\/\/www2.uepg.br\/proex\/wp-content\/uploads\/sites\/8\/2021\/12\/FOTO-2.png\"><img loading=\"lazy\" class=\"alignnone wp-image-5116\" src=\"https:\/\/www2.uepg.br\/proex\/wp-content\/uploads\/sites\/8\/2021\/12\/FOTO-2-300x177.png\" alt=\"\" width=\"341\" height=\"201\" srcset=\"https:\/\/www2.uepg.br\/proex\/wp-content\/uploads\/sites\/8\/2021\/12\/FOTO-2-300x177.png 300w, https:\/\/www2.uepg.br\/proex\/wp-content\/uploads\/sites\/8\/2021\/12\/FOTO-2-1024x603.png 1024w, https:\/\/www2.uepg.br\/proex\/wp-content\/uploads\/sites\/8\/2021\/12\/FOTO-2-768x452.png 768w, https:\/\/www2.uepg.br\/proex\/wp-content\/uploads\/sites\/8\/2021\/12\/FOTO-2-1536x905.png 1536w, https:\/\/www2.uepg.br\/proex\/wp-content\/uploads\/sites\/8\/2021\/12\/FOTO-2-1232x726.png 1232w, https:\/\/www2.uepg.br\/proex\/wp-content\/uploads\/sites\/8\/2021\/12\/FOTO-2-1834x1080.png 1834w, https:\/\/www2.uepg.br\/proex\/wp-content\/uploads\/sites\/8\/2021\/12\/FOTO-2.png 1990w\" sizes=\"(max-width: 341px) 100vw, 341px\" \/><\/a> <a href=\"https:\/\/www2.uepg.br\/proex\/wp-content\/uploads\/sites\/8\/2021\/12\/FOTO-1.png\"><img loading=\"lazy\" class=\"alignnone wp-image-5117\" src=\"https:\/\/www2.uepg.br\/proex\/wp-content\/uploads\/sites\/8\/2021\/12\/FOTO-1-300x203.png\" alt=\"\" width=\"297\" height=\"201\" srcset=\"https:\/\/www2.uepg.br\/proex\/wp-content\/uploads\/sites\/8\/2021\/12\/FOTO-1-300x203.png 300w, https:\/\/www2.uepg.br\/proex\/wp-content\/uploads\/sites\/8\/2021\/12\/FOTO-1-1024x694.png 1024w, https:\/\/www2.uepg.br\/proex\/wp-content\/uploads\/sites\/8\/2021\/12\/FOTO-1-768x521.png 768w, https:\/\/www2.uepg.br\/proex\/wp-content\/uploads\/sites\/8\/2021\/12\/FOTO-1-1536x1041.png 1536w, https:\/\/www2.uepg.br\/proex\/wp-content\/uploads\/sites\/8\/2021\/12\/FOTO-1-1232x835.png 1232w, https:\/\/www2.uepg.br\/proex\/wp-content\/uploads\/sites\/8\/2021\/12\/FOTO-1-1593x1080.png 1593w, https:\/\/www2.uepg.br\/proex\/wp-content\/uploads\/sites\/8\/2021\/12\/FOTO-1.png 2000w\" sizes=\"(max-width: 297px) 100vw, 297px\" \/><\/a><\/p>\n","protected":false},"excerpt":{"rendered":"<p>A Pr\u00f3-Reitoria de Extens\u00e3o com recursos da Funda\u00e7\u00e3o Arauc\u00e1ria, entrega aos Programas de Extens\u00e3o um banner institucional com a identifica\u00e7\u00e3o do Programa, para ser usado nas atividades extensionistas. Os banners ser\u00e3o entregues no in\u00edcio do ano letivo de 2022. Desejamos a todos boas festas!<\/p>\n","protected":false},"author":367,"featured_media":5119,"comment_status":"closed","ping_status":"closed","sticky":false,"template":"","format":"standard","meta":[],"categories":[8],"tags":[],"_links":{"self":[{"href":"https:\/\/www2.uepg.br\/proex\/wp-json\/wp\/v2\/posts\/5115"}],"collection":[{"href":"https:\/\/www2.uepg.br\/proex\/wp-json\/wp\/v2\/posts"}],"about":[{"href":"https:\/\/www2.uepg.br\/proex\/wp-json\/wp\/v2\/types\/post"}],"author":[{"embeddable":true,"href":"https:\/\/www2.uepg.br\/proex\/wp-json\/wp\/v2\/users\/367"}],"replies":[{"embeddable":true,"href":"https:\/\/www2.uepg.br\/proex\/wp-json\/wp\/v2\/comments?post=5115"}],"version-history":[{"count":3,"href":"https:\/\/www2.uepg.br\/proex\/wp-json\/wp\/v2\/posts\/5115\/revisions"}],"predecessor-version":[{"id":5121,"href":"https:\/\/www2.uepg.br\/proex\/wp-json\/wp\/v2\/posts\/5115\/revisions\/5121"}],"wp:featuredmedia":[{"embeddable":true,"href":"https:\/\/www2.uepg.br\/proex\/wp-json\/wp\/v2\/media\/5119"}],"wp:attachment":[{"href":"https:\/\/www2.uepg.br\/proex\/wp-json\/wp\/v2\/media?parent=5115"}],"wp:term":[{"taxonomy":"category","embeddable":true,"href":"https:\/\/www2.uepg.br\/proex\/wp-json\/wp\/v2\/categories?post=5115"},{"taxonomy":"post_tag","embeddable":true,"href":"https:\/\/www2.uepg.br\/proex\/wp-json\/wp\/v2\/tags?post=5115"}],"curies":[{"name":"wp","href":"https:\/\/api.w.org\/{rel}","templated":true}]}}