{"id":5654,"date":"2022-06-01T11:57:50","date_gmt":"2022-06-01T14:57:50","guid":{"rendered":"https:\/\/www2.uepg.br\/proex\/?p=5654"},"modified":"2022-06-02T09:17:38","modified_gmt":"2022-06-02T12:17:38","slug":"edital-no-003-2022-proex-propesp-uepg-no-programa-mulheres-paranaenses-empoderamento-e-lideranca","status":"publish","type":"post","link":"https:\/\/www2.uepg.br\/proex\/edital-no-003-2022-proex-propesp-uepg-no-programa-mulheres-paranaenses-empoderamento-e-lideranca\/","title":{"rendered":"EDITAL N\u00ba. 003\/2022-PROEX\/PROPESP &#8211;     UEPG NO PROGRAMA MULHERES PARANAENSES: EMPODERAMENTO E LIDERAN\u00c7A"},"content":{"rendered":"<div id=\"pl-5654\"  class=\"panel-layout\" ><div id=\"pg-5654-0\"  class=\"panel-grid panel-no-style\" ><div id=\"pgc-5654-0-0\"  class=\"panel-grid-cell\" ><div id=\"panel-5654-0-0-0\" class=\"so-panel widget widget_sow-editor panel-first-child panel-last-child\" data-index=\"0\" ><div\n\t\t\t\n\t\t\tclass=\"so-widget-sow-editor so-widget-sow-editor-base\"\n\t\t\t\n\t\t>\n<div class=\"siteorigin-widget-tinymce textwidget\">\n\t<p>&nbsp;<\/p>\n<p>A PR\u00d3-REITORIA DE EXTENS\u00c3O E ASSUNTOS CULTURAIS e a PR\u00d3-REITORIA DE PESQUISA E P\u00d3S-GRADUA\u00c7\u00c3O, nos termos da Chamada P\u00fablica 02\/2022 \u2013Programa Mulheres Paranaenses: empoderamento e lideran\u00e7a \u2013 Funda\u00e7\u00e3o Arauc\u00e1ria, tornam p\u00fablico o processo para sele\u00e7\u00e3o de planos de trabalho correspondentes \u00e0 Extens\u00e3o ou Pesquisa.<\/p>\n<p>Objetivos:<\/p>\n<p>(i) Conceder apoio financeiro aos extensionistas\/pesquisadores da UEPG para implanta\u00e7\u00e3o e desenvolvimento de projetos de forma\u00e7\u00e3o de lideran\u00e7as e empoderamento de mulheres por meio de capacita\u00e7\u00f5es, cursos de forma\u00e7\u00e3o e divulga\u00e7\u00e3o de pr\u00e1ticas inovadoras relacionadas ao tema em foco;<br \/>\n(ii) Incentivar a constru\u00e7\u00e3o de redes extensionistas e de pesquisa que fomentem a\u00e7\u00f5es de amplia\u00e7\u00e3o da capacidade de lideran\u00e7a de mulheres do campo e da cidade nas esferas: social, sa\u00fade, educa\u00e7\u00e3o, pol\u00edtica, econ\u00f4mica e cultural.<br \/>\n(iii) Promover a aproxima\u00e7\u00e3o de acad\u00eamicos da gradua\u00e7\u00e3o e p\u00f3s-gradua\u00e7\u00e3o em atividades extensionistas e de pesquisa voltadas para o fomento da lideran\u00e7a e empoderamento de mulheres, em todas as \u00e1reas do conhecimento que apresentem ader\u00eancia aos Novos Arranjos de Pesquisa e Inova\u00e7\u00e3o no Paran\u00e1 (NAPIs) que v\u00eam sendo fomentados pela Funda\u00e7\u00e3o Arauc\u00e1ria ou que apontam ader\u00eancia a algum dos ecossistemas de inova\u00e7\u00e3o, \u00e1reas priorit\u00e1rias e\/ou transversais identificadas pelo Conselho Paranaense de Ci\u00eancia e Tecnologia, a saber: Agricultura &amp;Agroneg\u00f3cio;<br \/>\nBiotecnologia &amp; Sa\u00fade; Energias Inteligentes; Cidades Inteligentes; Educa\u00e7\u00e3o, Sociedade &amp; Economia. \u00c1reas transversais: Desenvolvimento Sustent\u00e1vel; Transforma\u00e7\u00e3o Digital.<\/p>\n<p>Data Limite para Submiss\u00e3o dos Planos de Trabalho: 26.05.2022 a 15.06.2022<\/p>\n<p>Acesse aqui o Edital com maiores informa\u00e7\u00f5es:<\/p>\n<p><a href=\"https:\/\/www2.uepg.br\/proex\/wp-content\/uploads\/sites\/8\/2022\/05\/Edital-003-2022-Programa-UEPG-Mulheres-Paranaenses.pdf\">Edital 003\/2022<\/a><\/p>\n<p><a href=\"https:\/\/www2.uepg.br\/proex\/wp-content\/uploads\/sites\/8\/2022\/05\/ANEXO-1-Plano-de-Trabalho-Mulheres-Paranaenses-FA.docx\">Plano de Trabalho<\/a><\/p>\n<\/div>\n<\/div><\/div><\/div><\/div><\/div>","protected":false},"excerpt":{"rendered":"<p>&nbsp; A PR\u00d3-REITORIA DE EXTENS\u00c3O E ASSUNTOS CULTURAIS e a PR\u00d3-REITORIA DE PESQUISA E P\u00d3S-GRADUA\u00c7\u00c3O, nos termos da Chamada P\u00fablica 02\/2022 \u2013Programa Mulheres Paranaenses: empoderamento e lideran\u00e7a \u2013 Funda\u00e7\u00e3o Arauc\u00e1ria, tornam p\u00fablico o processo para sele\u00e7\u00e3o de planos de trabalho correspondentes \u00e0 Extens\u00e3o ou Pesquisa. Objetivos: (i) Conceder apoio financeiro aos extensionistas\/pesquisadores da UEPG para&nbsp;&hellip;<\/p>\n","protected":false},"author":93,"featured_media":5662,"comment_status":"closed","ping_status":"closed","sticky":false,"template":"","format":"standard","meta":[],"categories":[8],"tags":[14,15],"_links":{"self":[{"href":"https:\/\/www2.uepg.br\/proex\/wp-json\/wp\/v2\/posts\/5654"}],"collection":[{"href":"https:\/\/www2.uepg.br\/proex\/wp-json\/wp\/v2\/posts"}],"about":[{"href":"https:\/\/www2.uepg.br\/proex\/wp-json\/wp\/v2\/types\/post"}],"author":[{"embeddable":true,"href":"https:\/\/www2.uepg.br\/proex\/wp-json\/wp\/v2\/users\/93"}],"replies":[{"embeddable":true,"href":"https:\/\/www2.uepg.br\/proex\/wp-json\/wp\/v2\/comments?post=5654"}],"version-history":[{"count":13,"href":"https:\/\/www2.uepg.br\/proex\/wp-json\/wp\/v2\/posts\/5654\/revisions"}],"predecessor-version":[{"id":5712,"href":"https:\/\/www2.uepg.br\/proex\/wp-json\/wp\/v2\/posts\/5654\/revisions\/5712"}],"wp:featuredmedia":[{"embeddable":true,"href":"https:\/\/www2.uepg.br\/proex\/wp-json\/wp\/v2\/media\/5662"}],"wp:attachment":[{"href":"https:\/\/www2.uepg.br\/proex\/wp-json\/wp\/v2\/media?parent=5654"}],"wp:term":[{"taxonomy":"category","embeddable":true,"href":"https:\/\/www2.uepg.br\/proex\/wp-json\/wp\/v2\/categories?post=5654"},{"taxonomy":"post_tag","embeddable":true,"href":"https:\/\/www2.uepg.br\/proex\/wp-json\/wp\/v2\/tags?post=5654"}],"curies":[{"name":"wp","href":"https:\/\/api.w.org\/{rel}","templated":true}]}}