{"id":5675,"date":"2022-06-01T18:32:44","date_gmt":"2022-06-01T21:32:44","guid":{"rendered":"https:\/\/www2.uepg.br\/proex\/?p=5675"},"modified":"2022-06-02T09:14:49","modified_gmt":"2022-06-02T12:14:49","slug":"diretoria-de-extensao-universitaria-apresenta-relatorio-de-gestao-2021-e-lanca-o-portal-de-dados-extensionistas","status":"publish","type":"post","link":"https:\/\/www2.uepg.br\/proex\/diretoria-de-extensao-universitaria-apresenta-relatorio-de-gestao-2021-e-lanca-o-portal-de-dados-extensionistas\/","title":{"rendered":"DIRETORIA DE EXTENS\u00c3O UNIVERSIT\u00c1RIA APRESENTA RELAT\u00d3RIO DE GEST\u00c3O 2021 E LAN\u00c7A O PORTAL DE DADOS EXTENSIONISTAS"},"content":{"rendered":"<div id=\"pl-5675\"  class=\"panel-layout\" ><div id=\"pg-5675-0\"  class=\"panel-grid panel-no-style\" ><div id=\"pgc-5675-0-0\"  class=\"panel-grid-cell\" ><div id=\"panel-5675-0-0-0\" class=\"so-panel widget widget_sow-editor panel-first-child panel-last-child\" data-index=\"0\" ><div\n\t\t\t\n\t\t\tclass=\"so-widget-sow-editor so-widget-sow-editor-base\"\n\t\t\t\n\t\t>\n<div class=\"siteorigin-widget-tinymce textwidget\">\n\t<p>&nbsp;<\/p>\n<p>A Diretoria de Extens\u00e3o Universit\u00e1ria realizou na \u00faltima sexta-feira (27), no audit\u00f3rio da PROEX, a apresenta\u00e7\u00e3o do seu Relat\u00f3rio de Gest\u00e3o 2021 e o lan\u00e7amento do Portal de Dados Extensionistas. Estiveram presentes o Reitor, Professor Miguel Sanches Neto,\u00a0 Pr\u00f3-Reitores e Diretores dos Setores de Conhecimento da UEPG.<\/p>\n<p><img loading=\"lazy\" class=\"aligncenter wp-image-5681 \" src=\"https:\/\/www2.uepg.br\/proex\/wp-content\/uploads\/sites\/8\/2022\/06\/WhatsApp-Image-2022-06-01-at-16.36.04-1024x1024.jpeg\" alt=\"\" width=\"439\" height=\"439\" srcset=\"https:\/\/www2.uepg.br\/proex\/wp-content\/uploads\/sites\/8\/2022\/06\/WhatsApp-Image-2022-06-01-at-16.36.04-1024x1024.jpeg 1024w, https:\/\/www2.uepg.br\/proex\/wp-content\/uploads\/sites\/8\/2022\/06\/WhatsApp-Image-2022-06-01-at-16.36.04-300x300.jpeg 300w, https:\/\/www2.uepg.br\/proex\/wp-content\/uploads\/sites\/8\/2022\/06\/WhatsApp-Image-2022-06-01-at-16.36.04-150x150.jpeg 150w, https:\/\/www2.uepg.br\/proex\/wp-content\/uploads\/sites\/8\/2022\/06\/WhatsApp-Image-2022-06-01-at-16.36.04-768x768.jpeg 768w, https:\/\/www2.uepg.br\/proex\/wp-content\/uploads\/sites\/8\/2022\/06\/WhatsApp-Image-2022-06-01-at-16.36.04-1536x1536.jpeg 1536w, https:\/\/www2.uepg.br\/proex\/wp-content\/uploads\/sites\/8\/2022\/06\/WhatsApp-Image-2022-06-01-at-16.36.04-1232x1232.jpeg 1232w, https:\/\/www2.uepg.br\/proex\/wp-content\/uploads\/sites\/8\/2022\/06\/WhatsApp-Image-2022-06-01-at-16.36.04-1080x1080.jpeg 1080w, https:\/\/www2.uepg.br\/proex\/wp-content\/uploads\/sites\/8\/2022\/06\/WhatsApp-Image-2022-06-01-at-16.36.04.jpeg 1600w\" sizes=\"(max-width: 439px) 100vw, 439px\" \/> <img loading=\"lazy\" class=\"alignright wp-image-5683\" src=\"https:\/\/www2.uepg.br\/proex\/wp-content\/uploads\/sites\/8\/2022\/06\/WhatsApp-Image-2022-06-01-at-16.36.05.jpeg\" alt=\"\" width=\"438\" height=\"329\" srcset=\"https:\/\/www2.uepg.br\/proex\/wp-content\/uploads\/sites\/8\/2022\/06\/WhatsApp-Image-2022-06-01-at-16.36.05.jpeg 1024w, https:\/\/www2.uepg.br\/proex\/wp-content\/uploads\/sites\/8\/2022\/06\/WhatsApp-Image-2022-06-01-at-16.36.05-300x225.jpeg 300w, https:\/\/www2.uepg.br\/proex\/wp-content\/uploads\/sites\/8\/2022\/06\/WhatsApp-Image-2022-06-01-at-16.36.05-768x576.jpeg 768w\" sizes=\"(max-width: 438px) 100vw, 438px\" \/><\/p>\n<p>&nbsp;<\/p>\n<p>Segundo dados do Relat\u00f3rio 2021, foram realizados os registros de 528 a\u00e7\u00f5es no Sistema Online PROEX, totalizando 266.088 pessoas atendidas pelos Programas, Projetos, Cursos e Eventos de Extens\u00e3o.\u00a0 Ainda, 3.357 discentes estiveram sob a supervis\u00e3o ativa de 507 docentes, contando com a participa\u00e7\u00e3o de 249 servidores e 491 parceiros externos que atuaram em colabora\u00e7\u00e3o nas a\u00e7\u00f5es. A extens\u00e3o universit\u00e1ria da UEPG esteve presente ainda, em 44 munic\u00edpios do Paran\u00e1, estendendo a atua\u00e7\u00e3o dos programas e projetos a outros Estados do pa\u00eds.<\/p>\n<p>&nbsp;<\/p>\n<p>&nbsp;<\/p>\n<p>A Diretoria de Extens\u00e3o apresentou o novo Portal de Dados Extensionistas, feito em parceria com o NTI-UEPG. O Portal est\u00e1 dispon\u00edvel na p\u00e1gina da PROEX e poder\u00e1 ser consultado tanto por \u00f3rg\u00e3os internos, como pela comunidade externa \u00e0 UEPG. Basta preencher um dos campos de pesquisa para ter acesso \u00e0s informa\u00e7\u00f5es. A inten\u00e7\u00e3o \u00e9 auxiliar ainda, os Coordenadores dos Cursos de gradua\u00e7\u00e3o e outros atores envolvidos no processo\u00a0da curriculariza\u00e7\u00e3o a visualizarem as a\u00e7\u00f5es de extens\u00e3o que j\u00e1 est\u00e3o sendo realizadas e as novas possibilidades de atua\u00e7\u00e3o.<\/p>\n<p><img loading=\"lazy\" class=\"aligncenter wp-image-5682 \" src=\"https:\/\/www2.uepg.br\/proex\/wp-content\/uploads\/sites\/8\/2022\/06\/WhatsApp-Image-2022-06-01-at-16.36.05-1.jpeg\" alt=\"\" width=\"572\" height=\"429\" srcset=\"https:\/\/www2.uepg.br\/proex\/wp-content\/uploads\/sites\/8\/2022\/06\/WhatsApp-Image-2022-06-01-at-16.36.05-1.jpeg 1024w, https:\/\/www2.uepg.br\/proex\/wp-content\/uploads\/sites\/8\/2022\/06\/WhatsApp-Image-2022-06-01-at-16.36.05-1-300x225.jpeg 300w, https:\/\/www2.uepg.br\/proex\/wp-content\/uploads\/sites\/8\/2022\/06\/WhatsApp-Image-2022-06-01-at-16.36.05-1-768x576.jpeg 768w\" sizes=\"(max-width: 572px) 100vw, 572px\" \/><\/p>\n<p>O Portal de Dados Extensionistas representa um avan\u00e7o para a Extens\u00e3o Universit\u00e1ria na UEPG, considerando que as a\u00e7\u00f5es de Extens\u00e3o tem por meta, a integra\u00e7\u00e3o da UEPG com a sociedade, visando estabelecer v\u00ednculos efetivos com os movimentos, demandas e pol\u00edticas de diferentes setores sociais. A base dessa integra\u00e7\u00e3o \u00e9 o di\u00e1logo realizado por meio de Programas, Projetos, Cursos, Eventos e Presta\u00e7\u00e3o de servi\u00e7os promovidos pela comunidade acad\u00eamica e que se encontram acess\u00edveis agora para consulta p\u00fablica neste novo Portal.<\/p>\n<p>&nbsp;<\/p>\n<p>&nbsp;<\/p>\n<p>Link para o Portal de Dados Extensionistas: <a href=\"https:\/\/proex-deu.apps.uepg.br\/report\/public\/\">https:\/\/proex-deu.apps.uepg.br\/report\/public\/<\/a><\/p>\n<p>Link do Relat\u00f3rio de Gest\u00e3o 2021:\u00a0<a href=\"https:\/\/www2.uepg.br\/proex\/proex-pro-reitoria-de-extensao\/\">https:\/\/www2.uepg.br\/proex\/proex-pro-reitoria-de-extensao\/<\/a><\/p>\n<\/div>\n<\/div><\/div><\/div><\/div><\/div>","protected":false},"excerpt":{"rendered":"<p>&nbsp; A Diretoria de Extens\u00e3o Universit\u00e1ria realizou na \u00faltima sexta-feira (27), no audit\u00f3rio da PROEX, a apresenta\u00e7\u00e3o do seu Relat\u00f3rio de Gest\u00e3o 2021 e o lan\u00e7amento do Portal de Dados Extensionistas. Estiveram presentes o Reitor, Professor Miguel Sanches Neto,\u00a0 Pr\u00f3-Reitores e Diretores dos Setores de Conhecimento da UEPG. &nbsp; Segundo dados do Relat\u00f3rio 2021, foram&nbsp;&hellip;<\/p>\n","protected":false},"author":93,"featured_media":5676,"comment_status":"closed","ping_status":"closed","sticky":false,"template":"","format":"standard","meta":[],"categories":[8],"tags":[],"_links":{"self":[{"href":"https:\/\/www2.uepg.br\/proex\/wp-json\/wp\/v2\/posts\/5675"}],"collection":[{"href":"https:\/\/www2.uepg.br\/proex\/wp-json\/wp\/v2\/posts"}],"about":[{"href":"https:\/\/www2.uepg.br\/proex\/wp-json\/wp\/v2\/types\/post"}],"author":[{"embeddable":true,"href":"https:\/\/www2.uepg.br\/proex\/wp-json\/wp\/v2\/users\/93"}],"replies":[{"embeddable":true,"href":"https:\/\/www2.uepg.br\/proex\/wp-json\/wp\/v2\/comments?post=5675"}],"version-history":[{"count":28,"href":"https:\/\/www2.uepg.br\/proex\/wp-json\/wp\/v2\/posts\/5675\/revisions"}],"predecessor-version":[{"id":5708,"href":"https:\/\/www2.uepg.br\/proex\/wp-json\/wp\/v2\/posts\/5675\/revisions\/5708"}],"wp:featuredmedia":[{"embeddable":true,"href":"https:\/\/www2.uepg.br\/proex\/wp-json\/wp\/v2\/media\/5676"}],"wp:attachment":[{"href":"https:\/\/www2.uepg.br\/proex\/wp-json\/wp\/v2\/media?parent=5675"}],"wp:term":[{"taxonomy":"category","embeddable":true,"href":"https:\/\/www2.uepg.br\/proex\/wp-json\/wp\/v2\/categories?post=5675"},{"taxonomy":"post_tag","embeddable":true,"href":"https:\/\/www2.uepg.br\/proex\/wp-json\/wp\/v2\/tags?post=5675"}],"curies":[{"name":"wp","href":"https:\/\/api.w.org\/{rel}","templated":true}]}}