{"id":5787,"date":"2022-06-06T12:23:23","date_gmt":"2022-06-06T15:23:23","guid":{"rendered":"https:\/\/www2.uepg.br\/proex\/?p=5787"},"modified":"2022-06-06T13:01:33","modified_gmt":"2022-06-06T16:01:33","slug":"curricularizacao-da-extensao-professora-da-uepg-apresenta-os-resultados-do-seu-trabalho-de-doutoramento-a-proex","status":"publish","type":"post","link":"https:\/\/www2.uepg.br\/proex\/curricularizacao-da-extensao-professora-da-uepg-apresenta-os-resultados-do-seu-trabalho-de-doutoramento-a-proex\/","title":{"rendered":"Curriculariza\u00e7\u00e3o da Extens\u00e3o: Professora da UEPG apresenta os resultados do seu trabalho de doutoramento \u00e0 PROEX"},"content":{"rendered":"<div id=\"pl-5787\"  class=\"panel-layout\" ><div id=\"pg-5787-0\"  class=\"panel-grid panel-no-style\" ><div id=\"pgc-5787-0-0\"  class=\"panel-grid-cell\" ><div id=\"panel-5787-0-0-0\" class=\"so-panel widget widget_sow-editor panel-first-child panel-last-child\" data-index=\"0\" ><div\n\t\t\t\n\t\t\tclass=\"so-widget-sow-editor so-widget-sow-editor-base\"\n\t\t\t\n\t\t><h3 class=\"widget-title\">Curriculariza\u00e7\u00e3o da Extens\u00e3o: Professora da UEPG apresenta os resultados do seu trabalho de doutoramento<\/h3>\n<div class=\"siteorigin-widget-tinymce textwidget\">\n\t<p>Na \u00faltima sexta-feira (03), a PROEX recebeu a Professora Denise Puglia Zanon, do Departamento de Pedagogia da UEPG, para apresenta\u00e7\u00e3o dos resultados da sua tese de doutoramento\u00a0 \u201cO processo de curriculariza\u00e7\u00e3o da extens\u00e3o universit\u00e1ria na forma\u00e7\u00e3o de licenciandos na UEPG\u201d.<\/p>\n<p>A Professora Denise explicou que o estudo considerou a \u00a0quest\u00e3o da indissociabilidade entre o ensino, a pesquisa e a extens\u00e3o e a meta 12, estrat\u00e9gia 12.7 do Plano Nacional da Edua\u00e7\u00e3o que determina a inser\u00e7\u00e3o de 10% de atividades de extens\u00e3o nos curr\u00edculos de gradua\u00e7\u00e3o. Como \u00a0objetivo geral, prop\u00f4s desvelar como o processo de curriculariza\u00e7\u00e3o da extens\u00e3o para as licenciaturas vem se constituindo na UEPG, a partir dos fundamentos\u00a0produzidos na Institui\u00e7\u00e3o, os quais sustentam a concep\u00e7\u00e3o extensionista.<img loading=\"lazy\" class=\"wp-image-5789 alignright\" src=\"https:\/\/www2.uepg.br\/proex\/wp-content\/uploads\/sites\/8\/2022\/06\/foto-1-1024x768.jpeg\" alt=\"\" width=\"589\" height=\"442\" srcset=\"https:\/\/www2.uepg.br\/proex\/wp-content\/uploads\/sites\/8\/2022\/06\/foto-1-1024x768.jpeg 1024w, https:\/\/www2.uepg.br\/proex\/wp-content\/uploads\/sites\/8\/2022\/06\/foto-1-300x225.jpeg 300w, https:\/\/www2.uepg.br\/proex\/wp-content\/uploads\/sites\/8\/2022\/06\/foto-1-768x576.jpeg 768w, https:\/\/www2.uepg.br\/proex\/wp-content\/uploads\/sites\/8\/2022\/06\/foto-1-1536x1152.jpeg 1536w, https:\/\/www2.uepg.br\/proex\/wp-content\/uploads\/sites\/8\/2022\/06\/foto-1-1232x924.jpeg 1232w, https:\/\/www2.uepg.br\/proex\/wp-content\/uploads\/sites\/8\/2022\/06\/foto-1-1440x1080.jpeg 1440w, https:\/\/www2.uepg.br\/proex\/wp-content\/uploads\/sites\/8\/2022\/06\/foto-1.jpeg 1600w\" sizes=\"(max-width: 589px) 100vw, 589px\" \/><\/p>\n<p>O estudo revelou que os fundamentos que sustentam o di\u00e1logo sobre a curriculariza\u00e7\u00e3o da extens\u00e3o \u00a0s\u00e3o a indissociabilidade entre o ensino, a pesquisa e extens\u00e3o, bem como a rela\u00e7\u00e3o dial\u00f3gica entre a Universidade e a Sociedade e as concep\u00e7\u00f5es de curr\u00edculo, os quais podem se entrela\u00e7ar, contribuindo para romper com a linearidade da matriz curricular, com vistas a uma forma\u00e7\u00e3o cr\u00edtica e humana, em processo de reflex\u00e3o e pr\u00e1xis.<\/p>\n<p>A Professora Denise lembrou que o processo de curriculariza\u00e7\u00e3o, entretanto, n\u00e3o \u00e9 linear e enfrenta desafios que v\u00e3o desde as quest\u00f5es or\u00e7ament\u00e1rias at\u00e9 a pol\u00edtica docente e a ruptura com as concep\u00e7\u00f5es e pr\u00e1ticas pedag\u00f3gicas que privilegiam o ensino e a pesquisa, desconsiderando a extens\u00e3o.<\/p>\n<p>A implanta\u00e7\u00e3o da curriculariza\u00e7\u00e3o na UEPG \u00a0\u00e9 um processo que vem sendo constru\u00eddo paulatinamente por meio de a\u00e7\u00f5es colaborativas entre a Proex e a Prograd, voltadas ao esclarecimento dos pressupostos\u00a0extensionistas \u00a0e assessoria na elabora\u00e7\u00e3o dos projetos pedag\u00f3gicos para a inser\u00e7\u00e3o do percentual destinado \u00e0s atividades de extens\u00e3o.<\/p>\n<p>No ano de 2021 a PROEX realizou 03 grandes eventos de discuss\u00e3o sobre a curriculariza\u00e7\u00e3o da extens\u00e3o e juntamente com a PROGRAD foram realizadas reuni\u00f5es de esclarecimento com os 38 cursos de gradua\u00e7\u00e3o da UEPG, bem como, foi disponibilizada a edi\u00e7\u00e3o do documento <a href=\"https:\/\/www2.uepg.br\/proex\/wp-content\/uploads\/sites\/8\/2021\/07\/CURRICULARIZACao-DA-EXTENSAO-1.pdf\">Curriculariza\u00e7\u00e3o da Extens\u00e3o dos Cursos de Gradua\u00e7\u00e3o da UEPG \u2013 Apontamentos e Orienta\u00e7\u00f5es<\/a>.<\/p>\n<p>A PROEX agradece \u00e0 Professora Denise Puglia Zanon que gentilmente compartilhou os resultados do seu trabalho, os quais ser\u00e3o considerados junto ao processo de implanta\u00e7\u00e3o da curriculariza\u00e7\u00e3o para os demais cursos de gradua\u00e7\u00e3o da UEPG.<\/p>\n<p><img loading=\"lazy\" class=\"aligncenter wp-image-5788 \" src=\"https:\/\/www2.uepg.br\/proex\/wp-content\/uploads\/sites\/8\/2022\/06\/WhatsApp-Image-2022-06-03-at-13.55.29-1024x768.jpeg\" alt=\"\" width=\"652\" height=\"489\" srcset=\"https:\/\/www2.uepg.br\/proex\/wp-content\/uploads\/sites\/8\/2022\/06\/WhatsApp-Image-2022-06-03-at-13.55.29-1024x768.jpeg 1024w, https:\/\/www2.uepg.br\/proex\/wp-content\/uploads\/sites\/8\/2022\/06\/WhatsApp-Image-2022-06-03-at-13.55.29-300x225.jpeg 300w, https:\/\/www2.uepg.br\/proex\/wp-content\/uploads\/sites\/8\/2022\/06\/WhatsApp-Image-2022-06-03-at-13.55.29-768x576.jpeg 768w, https:\/\/www2.uepg.br\/proex\/wp-content\/uploads\/sites\/8\/2022\/06\/WhatsApp-Image-2022-06-03-at-13.55.29-1536x1152.jpeg 1536w, https:\/\/www2.uepg.br\/proex\/wp-content\/uploads\/sites\/8\/2022\/06\/WhatsApp-Image-2022-06-03-at-13.55.29-1232x924.jpeg 1232w, https:\/\/www2.uepg.br\/proex\/wp-content\/uploads\/sites\/8\/2022\/06\/WhatsApp-Image-2022-06-03-at-13.55.29-1440x1080.jpeg 1440w, https:\/\/www2.uepg.br\/proex\/wp-content\/uploads\/sites\/8\/2022\/06\/WhatsApp-Image-2022-06-03-at-13.55.29.jpeg 1600w\" sizes=\"(max-width: 652px) 100vw, 652px\" \/><\/p>\n<p>Para saber mais sobre a Curriculariza\u00e7\u00e3o da Extens\u00e3o na UEPG, acesse: <a href=\"https:\/\/www2.uepg.br\/proex\/curricularizacao-da-extensao\/\">https:\/\/www2.uepg.br\/proex\/curricularizacao-da-extensao\/<\/a><\/p>\n<\/div>\n<\/div><\/div><\/div><\/div><\/div>","protected":false},"excerpt":{"rendered":"<p>Na \u00faltima sexta-feira (03), a PROEX recebeu a Professora Denise Puglia Zanon, do Departamento de Pedagogia da UEPG, para apresenta\u00e7\u00e3o dos resultados da sua tese de doutoramento\u00a0 \u201cO processo de curriculariza\u00e7\u00e3o da extens\u00e3o universit\u00e1ria na forma\u00e7\u00e3o de licenciandos na UEPG\u201d. A Professora Denise explicou que o estudo considerou a \u00a0quest\u00e3o da indissociabilidade entre o ensino,&nbsp;&hellip;<\/p>\n","protected":false},"author":93,"featured_media":5791,"comment_status":"closed","ping_status":"closed","sticky":false,"template":"","format":"standard","meta":[],"categories":[8],"tags":[16,15],"_links":{"self":[{"href":"https:\/\/www2.uepg.br\/proex\/wp-json\/wp\/v2\/posts\/5787"}],"collection":[{"href":"https:\/\/www2.uepg.br\/proex\/wp-json\/wp\/v2\/posts"}],"about":[{"href":"https:\/\/www2.uepg.br\/proex\/wp-json\/wp\/v2\/types\/post"}],"author":[{"embeddable":true,"href":"https:\/\/www2.uepg.br\/proex\/wp-json\/wp\/v2\/users\/93"}],"replies":[{"embeddable":true,"href":"https:\/\/www2.uepg.br\/proex\/wp-json\/wp\/v2\/comments?post=5787"}],"version-history":[{"count":11,"href":"https:\/\/www2.uepg.br\/proex\/wp-json\/wp\/v2\/posts\/5787\/revisions"}],"predecessor-version":[{"id":5801,"href":"https:\/\/www2.uepg.br\/proex\/wp-json\/wp\/v2\/posts\/5787\/revisions\/5801"}],"wp:featuredmedia":[{"embeddable":true,"href":"https:\/\/www2.uepg.br\/proex\/wp-json\/wp\/v2\/media\/5791"}],"wp:attachment":[{"href":"https:\/\/www2.uepg.br\/proex\/wp-json\/wp\/v2\/media?parent=5787"}],"wp:term":[{"taxonomy":"category","embeddable":true,"href":"https:\/\/www2.uepg.br\/proex\/wp-json\/wp\/v2\/categories?post=5787"},{"taxonomy":"post_tag","embeddable":true,"href":"https:\/\/www2.uepg.br\/proex\/wp-json\/wp\/v2\/tags?post=5787"}],"curies":[{"name":"wp","href":"https:\/\/api.w.org\/{rel}","templated":true}]}}