{"id":5855,"date":"2022-06-09T15:32:59","date_gmt":"2022-06-09T18:32:59","guid":{"rendered":"https:\/\/www2.uepg.br\/proex\/?p=5855"},"modified":"2022-06-09T15:39:23","modified_gmt":"2022-06-09T18:39:23","slug":"34o-fuc-festival-universitario-da-cancao","status":"publish","type":"post","link":"https:\/\/www2.uepg.br\/proex\/34o-fuc-festival-universitario-da-cancao\/","title":{"rendered":"34\u00ba FUC- Festival Universit\u00e1rio da Can\u00e7\u00e3o"},"content":{"rendered":"<h3 style=\"text-align: center\"><strong>O 34\u00ba FUC est\u00e1 chegando!<\/strong><\/h3>\n<h4 style=\"text-align: center\">S\u00e1bado (11\/06\/2022) \u00e9 dia de subir ao palco com o <strong>FESTIVAL UNIVERSIT\u00c1RIO DA CAN\u00c7\u00c3O- FUC!<\/strong><\/h4>\n<p>&nbsp;<\/p>\n<p>O <strong>34\u00ba Festival Universit\u00e1rio da Can\u00e7\u00e3o <\/strong>\u00e9 uma iniciativa da Funda\u00e7\u00e3o de Apoio ao Desenvolvimento Institucional, Cient\u00edfico e Tecnol\u00f3gico da Universidade Estadual de Ponta Grossa (FAUEPG) e da Diretoria de Assuntos Culturais \u2013 DAC\/PROEX.<\/p>\n<p><strong>Esta edi\u00e7\u00e3o, do 34\u00ba FUC<\/strong>, marca a continuidade do Projeto <strong>FUC Reverbera Lab<\/strong>, com objetivo de incentivar o empreendedorismo, fomentar a inova\u00e7\u00e3o, facilitar a autogest\u00e3o de carreiras art\u00edsticas, potencializar a divulga\u00e7\u00e3o dos trabalhos, promover um espa\u00e7o de trocas, aprendizado m\u00fatuo e cocria\u00e7\u00e3o, e orientar na constru\u00e7\u00e3o de pontes e conex\u00f5es com todos os elos do mercado musical. Os curadores, Janine Matias, \u00c9rico Bondezan e Paulo Z\u00e9 Barcelos analisaram trinta e tr\u00eas (33) can\u00e7\u00f5es inscritas. Doze (12) composi\u00e7\u00f5es selecionadas competir\u00e3o por premia\u00e7\u00e3o no Festival.<\/p>\n<p><strong>As m\u00fasicas selecionadas foram:<\/strong><\/p>\n<p><strong>01<\/strong> <strong>Acende a luz do lampi\u00e3o <\/strong>interpretada por Scilas<\/p>\n<p><strong>02<\/strong> <strong>Aquilo que podemos ser <\/strong>interpretada por Alisson Camargo, Julio Mano, Andrez\u00e3o e Anthonny<\/p>\n<p><strong>03<\/strong> <strong>Carta para Ti\u00e3o <\/strong>interpretada por Jefferson Maia<\/p>\n<p><strong>04<\/strong> <strong>F\u00e9 Menino Vivian Voc\u00ea, Eu e os Isqueiros<\/strong> interpretada por Vivian<\/p>\n<p><strong>05<\/strong> <strong>Fuga<\/strong> interptetada por Lilo, Matheus Camargo.<\/p>\n<p><strong>06 Longe<\/strong> interpretada por Krafka, Gustavo Vaz, Jamel\u00e3o e Maciel.<\/p>\n<p><strong>07<\/strong> <strong>Luz dos Nossos<\/strong> interpretada por Zero Meia &amp;Swolom, Stanley e DJ Nuno.<\/p>\n<p><strong>08<\/strong> <strong>Ladeiras da minha cabe\u00e7a <\/strong>interpretada por Camilo Fink e os Rivos.<\/p>\n<p><strong>09<\/strong> <strong>Mundo afora<\/strong> interpretada por Fabinho Ribeiro e Banda, LuisLiesenfeld, Will Silva e Kaik Silva.<\/p>\n<p><strong>10<\/strong> <strong>Sil\u00eancio<\/strong> interpretada por Luizinho, Andria, Felipe, Kaik e Andr\u00e9 Silva.<\/p>\n<p><strong>11<\/strong> <strong>Terra \u00e0 vista<\/strong> interpretada por Vicco e Daniel Victor.<\/p>\n<p><strong>12<\/strong> <strong>Peda\u00e7os<\/strong> interpretada por Raylan Marinho.<\/p>\n<p>Os jurados ser\u00e3o: Uyara Torrente, Katia Drumond e Thiago Xavier.<\/p>\n<p>OBS: Informamos a todos que a <strong>programa\u00e7\u00e3o<\/strong> <strong>do festival<\/strong>, assim como as letras das can\u00e7\u00f5es (livreto) est\u00e3o dispon\u00edveis no site: <a href=\"http:\/\/www.uepg.br\/fuc\"><strong>www.uepg.br\/fuc<\/strong><\/a><strong><u>,<\/u> <\/strong>para que possam acompanhar no momento da apresenta\u00e7\u00e3o.<\/p>\n<p>&nbsp;<\/p>\n<p>E mais&#8230; A <strong>Banda Blindagem<\/strong> promete trazer rock aos palcos do FUC e animar a noite com uma apresenta\u00e7\u00e3o especial.<\/p>\n<p>A Banda Blindagem foi a primeira do Estado a conseguir destaque nacional, com sucessos tocando nas r\u00e1dios de todo pa\u00eds e shows nos principais programas de televis\u00e3o da \u00e9poca. Com sua pr\u00f3pria linguagem e estilo, a banda conquistou f\u00e3s de v\u00e1rias gera\u00e7\u00f5es, que continuam prestigiando a banda onde quer que ela toque.<\/p>\n<p>&nbsp;<\/p>\n<p>Garanta o seu ingresso:<\/p>\n<p><strong>At\u00e9 sexta-feira:<\/strong><\/p>\n<p>Pr\u00e9dio da Proex (Pra\u00e7a Marechal Floriano Peixoto, 129 \u2013 Centro).<\/p>\n<p>Das 8h \u00e0s 17h<\/p>\n<p><strong>No s\u00e1bado:<\/strong><\/p>\n<p>Bilheteria do Cine-Teatro \u00d3pera<\/p>\n<p>a partir das 18h<\/p>\n<p><strong>Valores:<\/strong><\/p>\n<p>Entrada Inteira R$20,00<\/p>\n<p>Meia-entrada: R$10,00<\/p>\n<p>&nbsp;<\/p>\n<p><strong>ESPERAMOS VOC\u00ca!<\/strong><\/p>\n<p>&nbsp;<\/p>\n","protected":false},"excerpt":{"rendered":"<p>O 34\u00ba FUC est\u00e1 chegando! S\u00e1bado (11\/06\/2022) \u00e9 dia de subir ao palco com o FESTIVAL UNIVERSIT\u00c1RIO DA CAN\u00c7\u00c3O- FUC! &nbsp; O 34\u00ba Festival Universit\u00e1rio da Can\u00e7\u00e3o \u00e9 uma iniciativa da Funda\u00e7\u00e3o de Apoio ao Desenvolvimento Institucional, Cient\u00edfico e Tecnol\u00f3gico da Universidade Estadual de Ponta Grossa (FAUEPG) e da Diretoria de Assuntos Culturais \u2013 DAC\/PROEX.&nbsp;&hellip;<\/p>\n","protected":false},"author":85,"featured_media":5856,"comment_status":"closed","ping_status":"closed","sticky":false,"template":"","format":"standard","meta":[],"categories":[8],"tags":[],"_links":{"self":[{"href":"https:\/\/www2.uepg.br\/proex\/wp-json\/wp\/v2\/posts\/5855"}],"collection":[{"href":"https:\/\/www2.uepg.br\/proex\/wp-json\/wp\/v2\/posts"}],"about":[{"href":"https:\/\/www2.uepg.br\/proex\/wp-json\/wp\/v2\/types\/post"}],"author":[{"embeddable":true,"href":"https:\/\/www2.uepg.br\/proex\/wp-json\/wp\/v2\/users\/85"}],"replies":[{"embeddable":true,"href":"https:\/\/www2.uepg.br\/proex\/wp-json\/wp\/v2\/comments?post=5855"}],"version-history":[{"count":3,"href":"https:\/\/www2.uepg.br\/proex\/wp-json\/wp\/v2\/posts\/5855\/revisions"}],"predecessor-version":[{"id":5859,"href":"https:\/\/www2.uepg.br\/proex\/wp-json\/wp\/v2\/posts\/5855\/revisions\/5859"}],"wp:featuredmedia":[{"embeddable":true,"href":"https:\/\/www2.uepg.br\/proex\/wp-json\/wp\/v2\/media\/5856"}],"wp:attachment":[{"href":"https:\/\/www2.uepg.br\/proex\/wp-json\/wp\/v2\/media?parent=5855"}],"wp:term":[{"taxonomy":"category","embeddable":true,"href":"https:\/\/www2.uepg.br\/proex\/wp-json\/wp\/v2\/categories?post=5855"},{"taxonomy":"post_tag","embeddable":true,"href":"https:\/\/www2.uepg.br\/proex\/wp-json\/wp\/v2\/tags?post=5855"}],"curies":[{"name":"wp","href":"https:\/\/api.w.org\/{rel}","templated":true}]}}