{"id":5880,"date":"2022-06-10T16:49:28","date_gmt":"2022-06-10T19:49:28","guid":{"rendered":"https:\/\/www2.uepg.br\/proex\/?p=5880"},"modified":"2022-06-10T16:53:33","modified_gmt":"2022-06-10T19:53:33","slug":"conselho-de-administracao-sanciona-resolucao-que-define-criterios-para-insercao-de-voluntario-externo-em-atividades-de-extensao","status":"publish","type":"post","link":"https:\/\/www2.uepg.br\/proex\/conselho-de-administracao-sanciona-resolucao-que-define-criterios-para-insercao-de-voluntario-externo-em-atividades-de-extensao\/","title":{"rendered":"Conselho de Administra\u00e7\u00e3o sanciona Resolu\u00e7\u00e3o que define crit\u00e9rios para inser\u00e7\u00e3o de  Volunt\u00e1rio Externo em atividades de extens\u00e3o"},"content":{"rendered":"<div id=\"pl-5880\"  class=\"panel-layout\" ><div id=\"pg-5880-0\"  class=\"panel-grid panel-no-style\" ><div id=\"pgc-5880-0-0\"  class=\"panel-grid-cell\" ><div id=\"panel-5880-0-0-0\" class=\"so-panel widget widget_sow-editor panel-first-child panel-last-child\" data-index=\"0\" ><div\n\t\t\t\n\t\t\tclass=\"so-widget-sow-editor so-widget-sow-editor-base\"\n\t\t\t\n\t\t>\n<div class=\"siteorigin-widget-tinymce textwidget\">\n\t<p style=\"text-align: center\"><strong>Conselho de Administra\u00e7\u00e3o sanciona Resolu\u00e7\u00e3o que define crit\u00e9rios para inser\u00e7\u00e3o de Volunt\u00e1rio Externo em atividades de extens\u00e3o<\/strong><\/p>\n<p>Em reuni\u00e3o do dia 06 de junho de 2022, o Conselho de Administra\u00e7\u00e3o da UEPG sancionou a   Resolu\u00e7\u00e3o CA N\u00ba2022.88, que regulamenta as normas para a formaliza\u00e7\u00e3o da participa\u00e7\u00e3o\u00a0 de colaborador volunt\u00e1rio externo em atividades de extens\u00e3o da Universidade Estadual de Ponta Grossa \u2013 UEPG.<\/p>\n<p>A partir da nova regulamenta\u00e7\u00e3o, os proponentes de Programas e Projetos de Extens\u00e3o poder\u00e3o registrar junto ao Sistema Online PROEX, a participa\u00e7\u00e3o de pessoa f\u00edsica, maior de 18 (dezoito) anos que atue como pesquisador, docente de outras institui\u00e7\u00f5es de ensino superior, egressos da UEPG e de outras institui\u00e7\u00f5es de ensino superior, profissionais ou da sociedade em geral. O registro se dar\u00e1 por meio de termo de ades\u00e3o assinado pelo Volunt\u00e1rio, pelo(a) proponente da a\u00e7\u00e3o extensionista e pelo(a) Pr\u00f3-Reitor de Extens\u00e3o.<\/p>\n<p>O servi\u00e7o volunt\u00e1rio n\u00e3o gera v\u00ednculo empregat\u00edcio nem obriga\u00e7\u00e3o de natureza trabalhista, previdenci\u00e1ria ou afim, nos termos da Lei Federal 9.608\/1998 que rege as normas para este tipo de colabora\u00e7\u00e3o, mas tem por finalidade,\u00a0 proporcionar ou ampliar a contribui\u00e7\u00e3o da Comunidade Externa, no \u00e2mbito das atividades extensionistas que a UEPG desenvolve, como centro gerador de conhecimento e instrumento de transforma\u00e7\u00e3o social.<\/p>\n<p>&nbsp;<\/p>\n<p>Conhe\u00e7a a nova regulamenta\u00e7\u00e3o:<\/p>\n<p>Resolu\u00e7\u00e3o CA N\u00ba 2022.88\u00a0\u00a0 <a href=\"https:\/\/www2.uepg.br\/proex\/wp-content\/uploads\/sites\/8\/2022\/06\/Resolucao-CA-2022.88.pdf\">https:\/\/www2.uepg.br\/proex\/wp-content\/uploads\/sites\/8\/2022\/06\/Resolucao-CA-2022.88.pdf<\/a><\/p>\n<p>Anexo: <a href=\"https:\/\/www2.uepg.br\/proex\/wp-content\/uploads\/sites\/8\/2022\/06\/Resca2022.88anexo.pdf\">https:\/\/www2.uepg.br\/proex\/wp-content\/uploads\/sites\/8\/2022\/06\/Resca2022.88anexo.pdf<\/a><\/p>\n<\/div>\n<\/div><\/div><\/div><\/div><\/div>","protected":false},"excerpt":{"rendered":"<p>Conselho de Administra\u00e7\u00e3o sanciona Resolu\u00e7\u00e3o que define crit\u00e9rios para inser\u00e7\u00e3o de Volunt\u00e1rio Externo em atividades de extens\u00e3o Em reuni\u00e3o do dia 06 de junho de 2022, o Conselho de Administra\u00e7\u00e3o da UEPG sancionou a Resolu\u00e7\u00e3o CA N\u00ba2022.88, que regulamenta as normas para a formaliza\u00e7\u00e3o da participa\u00e7\u00e3o\u00a0 de colaborador volunt\u00e1rio externo em atividades de extens\u00e3o da&nbsp;&hellip;<\/p>\n","protected":false},"author":93,"featured_media":5884,"comment_status":"closed","ping_status":"closed","sticky":false,"template":"","format":"standard","meta":[],"categories":[8],"tags":[17,15,18],"_links":{"self":[{"href":"https:\/\/www2.uepg.br\/proex\/wp-json\/wp\/v2\/posts\/5880"}],"collection":[{"href":"https:\/\/www2.uepg.br\/proex\/wp-json\/wp\/v2\/posts"}],"about":[{"href":"https:\/\/www2.uepg.br\/proex\/wp-json\/wp\/v2\/types\/post"}],"author":[{"embeddable":true,"href":"https:\/\/www2.uepg.br\/proex\/wp-json\/wp\/v2\/users\/93"}],"replies":[{"embeddable":true,"href":"https:\/\/www2.uepg.br\/proex\/wp-json\/wp\/v2\/comments?post=5880"}],"version-history":[{"count":16,"href":"https:\/\/www2.uepg.br\/proex\/wp-json\/wp\/v2\/posts\/5880\/revisions"}],"predecessor-version":[{"id":5896,"href":"https:\/\/www2.uepg.br\/proex\/wp-json\/wp\/v2\/posts\/5880\/revisions\/5896"}],"wp:featuredmedia":[{"embeddable":true,"href":"https:\/\/www2.uepg.br\/proex\/wp-json\/wp\/v2\/media\/5884"}],"wp:attachment":[{"href":"https:\/\/www2.uepg.br\/proex\/wp-json\/wp\/v2\/media?parent=5880"}],"wp:term":[{"taxonomy":"category","embeddable":true,"href":"https:\/\/www2.uepg.br\/proex\/wp-json\/wp\/v2\/categories?post=5880"},{"taxonomy":"post_tag","embeddable":true,"href":"https:\/\/www2.uepg.br\/proex\/wp-json\/wp\/v2\/tags?post=5880"}],"curies":[{"name":"wp","href":"https:\/\/api.w.org\/{rel}","templated":true}]}}