{"id":6190,"date":"2022-08-01T10:48:03","date_gmt":"2022-08-01T13:48:03","guid":{"rendered":"https:\/\/www2.uepg.br\/proex\/?p=6190"},"modified":"2022-08-01T11:03:57","modified_gmt":"2022-08-01T14:03:57","slug":"programacao-20o-conex-e-5o-eaex","status":"publish","type":"post","link":"https:\/\/www2.uepg.br\/proex\/programacao-20o-conex-e-5o-eaex\/","title":{"rendered":"Programa\u00e7\u00e3o 20\u00ba CONEX e 5\u00ba EAEX &#8211; Dia 16 de agosto"},"content":{"rendered":"<p>A Pr\u00f3-Reitoria de Extens\u00e3o e Assuntos Culturais (PROEX), da Universidade Estadual de Ponta Grossa (UEPG), promove o 20\u00ba Encontro Conversando Sobre Extens\u00e3o (CONEX) e 5\u00ba Encontro Anual de Extens\u00e3o (EAEX), o evento acontece de forma h\u00edbrida de 16 a 18 de agosto de 2022, sob o tema \u201cExtens\u00e3o: crise internacional e seu reflexo no espa\u00e7o local\u201d.<\/p>\n<p>Programa\u00e7\u00e3o referente ao primeiro dia de evento, na sequ\u00eancia divulgaremos as demais atividades, fiquem atentos!<\/p>\n<p>Contamos com a sua participa\u00e7\u00e3o!!<\/p>\n","protected":false},"excerpt":{"rendered":"<p>A Pr\u00f3-Reitoria de Extens\u00e3o e Assuntos Culturais (PROEX), da Universidade Estadual de Ponta Grossa (UEPG), promove o 20\u00ba Encontro Conversando Sobre Extens\u00e3o (CONEX) e 5\u00ba Encontro Anual de Extens\u00e3o (EAEX), o evento acontece de forma h\u00edbrida de 16 a 18 de agosto de 2022, sob o tema \u201cExtens\u00e3o: crise internacional e seu reflexo no espa\u00e7o&nbsp;&hellip;<\/p>\n","protected":false},"author":367,"featured_media":6191,"comment_status":"closed","ping_status":"closed","sticky":false,"template":"","format":"standard","meta":[],"categories":[8],"tags":[],"_links":{"self":[{"href":"https:\/\/www2.uepg.br\/proex\/wp-json\/wp\/v2\/posts\/6190"}],"collection":[{"href":"https:\/\/www2.uepg.br\/proex\/wp-json\/wp\/v2\/posts"}],"about":[{"href":"https:\/\/www2.uepg.br\/proex\/wp-json\/wp\/v2\/types\/post"}],"author":[{"embeddable":true,"href":"https:\/\/www2.uepg.br\/proex\/wp-json\/wp\/v2\/users\/367"}],"replies":[{"embeddable":true,"href":"https:\/\/www2.uepg.br\/proex\/wp-json\/wp\/v2\/comments?post=6190"}],"version-history":[{"count":2,"href":"https:\/\/www2.uepg.br\/proex\/wp-json\/wp\/v2\/posts\/6190\/revisions"}],"predecessor-version":[{"id":6193,"href":"https:\/\/www2.uepg.br\/proex\/wp-json\/wp\/v2\/posts\/6190\/revisions\/6193"}],"wp:featuredmedia":[{"embeddable":true,"href":"https:\/\/www2.uepg.br\/proex\/wp-json\/wp\/v2\/media\/6191"}],"wp:attachment":[{"href":"https:\/\/www2.uepg.br\/proex\/wp-json\/wp\/v2\/media?parent=6190"}],"wp:term":[{"taxonomy":"category","embeddable":true,"href":"https:\/\/www2.uepg.br\/proex\/wp-json\/wp\/v2\/categories?post=6190"},{"taxonomy":"post_tag","embeddable":true,"href":"https:\/\/www2.uepg.br\/proex\/wp-json\/wp\/v2\/tags?post=6190"}],"curies":[{"name":"wp","href":"https:\/\/api.w.org\/{rel}","templated":true}]}}