{"id":6211,"date":"2022-08-03T14:54:07","date_gmt":"2022-08-03T17:54:07","guid":{"rendered":"https:\/\/www2.uepg.br\/proex\/?p=6211"},"modified":"2022-08-05T09:04:15","modified_gmt":"2022-08-05T12:04:15","slug":"projeto-de-extensao-o-que-voce-estava-vestindo-na-fundacao-oswaldo-cruz-rj","status":"publish","type":"post","link":"https:\/\/www2.uepg.br\/proex\/projeto-de-extensao-o-que-voce-estava-vestindo-na-fundacao-oswaldo-cruz-rj\/","title":{"rendered":"Projetos de Extens\u00e3o: &#8220;O que voc\u00ea estava vestindo?&#8221; e &#8220;Pluralidades Po\u00e9ticas&#8221; na Funda\u00e7\u00e3o Oswaldo Cruz (RJ)"},"content":{"rendered":"<h2 class=\"single__title\">Professoras da UEPG exp\u00f5em projetos de extens\u00e3o na Fiocruz<\/h2>\n<p>Profa Dra Adriana Rodrigues Suarez<\/p>\n<p>Profa Dra Marcela Teixeira Godoy<\/p>\n<p>&nbsp;<\/p>\n<p>Dois projetos de extens\u00e3o desenvolvidos pela Universidade Estadual de Ponta Grossa (UEPG) receberam um convite do Instituto de Ci\u00eancia e Tecnologia de Biomodelos (ICTB) a serem expostos, nesta semana, na Funda\u00e7\u00e3o Oswaldo Cruz (Fiocruz). Os Projetos<strong> \u201cO que voc\u00ea estava vestindo?\u201d<\/strong>, coordenado pela Professora do Departamento de Biologia Geral, Marcela Teixeira Godoy, e <strong>\u201cPluralidades Po\u00e9ticas\u201d<\/strong>, coordenado pela professora do Departamento de Artes, Adriana Rodrigues Suarez proporcionaram a forma\u00e7\u00e3o dos funcion\u00e1rios a respeito da preven\u00e7\u00e3o e enfrentamento \u00e0 viol\u00eancia sexual, por meio de palestras e da exposi\u00e7\u00e3o com as roupas e depoimentos de pessoas que sofreram esse tipo de viol\u00eancia.<\/p>\n<p>O projeto coordenado pela professora Adriana, da Pr\u00f3-Reitoria de Assuntos Administrativos (Proex), o Projeto Pluralidades Po\u00e9ticas oferece um conjunto amplo de atividades art\u00edsticas e culturais, onde a problem\u00e1tica da viol\u00eancia sexual se estende para as reflex\u00f5es cr\u00edticas da forma\u00e7\u00e3o do acad\u00eamico de Artes Visuais e do espectador. O projeto procura sensibilizar o p\u00fablico para que passe a ver a Arte como um campo de conhecimento, contribuindo assim para novos conhecimentos art\u00edstico\/culturais. A exposi\u00e7\u00e3o de arte-sobrevivente What Were You Wearing? (O Que Voc\u00ea Estava Vestindo?, em portugu\u00eas) exp\u00f5e o que as v\u00edtimas de viol\u00eancia sexual estavam usando quando foram violadas. O projeto iniciou na Universidade de Arkansas, nos Estados Unidos, e a professora Marcela Teixeira Godoy, diretora administrativa da Pr\u00f3-Reitoria de Gradua\u00e7\u00e3o (Prograd), remontou a exposi\u00e7\u00e3o em Ponta Grossa, com a parceria com a as professoras Jen Brockman (University of Kansas) e Mary Wyandt- Hiebert (University of Arkansas).<\/p>\n<p>Para a professora Marcela, apresentar os projetos na Fiocruz foi uma honra e tamb\u00e9m uma grande responsabilidade. \u201cA Fiocruz \u00e9 refer\u00eancia em sa\u00fade. E sa\u00fade n\u00e3o \u00e9 s\u00f3 aus\u00eancia de doen\u00e7a. Ficamos muito felizes em poder contribuir por meio de um pouco de conhecimento, para esclarecer, desculpabilizar e prevenir\u201d, afirma a professora<\/p>\n<p>A iniciativa pioneira do ICTB tamb\u00e9m envolve a forma\u00e7\u00e3o de uma Comiss\u00e3o de Enfrentamento ao Ass\u00e9dio Moral e Sexual no Trabalho. Com as mostras das professoras da UEPG, foram proporcionados momentos de forma\u00e7\u00e3o para gestores e funcion\u00e1rios, a respeito do enfrentamento \u00e0 viol\u00eancia sexual. \u201cN\u00f3s decidimos convidar a exposi\u00e7\u00e3o para compor o evento \u2018Ass\u00e9dio Moral e Sexual no trabalho: eu digo n\u00e3o!\u2019 do ICTB, porque o nosso objetivo com a a\u00e7\u00e3o era que trabalhadores fossem sensibilizados quanto ao tema de forma cultural. Acreditamos que a arte e suas simbologias t\u00eam um papel transformador e podem alcan\u00e7am n\u00edveis de rapport com o p\u00fablico que, \u00e0s vezes, as palavras n\u00e3o conseguem\u201d, relata Vanessa Mariana Klein Pipino Cardozo, Assistente da Se\u00e7\u00e3o de Sa\u00fade do Trabalhador do ICTB e uma das coordenadoras do evento.<\/p>\n<p>(Refer\u00eancia: https:\/\/dpontanews.com.br\/educacao\/professoras-da-uepg-expoem-projetos-de-extensao-na-fiocruz\/)<\/p>\n<p>Data: 30 de Junho de 2022<\/p>\n<p>&nbsp;<\/p>\n<h3 style=\"text-align: center\"><strong>GALERIA DE FOTOS<\/strong><\/h3>\n<p>&nbsp;<\/p>\n\n\t\t<style type=\"text\/css\">\n\t\t\t#gallery-1 {\n\t\t\t\tmargin: auto;\n\t\t\t}\n\t\t\t#gallery-1 .gallery-item {\n\t\t\t\tfloat: left;\n\t\t\t\tmargin-top: 10px;\n\t\t\t\ttext-align: center;\n\t\t\t\twidth: 33%;\n\t\t\t}\n\t\t\t#gallery-1 img {\n\t\t\t\tborder: 2px solid #cfcfcf;\n\t\t\t}\n\t\t\t#gallery-1 .gallery-caption {\n\t\t\t\tmargin-left: 0;\n\t\t\t}\n\t\t\t\/* see gallery_shortcode() in wp-includes\/media.php *\/\n\t\t<\/style>\n\t\t<div id='gallery-1' class='gallery galleryid-6211 gallery-columns-3 gallery-size-thumbnail'><dl class='gallery-item'>\n\t\t\t<dt class='gallery-icon landscape'>\n\t\t\t\t<a href='https:\/\/www2.uepg.br\/proex\/projeto-de-extensao-o-que-voce-estava-vestindo-na-fundacao-oswaldo-cruz-rj\/fiocruz01\/'><img width=\"150\" height=\"150\" src=\"https:\/\/www2.uepg.br\/proex\/wp-content\/uploads\/sites\/8\/2022\/08\/fiocruz01-150x150.png\" class=\"attachment-thumbnail size-thumbnail\" alt=\"\" loading=\"lazy\" \/><\/a>\n\t\t\t<\/dt><\/dl><dl class='gallery-item'>\n\t\t\t<dt class='gallery-icon landscape'>\n\t\t\t\t<a href='https:\/\/www2.uepg.br\/proex\/projeto-de-extensao-o-que-voce-estava-vestindo-na-fundacao-oswaldo-cruz-rj\/whatsapp-image-2022-08-03-at-14-33-52\/'><img width=\"150\" height=\"150\" src=\"https:\/\/www2.uepg.br\/proex\/wp-content\/uploads\/sites\/8\/2022\/08\/WhatsApp-Image-2022-08-03-at-14.33.52-150x150.jpeg\" class=\"attachment-thumbnail size-thumbnail\" alt=\"\" loading=\"lazy\" \/><\/a>\n\t\t\t<\/dt><\/dl><dl class='gallery-item'>\n\t\t\t<dt class='gallery-icon landscape'>\n\t\t\t\t<a href='https:\/\/www2.uepg.br\/proex\/projeto-de-extensao-o-que-voce-estava-vestindo-na-fundacao-oswaldo-cruz-rj\/whatsapp-image-2022-08-03-at-14-47-47\/'><img width=\"150\" height=\"150\" src=\"https:\/\/www2.uepg.br\/proex\/wp-content\/uploads\/sites\/8\/2022\/08\/WhatsApp-Image-2022-08-03-at-14.47.47-150x150.jpeg\" class=\"attachment-thumbnail size-thumbnail\" alt=\"\" loading=\"lazy\" \/><\/a>\n\t\t\t<\/dt><\/dl><br style=\"clear: both\" \/><dl class='gallery-item'>\n\t\t\t<dt class='gallery-icon portrait'>\n\t\t\t\t<a href='https:\/\/www2.uepg.br\/proex\/projeto-de-extensao-o-que-voce-estava-vestindo-na-fundacao-oswaldo-cruz-rj\/whatsapp-image-2022-08-03-at-14-47-47-1\/'><img width=\"150\" height=\"150\" src=\"https:\/\/www2.uepg.br\/proex\/wp-content\/uploads\/sites\/8\/2022\/08\/WhatsApp-Image-2022-08-03-at-14.47.47-1-150x150.jpeg\" class=\"attachment-thumbnail size-thumbnail\" alt=\"\" loading=\"lazy\" \/><\/a>\n\t\t\t<\/dt><\/dl><dl class='gallery-item'>\n\t\t\t<dt class='gallery-icon portrait'>\n\t\t\t\t<a href='https:\/\/www2.uepg.br\/proex\/projeto-de-extensao-o-que-voce-estava-vestindo-na-fundacao-oswaldo-cruz-rj\/whatsapp-image-2022-08-03-at-14-33-53-1\/'><img width=\"150\" height=\"150\" src=\"https:\/\/www2.uepg.br\/proex\/wp-content\/uploads\/sites\/8\/2022\/08\/WhatsApp-Image-2022-08-03-at-14.33.53-1-150x150.jpeg\" class=\"attachment-thumbnail size-thumbnail\" alt=\"\" loading=\"lazy\" \/><\/a>\n\t\t\t<\/dt><\/dl><dl class='gallery-item'>\n\t\t\t<dt class='gallery-icon portrait'>\n\t\t\t\t<a href='https:\/\/www2.uepg.br\/proex\/projeto-de-extensao-o-que-voce-estava-vestindo-na-fundacao-oswaldo-cruz-rj\/whatsapp-image-2022-08-03-at-14-33-54\/'><img width=\"150\" height=\"150\" src=\"https:\/\/www2.uepg.br\/proex\/wp-content\/uploads\/sites\/8\/2022\/08\/WhatsApp-Image-2022-08-03-at-14.33.54-150x150.jpeg\" class=\"attachment-thumbnail size-thumbnail\" alt=\"\" loading=\"lazy\" \/><\/a>\n\t\t\t<\/dt><\/dl><br style=\"clear: both\" \/><dl class='gallery-item'>\n\t\t\t<dt class='gallery-icon portrait'>\n\t\t\t\t<a href='https:\/\/www2.uepg.br\/proex\/projeto-de-extensao-o-que-voce-estava-vestindo-na-fundacao-oswaldo-cruz-rj\/whatsapp-image-2022-08-03-at-14-32-13\/'><img width=\"150\" height=\"150\" src=\"https:\/\/www2.uepg.br\/proex\/wp-content\/uploads\/sites\/8\/2022\/08\/WhatsApp-Image-2022-08-03-at-14.32.13-150x150.jpeg\" class=\"attachment-thumbnail size-thumbnail\" alt=\"\" loading=\"lazy\" \/><\/a>\n\t\t\t<\/dt><\/dl><dl class='gallery-item'>\n\t\t\t<dt class='gallery-icon portrait'>\n\t\t\t\t<a href='https:\/\/www2.uepg.br\/proex\/projeto-de-extensao-o-que-voce-estava-vestindo-na-fundacao-oswaldo-cruz-rj\/whatsapp-image-2022-08-03-at-14-32-50\/'><img width=\"150\" height=\"150\" src=\"https:\/\/www2.uepg.br\/proex\/wp-content\/uploads\/sites\/8\/2022\/08\/WhatsApp-Image-2022-08-03-at-14.32.50-150x150.jpeg\" class=\"attachment-thumbnail size-thumbnail\" alt=\"\" loading=\"lazy\" \/><\/a>\n\t\t\t<\/dt><\/dl><dl class='gallery-item'>\n\t\t\t<dt class='gallery-icon landscape'>\n\t\t\t\t<a href='https:\/\/www2.uepg.br\/proex\/projeto-de-extensao-o-que-voce-estava-vestindo-na-fundacao-oswaldo-cruz-rj\/whatsapp-image-2022-08-03-at-14-33-53\/'><img width=\"150\" height=\"150\" src=\"https:\/\/www2.uepg.br\/proex\/wp-content\/uploads\/sites\/8\/2022\/08\/WhatsApp-Image-2022-08-03-at-14.33.53-150x150.jpeg\" class=\"attachment-thumbnail size-thumbnail\" alt=\"\" loading=\"lazy\" \/><\/a>\n\t\t\t<\/dt><\/dl><br style=\"clear: both\" \/><dl class='gallery-item'>\n\t\t\t<dt class='gallery-icon portrait'>\n\t\t\t\t<a href='https:\/\/www2.uepg.br\/proex\/projeto-de-extensao-o-que-voce-estava-vestindo-na-fundacao-oswaldo-cruz-rj\/whatsapp-image-2022-08-03-at-14-34-29\/'><img width=\"150\" height=\"150\" src=\"https:\/\/www2.uepg.br\/proex\/wp-content\/uploads\/sites\/8\/2022\/08\/WhatsApp-Image-2022-08-03-at-14.34.29-150x150.jpeg\" class=\"attachment-thumbnail size-thumbnail\" alt=\"\" loading=\"lazy\" \/><\/a>\n\t\t\t<\/dt><\/dl><dl class='gallery-item'>\n\t\t\t<dt class='gallery-icon landscape'>\n\t\t\t\t<a href='https:\/\/www2.uepg.br\/proex\/projeto-de-extensao-o-que-voce-estava-vestindo-na-fundacao-oswaldo-cruz-rj\/whatsapp-image-2022-08-03-at-14-34-30\/'><img width=\"150\" height=\"150\" src=\"https:\/\/www2.uepg.br\/proex\/wp-content\/uploads\/sites\/8\/2022\/08\/WhatsApp-Image-2022-08-03-at-14.34.30-150x150.jpeg\" class=\"attachment-thumbnail size-thumbnail\" alt=\"\" loading=\"lazy\" \/><\/a>\n\t\t\t<\/dt><\/dl><dl class='gallery-item'>\n\t\t\t<dt class='gallery-icon landscape'>\n\t\t\t\t<a href='https:\/\/www2.uepg.br\/proex\/projeto-de-extensao-o-que-voce-estava-vestindo-na-fundacao-oswaldo-cruz-rj\/whatsapp-image-2022-08-03-at-14-35-21\/'><img width=\"150\" height=\"150\" src=\"https:\/\/www2.uepg.br\/proex\/wp-content\/uploads\/sites\/8\/2022\/08\/WhatsApp-Image-2022-08-03-at-14.35.21-150x150.jpeg\" class=\"attachment-thumbnail size-thumbnail\" alt=\"\" loading=\"lazy\" \/><\/a>\n\t\t\t<\/dt><\/dl><br style=\"clear: both\" \/><dl class='gallery-item'>\n\t\t\t<dt class='gallery-icon portrait'>\n\t\t\t\t<a href='https:\/\/www2.uepg.br\/proex\/projeto-de-extensao-o-que-voce-estava-vestindo-na-fundacao-oswaldo-cruz-rj\/whatsapp-image-2022-08-03-at-14-49-44\/'><img width=\"150\" height=\"150\" src=\"https:\/\/www2.uepg.br\/proex\/wp-content\/uploads\/sites\/8\/2022\/08\/WhatsApp-Image-2022-08-03-at-14.49.44-150x150.jpeg\" class=\"attachment-thumbnail size-thumbnail\" alt=\"\" loading=\"lazy\" \/><\/a>\n\t\t\t<\/dt><\/dl><dl class='gallery-item'>\n\t\t\t<dt class='gallery-icon landscape'>\n\t\t\t\t<a href='https:\/\/www2.uepg.br\/proex\/projeto-de-extensao-o-que-voce-estava-vestindo-na-fundacao-oswaldo-cruz-rj\/whatsapp-image-2022-08-03-at-14-49-43-1\/'><img width=\"150\" height=\"150\" src=\"https:\/\/www2.uepg.br\/proex\/wp-content\/uploads\/sites\/8\/2022\/08\/WhatsApp-Image-2022-08-03-at-14.49.43-1-150x150.jpeg\" class=\"attachment-thumbnail size-thumbnail\" alt=\"\" loading=\"lazy\" \/><\/a>\n\t\t\t<\/dt><\/dl><dl class='gallery-item'>\n\t\t\t<dt class='gallery-icon landscape'>\n\t\t\t\t<a href='https:\/\/www2.uepg.br\/proex\/projeto-de-extensao-o-que-voce-estava-vestindo-na-fundacao-oswaldo-cruz-rj\/whatsapp-image-2022-08-03-at-14-49-43\/'><img width=\"150\" height=\"150\" src=\"https:\/\/www2.uepg.br\/proex\/wp-content\/uploads\/sites\/8\/2022\/08\/WhatsApp-Image-2022-08-03-at-14.49.43-150x150.jpeg\" class=\"attachment-thumbnail size-thumbnail\" alt=\"\" loading=\"lazy\" \/><\/a>\n\t\t\t<\/dt><\/dl><br style=\"clear: both\" \/>\n\t\t<\/div>\n\n<p>&nbsp;<\/p>\n<p>&nbsp;<\/p>\n","protected":false},"excerpt":{"rendered":"<p>Professoras da UEPG exp\u00f5em projetos de extens\u00e3o na Fiocruz Profa Dra Adriana Rodrigues Suarez Profa Dra Marcela Teixeira Godoy &nbsp; Dois projetos de extens\u00e3o desenvolvidos pela Universidade Estadual de Ponta Grossa (UEPG) receberam um convite do Instituto de Ci\u00eancia e Tecnologia de Biomodelos (ICTB) a serem expostos, nesta semana, na Funda\u00e7\u00e3o Oswaldo Cruz (Fiocruz). Os&nbsp;&hellip;<\/p>\n","protected":false},"author":85,"featured_media":6222,"comment_status":"closed","ping_status":"closed","sticky":false,"template":"","format":"standard","meta":[],"categories":[8],"tags":[],"_links":{"self":[{"href":"https:\/\/www2.uepg.br\/proex\/wp-json\/wp\/v2\/posts\/6211"}],"collection":[{"href":"https:\/\/www2.uepg.br\/proex\/wp-json\/wp\/v2\/posts"}],"about":[{"href":"https:\/\/www2.uepg.br\/proex\/wp-json\/wp\/v2\/types\/post"}],"author":[{"embeddable":true,"href":"https:\/\/www2.uepg.br\/proex\/wp-json\/wp\/v2\/users\/85"}],"replies":[{"embeddable":true,"href":"https:\/\/www2.uepg.br\/proex\/wp-json\/wp\/v2\/comments?post=6211"}],"version-history":[{"count":4,"href":"https:\/\/www2.uepg.br\/proex\/wp-json\/wp\/v2\/posts\/6211\/revisions"}],"predecessor-version":[{"id":6233,"href":"https:\/\/www2.uepg.br\/proex\/wp-json\/wp\/v2\/posts\/6211\/revisions\/6233"}],"wp:featuredmedia":[{"embeddable":true,"href":"https:\/\/www2.uepg.br\/proex\/wp-json\/wp\/v2\/media\/6222"}],"wp:attachment":[{"href":"https:\/\/www2.uepg.br\/proex\/wp-json\/wp\/v2\/media?parent=6211"}],"wp:term":[{"taxonomy":"category","embeddable":true,"href":"https:\/\/www2.uepg.br\/proex\/wp-json\/wp\/v2\/categories?post=6211"},{"taxonomy":"post_tag","embeddable":true,"href":"https:\/\/www2.uepg.br\/proex\/wp-json\/wp\/v2\/tags?post=6211"}],"curies":[{"name":"wp","href":"https:\/\/api.w.org\/{rel}","templated":true}]}}