{"id":6242,"date":"2022-08-05T13:08:35","date_gmt":"2022-08-05T16:08:35","guid":{"rendered":"https:\/\/www2.uepg.br\/proex\/?p=6242"},"modified":"2022-08-05T19:30:19","modified_gmt":"2022-08-05T22:30:19","slug":"roda-de-conversa-sobre-instrumentos-de-gestao-extensionista-curricularizacao","status":"publish","type":"post","link":"https:\/\/www2.uepg.br\/proex\/roda-de-conversa-sobre-instrumentos-de-gestao-extensionista-curricularizacao\/","title":{"rendered":"Roda de Conversa sobre Instrumentos de Gest\u00e3o Extensionista\/Curriculariza\u00e7\u00e3o"},"content":{"rendered":"<p>Durante o 20\u00ba CONEX e 5\u00ba EAEX acontecer\u00e1 a Roda de Conversa sobre Instrumentos de Gest\u00e3o Extensionista\/Curriculariza\u00e7\u00e3o, promovida pela PROEX e PROGRAD.<\/p>\n<p>A Roda de Conversa visa a apresenta\u00e7\u00e3o do banco de dados extensionistas e o mapa de projetos georreferenciados para uso dos cursos em seu planejamento pedag\u00f3gico. Ser\u00e1 um di\u00e1logo onde faremos uma reflex\u00e3o sobre o andamento dos projetos de extens\u00e3o.<\/p>\n<p>A oficina ocorrer\u00e1 no pr\u00e9dio da PROEX, na Pra\u00e7a Marechal Floriano Peixoto, 129, no centro de Ponta Grossa e ser\u00e1 destinada aos chefes de departamento e colegiados.<\/p>\n","protected":false},"excerpt":{"rendered":"<p>Durante o 20\u00ba CONEX e 5\u00ba EAEX acontecer\u00e1 a Roda de Conversa sobre Instrumentos de Gest\u00e3o Extensionista\/Curriculariza\u00e7\u00e3o, promovida pela PROEX e PROGRAD. A Roda de Conversa visa a apresenta\u00e7\u00e3o do banco de dados extensionistas e o mapa de projetos georreferenciados para uso dos cursos em seu planejamento pedag\u00f3gico. Ser\u00e1 um di\u00e1logo onde faremos uma reflex\u00e3o&nbsp;&hellip;<\/p>\n","protected":false},"author":367,"featured_media":6243,"comment_status":"closed","ping_status":"closed","sticky":false,"template":"","format":"standard","meta":[],"categories":[8],"tags":[],"_links":{"self":[{"href":"https:\/\/www2.uepg.br\/proex\/wp-json\/wp\/v2\/posts\/6242"}],"collection":[{"href":"https:\/\/www2.uepg.br\/proex\/wp-json\/wp\/v2\/posts"}],"about":[{"href":"https:\/\/www2.uepg.br\/proex\/wp-json\/wp\/v2\/types\/post"}],"author":[{"embeddable":true,"href":"https:\/\/www2.uepg.br\/proex\/wp-json\/wp\/v2\/users\/367"}],"replies":[{"embeddable":true,"href":"https:\/\/www2.uepg.br\/proex\/wp-json\/wp\/v2\/comments?post=6242"}],"version-history":[{"count":3,"href":"https:\/\/www2.uepg.br\/proex\/wp-json\/wp\/v2\/posts\/6242\/revisions"}],"predecessor-version":[{"id":6254,"href":"https:\/\/www2.uepg.br\/proex\/wp-json\/wp\/v2\/posts\/6242\/revisions\/6254"}],"wp:featuredmedia":[{"embeddable":true,"href":"https:\/\/www2.uepg.br\/proex\/wp-json\/wp\/v2\/media\/6243"}],"wp:attachment":[{"href":"https:\/\/www2.uepg.br\/proex\/wp-json\/wp\/v2\/media?parent=6242"}],"wp:term":[{"taxonomy":"category","embeddable":true,"href":"https:\/\/www2.uepg.br\/proex\/wp-json\/wp\/v2\/categories?post=6242"},{"taxonomy":"post_tag","embeddable":true,"href":"https:\/\/www2.uepg.br\/proex\/wp-json\/wp\/v2\/tags?post=6242"}],"curies":[{"name":"wp","href":"https:\/\/api.w.org\/{rel}","templated":true}]}}