{"id":6728,"date":"2022-10-31T16:55:01","date_gmt":"2022-10-31T19:55:01","guid":{"rendered":"https:\/\/www2.uepg.br\/proex\/?p=6728"},"modified":"2022-10-31T16:56:05","modified_gmt":"2022-10-31T19:56:05","slug":"iesol-expande-o-alcance-da-economia-solidaria-em-acoes-e-eventos","status":"publish","type":"post","link":"https:\/\/www2.uepg.br\/proex\/iesol-expande-o-alcance-da-economia-solidaria-em-acoes-e-eventos\/","title":{"rendered":"IESOL expande o alcance da economia solid\u00e1ria em a\u00e7\u00f5es e eventos"},"content":{"rendered":"<p><a href=\"https:\/\/www2.uepg.br\/proex\/wp-content\/uploads\/sites\/8\/2022\/10\/iesol.png\"><img loading=\"lazy\" class=\"alignnone wp-image-6729\" src=\"https:\/\/www2.uepg.br\/proex\/wp-content\/uploads\/sites\/8\/2022\/10\/iesol-300x145.png\" alt=\"\" width=\"360\" height=\"174\" srcset=\"https:\/\/www2.uepg.br\/proex\/wp-content\/uploads\/sites\/8\/2022\/10\/iesol-300x145.png 300w, https:\/\/www2.uepg.br\/proex\/wp-content\/uploads\/sites\/8\/2022\/10\/iesol-1024x495.png 1024w, https:\/\/www2.uepg.br\/proex\/wp-content\/uploads\/sites\/8\/2022\/10\/iesol-768x371.png 768w, https:\/\/www2.uepg.br\/proex\/wp-content\/uploads\/sites\/8\/2022\/10\/iesol-1232x595.png 1232w, https:\/\/www2.uepg.br\/proex\/wp-content\/uploads\/sites\/8\/2022\/10\/iesol.png 1292w\" sizes=\"(max-width: 360px) 100vw, 360px\" \/><\/a><\/p>\n<p>De 24 a 27 de outubro a Incubadora de Empreendimentos Solid\u00e1rios da Universidade Estadual de Ponta Grossa (IESOL\/UEPG) participou do Congresso Internacional de Administra\u00e7\u00e3o (ADM 2022) e da 19\u00aa Semana Nacional de Ci\u00eancia e Tecnologia. Entre os t\u00f3picos abordados nos dois eventos, est\u00e3o cooperativismo, autogest\u00e3o, atua\u00e7\u00e3o na academia e uso de tecnologia e inova\u00e7\u00e3o dentro da pesquisa e extens\u00e3o.<\/p>\n<p>No ADM22, a incubadora proporcionou o minicurso on-line \u201cEconomia Solid\u00e1ria: Cooperativismo &amp; Autogest\u00e3o em Debate\u201d (24\/10) e a palestra \u201cEconomia Solid\u00e1ria e a IESOL\/ UEPG: Possibilidades de Ensino e Extens\u00e3o\u201d (27\/10). J\u00e1 na Semana de Ci\u00eancia e Tecnologia, o professor extensionista Luiz Alexandre Gon\u00e7alves Cunha, representou a IESOL na mesa redonda \u201cTecnologia e Inova\u00e7\u00e3o na pr\u00e1tica extensionista\u201d (24\/10).<\/p>\n<p>Emily Sartori, da equipe da IESOL que ministrou o minicurso no ADM 2022, comenta que a intera\u00e7\u00e3o com os ouvintes favorece um di\u00e1logo entre \u00e1reas acad\u00eamicas diferentes. \u201dTorna-se uma troca de conhecimento onde partimos do ponto \u201cO que a administra\u00e7\u00e3o pode somar para a Economia Solidaria e o que esta pode trazer de positivo para a administra\u00e7\u00e3o?\u201d.<\/p>\n<p>Para Sartori, o cen\u00e1rio atual n\u00e3o poderia ser mais propicio para esse di\u00e1logo. \u201cO contexto de m\u00faltiplas crises em que vivemos necessita de um novo olhar para seu enfrentamento. Escolher o caminho da Economia Solid\u00e1ria \u00e9 tamb\u00e9m buscar a igualdade, a coopera\u00e7\u00e3o e a emancipa\u00e7\u00e3o dos sujeitos\u201d.<\/p>\n<p>O extensionista Luiz Alexandre Gon\u00e7alves Cunha, que participou da 19\u00aa Semana da Ci\u00eancia e Tecnologia, afirma que a proposta da IESOL \u00e9 vital para a necessidade atual de integra\u00e7\u00e3o entre economia, tecnologia e acessibilidade digital. \u201cA economia solid\u00e1ria prop\u00f5e a democratiza\u00e7\u00e3o da tecnologia no sentido que o conhecimento acumulado nas universidades possa ser levado \u00e0s comunidades, mas num processo de di\u00e1logo e de respeito com o saber popular e as necessidades da produ\u00e7\u00e3o popular.<\/p>\n<p>Para o professor Luiz Fernando Lara, representante da IESOL no ADM, a incubadora possui um papel de destaque quando se trata de desenvolvimento solid\u00e1rio na regi\u00e3o, algo conseguido atrav\u00e9s do pioneirismo de sua proposta e experi\u00eancia adquirida nessa trajet\u00f3ria de 17 anos. \u201cAgora que os diversos cursos da UEPG est\u00e3o implantando a Curriculariza\u00e7\u00e3o da Extens\u00e3o junto aos Projetos Pol\u00edticos de Curso (PPCs), a IESOL tem que esclarecer o seu \u00e2mbito de atua\u00e7\u00e3o, bem como o papel que desempenha junto aos \u00f3rg\u00e3os da administra\u00e7\u00e3o p\u00fablica (em suas tr\u00eas esferas)\u201d.<\/p>\n<p>Manuela Salau Brasil, coordenadora t\u00e9cnica que atuou como facilitadora no ADM 2022, salienta que os convites da PROEX (19\u00aa Semana de Ci\u00eancia e Tecnologia) e do Departamento de Administra\u00e7\u00e3o (ADM 2022) para a participa\u00e7\u00e3o da incubadora comprovam o respeito da UEPG pelo trabalho desenvolvido dentro da IESOL. \u201c\u00c9 com muita alegria que recebemos esses convites de dentro da institui\u00e7\u00e3o. S\u00e3o grandes oportunidades para divulgar os princ\u00edpios da economia solid\u00e1ria e assim fazer com que mais pessoas compreendam, se interessem e se juntem a nossa atua\u00e7\u00e3o por esses princ\u00edpios\u201d, comenta Brasil.<\/p>\n<p>Como programa de extens\u00e3o, a IESOL atua na incuba\u00e7\u00e3o de projetos solid\u00e1rios desde 2005, tendo mais de 27 empreendimentos auxiliados. A pr\u00f3xima participa\u00e7\u00e3o da incubadora ser\u00e1 no 40\u00ba SEURS- Semin\u00e1rio de Extens\u00e3o Universit\u00e1rio da Regi\u00e3o Sul com a apresenta\u00e7\u00e3o do trabalho \u201cEspa\u00e7os formativos para al\u00e9m da Universidade: O alcance de p\u00fablicos diversos por meio de extens\u00e3o na IESOL\/UEPG\u201d.<\/p>\n<p>Texto: <em>Yuri A.F. Marcinik\/acad\u00eamico de Jornalismo\/estagi\u00e1rio na IESOL<\/em><\/p>\n","protected":false},"excerpt":{"rendered":"<p>De 24 a 27 de outubro a Incubadora de Empreendimentos Solid\u00e1rios da Universidade Estadual de Ponta Grossa (IESOL\/UEPG) participou do Congresso Internacional de Administra\u00e7\u00e3o (ADM 2022) e da 19\u00aa Semana Nacional de Ci\u00eancia e Tecnologia. Entre os t\u00f3picos abordados nos dois eventos, est\u00e3o cooperativismo, autogest\u00e3o, atua\u00e7\u00e3o na academia e uso de tecnologia e inova\u00e7\u00e3o dentro&nbsp;&hellip;<\/p>\n","protected":false},"author":590,"featured_media":6729,"comment_status":"closed","ping_status":"closed","sticky":false,"template":"","format":"standard","meta":[],"categories":[8],"tags":[],"_links":{"self":[{"href":"https:\/\/www2.uepg.br\/proex\/wp-json\/wp\/v2\/posts\/6728"}],"collection":[{"href":"https:\/\/www2.uepg.br\/proex\/wp-json\/wp\/v2\/posts"}],"about":[{"href":"https:\/\/www2.uepg.br\/proex\/wp-json\/wp\/v2\/types\/post"}],"author":[{"embeddable":true,"href":"https:\/\/www2.uepg.br\/proex\/wp-json\/wp\/v2\/users\/590"}],"replies":[{"embeddable":true,"href":"https:\/\/www2.uepg.br\/proex\/wp-json\/wp\/v2\/comments?post=6728"}],"version-history":[{"count":1,"href":"https:\/\/www2.uepg.br\/proex\/wp-json\/wp\/v2\/posts\/6728\/revisions"}],"predecessor-version":[{"id":6730,"href":"https:\/\/www2.uepg.br\/proex\/wp-json\/wp\/v2\/posts\/6728\/revisions\/6730"}],"wp:featuredmedia":[{"embeddable":true,"href":"https:\/\/www2.uepg.br\/proex\/wp-json\/wp\/v2\/media\/6729"}],"wp:attachment":[{"href":"https:\/\/www2.uepg.br\/proex\/wp-json\/wp\/v2\/media?parent=6728"}],"wp:term":[{"taxonomy":"category","embeddable":true,"href":"https:\/\/www2.uepg.br\/proex\/wp-json\/wp\/v2\/categories?post=6728"},{"taxonomy":"post_tag","embeddable":true,"href":"https:\/\/www2.uepg.br\/proex\/wp-json\/wp\/v2\/tags?post=6728"}],"curies":[{"name":"wp","href":"https:\/\/api.w.org\/{rel}","templated":true}]}}