{"id":6894,"date":"2022-12-08T16:52:36","date_gmt":"2022-12-08T19:52:36","guid":{"rendered":"https:\/\/www2.uepg.br\/proex\/?p=6894"},"modified":"2022-12-08T16:52:36","modified_gmt":"2022-12-08T19:52:36","slug":"grupo-de-teatro-cientifico-da-uepg-se-apresenta-em-evento-da-acipg","status":"publish","type":"post","link":"https:\/\/www2.uepg.br\/proex\/grupo-de-teatro-cientifico-da-uepg-se-apresenta-em-evento-da-acipg\/","title":{"rendered":"Grupo de Teatro Cient\u00edfico da UEPG se apresenta em evento da ACIPG"},"content":{"rendered":"<p>Nesta sexta-feira (9), o Grupo de Teatro Cient\u00edfico da Universidade Estadual de Ponta Grossa (GTC \u2013 UEPG) vai apresentar a pe\u00e7a \u2018Cora\u00e7\u00e3o em Chagas\u2019, na Associa\u00e7\u00e3o Comercial e Industrial de Ponta Grossa (ACIPG). Um trecho da hist\u00f3ria ser\u00e1 encenado na abertura da palestra \u2018Metaverso \u2013 Como gerar oportunidades e neg\u00f3cios na Web 3\u2019, com Fernando Godoy.<\/p>\n<p>O evento \u00e9 voltado ao p\u00fablico empresarial e estudantil, interessado em aprender sobre o metaverso, uma nova m\u00eddia social, extremamente interativa e inovadora.\u00a0O convite partiu da pr\u00f3pria ACIPG para valorizar a cultura local e pelo tema da pe\u00e7a estar alinhado ao empreendedorismo. \u201cUma pe\u00e7a preparada no ambiente universit\u00e1rio se conecta ainda mais com nosso prop\u00f3sito, afinal, nosso combust\u00edvel de inova\u00e7\u00e3o vem da academia\u201d, comenta Andr\u00e9 Paix\u00e3o, representante da ACIPG. \u201cEstamos tratando de um tema extremamente novo que \u00e9 o Metaverso, uma nova m\u00eddia social com uma experi\u00eancia de usu\u00e1rio ainda maior do que nas outras m\u00eddias, tema que tem tudo a ver com o meio universit\u00e1rio\u201d.<\/p>\n<p>Para ele, existe uma rela\u00e7\u00e3o entre os temas da pe\u00e7a e da palestra, \u201cpela iniciativa de Carlos Chagas que \u00e9 evidenciada pela pe\u00e7a. Embora o conhe\u00e7amos como cientista, na verdade ele foi um grande empreendedor\u201d, conta. \u201cE para complementar, a hist\u00f3ria mexe com cora\u00e7\u00e3o, ou seja, com as emo\u00e7\u00f5es e o prop\u00f3sito de vida de todo empreendedor\u201d.<\/p>\n<p>O Grupo de Teatro Cient\u00edfico \u00e9 um projeto de extens\u00e3o que produz pe\u00e7as de teatro que t\u00eam como tema principal a ci\u00eancia. Os assuntos s\u00e3o abordados de forma a transpor o discurso cient\u00edfico para uma linguagem leve e de f\u00e1cil compreens\u00e3o. Para isso, s\u00e3o usados recursos e t\u00e9cnicas das artes c\u00eanicas, como di\u00e1logos, hist\u00f3rias e encena\u00e7\u00e3o de fatos hist\u00f3ricos, em uma apresenta\u00e7\u00e3o bem diferente do modelo usado em sala de aula.<\/p>\n<p><img loading=\"lazy\" class=\"aligncenter size-full wp-image-41321 lazyloaded\" src=\"https:\/\/www.uepg.br\/wp-content\/uploads\/2022\/12\/convidada-Coracao-em-Chagas-Cristina-Gresele.jpg\" alt=\"\" width=\"1773\" height=\"1182\" data-srcset=\"https:\/\/www.uepg.br\/wp-content\/uploads\/2022\/12\/convidada-Coracao-em-Chagas-Cristina-Gresele.jpg 1773w, https:\/\/www.uepg.br\/wp-content\/uploads\/2022\/12\/convidada-Coracao-em-Chagas-Cristina-Gresele-300x200.jpg 300w, https:\/\/www.uepg.br\/wp-content\/uploads\/2022\/12\/convidada-Coracao-em-Chagas-Cristina-Gresele-1024x683.jpg 1024w, https:\/\/www.uepg.br\/wp-content\/uploads\/2022\/12\/convidada-Coracao-em-Chagas-Cristina-Gresele-768x512.jpg 768w, https:\/\/www.uepg.br\/wp-content\/uploads\/2022\/12\/convidada-Coracao-em-Chagas-Cristina-Gresele-1536x1024.jpg 1536w, https:\/\/www.uepg.br\/wp-content\/uploads\/2022\/12\/convidada-Coracao-em-Chagas-Cristina-Gresele-1232x821.jpg 1232w, https:\/\/www.uepg.br\/wp-content\/uploads\/2022\/12\/convidada-Coracao-em-Chagas-Cristina-Gresele-1620x1080.jpg 1620w, https:\/\/www.uepg.br\/wp-content\/uploads\/2022\/12\/convidada-Coracao-em-Chagas-Cristina-Gresele-272x182.jpg 272w\" data-src=\"https:\/\/www.uepg.br\/wp-content\/uploads\/2022\/12\/convidada-Coracao-em-Chagas-Cristina-Gresele.jpg\" data-sizes=\"(max-width: 1773px) 100vw, 1773px\" \/><\/p>\n<p>\u2018Cora\u00e7\u00e3o em Chagas\u2019 \u00e9 inspirada na hist\u00f3ria da Doen\u00e7a de Chagas. Traz um olhar hist\u00f3rico, art\u00edstico, cient\u00edfico e, acima de tudo, humano, de um cientista e suas descobertas. No grupo h\u00e1 professores e estudantes dos departamentos de Qu\u00edmica, Matem\u00e1tica, Biologia e Artes Visuais, al\u00e9m de pessoas da comunidade externa e artistas profissionais que amam o teatro e o conhecimento. \u201cO palco torna o processo de divulga\u00e7\u00e3o cient\u00edfica mais motivador e interessante, al\u00e9m de abrir oportunidade para falar sobre ci\u00eancia a um p\u00fablico diferente\u201d, explica o Grupo.<\/p>\n<p>\u201cA ideia dessa parceria com a ACIPG \u00e9 unir for\u00e7as e levar conhecimento de diferentes formas. Teremos um palestrante internacional renomado trocando informa\u00e7\u00f5es sobre sua \u00e1rea de experi\u00eancia e teremos a oportunidade de fazer a abertura, tamb\u00e9m falando sobre produ\u00e7\u00e3o de conhecimento e resolu\u00e7\u00e3o de problemas\u201d, refor\u00e7a Leila Freire, atriz e coordenadora do projeto de extens\u00e3o Teatro Cient\u00edfico. Leila tamb\u00e9m \u00e9 chefe da Divis\u00e3o de Arte e Cultura (DAC) e atua como professora do curso de Qu\u00edmica da UEPG.<\/p>\n<p><img loading=\"lazy\" class=\"aligncenter size-full wp-image-41329 lazyloaded\" src=\"https:\/\/www.uepg.br\/wp-content\/uploads\/2022\/12\/coracao-em-chagas-amanda-santos-4-scaled.jpg\" alt=\"\" width=\"1920\" height=\"1280\" data-srcset=\"https:\/\/www.uepg.br\/wp-content\/uploads\/2022\/12\/coracao-em-chagas-amanda-santos-4-scaled.jpg 1920w, https:\/\/www.uepg.br\/wp-content\/uploads\/2022\/12\/coracao-em-chagas-amanda-santos-4-300x200.jpg 300w, https:\/\/www.uepg.br\/wp-content\/uploads\/2022\/12\/coracao-em-chagas-amanda-santos-4-1024x683.jpg 1024w, https:\/\/www.uepg.br\/wp-content\/uploads\/2022\/12\/coracao-em-chagas-amanda-santos-4-768x512.jpg 768w, https:\/\/www.uepg.br\/wp-content\/uploads\/2022\/12\/coracao-em-chagas-amanda-santos-4-1536x1024.jpg 1536w, https:\/\/www.uepg.br\/wp-content\/uploads\/2022\/12\/coracao-em-chagas-amanda-santos-4-2048x1365.jpg 2048w, https:\/\/www.uepg.br\/wp-content\/uploads\/2022\/12\/coracao-em-chagas-amanda-santos-4-1232x821.jpg 1232w, https:\/\/www.uepg.br\/wp-content\/uploads\/2022\/12\/coracao-em-chagas-amanda-santos-4-1620x1080.jpg 1620w, https:\/\/www.uepg.br\/wp-content\/uploads\/2022\/12\/coracao-em-chagas-amanda-santos-4-272x182.jpg 272w\" data-src=\"https:\/\/www.uepg.br\/wp-content\/uploads\/2022\/12\/coracao-em-chagas-amanda-santos-4-scaled.jpg\" data-sizes=\"(max-width: 1920px) 100vw, 1920px\" \/><\/p>\n<p><b>Servi\u00e7o<\/b><\/p>\n<p>Palestra \u2018Metaverso \u2013 Como gerar oportunidades e neg\u00f3cios na Web 3\u2019<\/p>\n<p>Abertura: \u2018Cora\u00e7\u00e3o em Chagas\u2019 do Grupo de Teatro Cient\u00edfico da UEPG<\/p>\n<p>Data: 9 de dezembro de 2022<\/p>\n<p>Hor\u00e1rio: das 19h \u00e0s 21h<\/p>\n<p>Local: ACIPG \u2013 Av. Visconde de Taunay, 1855<\/p>\n<p>Inscri\u00e7\u00e3o Gratuita (mediante doa\u00e7\u00e3o de 2 kg de alimento)<\/p>\n<p>Mais informa\u00e7\u00f5es\u00a0<a role=\"link\" href=\"https:\/\/www.ainovacaomoraaqui.com.br\/\">aqui<\/a>.<\/p>\n<p><img loading=\"lazy\" class=\"aligncenter size-full wp-image-41340 lazyloaded\" src=\"https:\/\/www.uepg.br\/wp-content\/uploads\/2022\/12\/CONHECIMENTO-EM-DOBRO-1.jpg\" alt=\"\" width=\"1080\" height=\"1080\" data-srcset=\"https:\/\/www.uepg.br\/wp-content\/uploads\/2022\/12\/CONHECIMENTO-EM-DOBRO-1.jpg 1080w, https:\/\/www.uepg.br\/wp-content\/uploads\/2022\/12\/CONHECIMENTO-EM-DOBRO-1-300x300.jpg 300w, https:\/\/www.uepg.br\/wp-content\/uploads\/2022\/12\/CONHECIMENTO-EM-DOBRO-1-1024x1024.jpg 1024w, https:\/\/www.uepg.br\/wp-content\/uploads\/2022\/12\/CONHECIMENTO-EM-DOBRO-1-150x150.jpg 150w, https:\/\/www.uepg.br\/wp-content\/uploads\/2022\/12\/CONHECIMENTO-EM-DOBRO-1-768x768.jpg 768w\" data-src=\"https:\/\/www.uepg.br\/wp-content\/uploads\/2022\/12\/CONHECIMENTO-EM-DOBRO-1.jpg\" data-sizes=\"(max-width: 1080px) 100vw, 1080px\" \/><\/p>\n<p>Texto: Sandrah Souza Guimar\u00e3es\/CCOM | Fotos: Cristina Gresele e Amanda Santos<\/p>\n","protected":false},"excerpt":{"rendered":"<p>Nesta sexta-feira (9), o Grupo de Teatro Cient\u00edfico da Universidade Estadual de Ponta Grossa (GTC \u2013 UEPG) vai apresentar a pe\u00e7a \u2018Cora\u00e7\u00e3o em Chagas\u2019, na Associa\u00e7\u00e3o Comercial e Industrial de Ponta Grossa (ACIPG). Um trecho da hist\u00f3ria ser\u00e1 encenado na abertura da palestra \u2018Metaverso \u2013 Como gerar oportunidades e neg\u00f3cios na Web 3\u2019, com Fernando&nbsp;&hellip;<\/p>\n","protected":false},"author":590,"featured_media":6895,"comment_status":"closed","ping_status":"closed","sticky":false,"template":"","format":"standard","meta":[],"categories":[8],"tags":[],"_links":{"self":[{"href":"https:\/\/www2.uepg.br\/proex\/wp-json\/wp\/v2\/posts\/6894"}],"collection":[{"href":"https:\/\/www2.uepg.br\/proex\/wp-json\/wp\/v2\/posts"}],"about":[{"href":"https:\/\/www2.uepg.br\/proex\/wp-json\/wp\/v2\/types\/post"}],"author":[{"embeddable":true,"href":"https:\/\/www2.uepg.br\/proex\/wp-json\/wp\/v2\/users\/590"}],"replies":[{"embeddable":true,"href":"https:\/\/www2.uepg.br\/proex\/wp-json\/wp\/v2\/comments?post=6894"}],"version-history":[{"count":1,"href":"https:\/\/www2.uepg.br\/proex\/wp-json\/wp\/v2\/posts\/6894\/revisions"}],"predecessor-version":[{"id":6896,"href":"https:\/\/www2.uepg.br\/proex\/wp-json\/wp\/v2\/posts\/6894\/revisions\/6896"}],"wp:featuredmedia":[{"embeddable":true,"href":"https:\/\/www2.uepg.br\/proex\/wp-json\/wp\/v2\/media\/6895"}],"wp:attachment":[{"href":"https:\/\/www2.uepg.br\/proex\/wp-json\/wp\/v2\/media?parent=6894"}],"wp:term":[{"taxonomy":"category","embeddable":true,"href":"https:\/\/www2.uepg.br\/proex\/wp-json\/wp\/v2\/categories?post=6894"},{"taxonomy":"post_tag","embeddable":true,"href":"https:\/\/www2.uepg.br\/proex\/wp-json\/wp\/v2\/tags?post=6894"}],"curies":[{"name":"wp","href":"https:\/\/api.w.org\/{rel}","templated":true}]}}