{"id":7222,"date":"2023-02-24T17:48:44","date_gmt":"2023-02-24T20:48:44","guid":{"rendered":"https:\/\/www2.uepg.br\/proex\/?p=7222"},"modified":"2023-03-01T12:07:35","modified_gmt":"2023-03-01T15:07:35","slug":"proex-apoia-realizacao-da-caminhada-internacional-de-natureza","status":"publish","type":"post","link":"https:\/\/www2.uepg.br\/proex\/proex-apoia-realizacao-da-caminhada-internacional-de-natureza\/","title":{"rendered":"Proex apoia realiza\u00e7\u00e3o da Caminhada Internacional na Natureza"},"content":{"rendered":"<p>A Pr\u00f3-Reitoria de Extens\u00e3o e Assuntos Culturais (Proex), da Universidade Estadual de Ponta Grossa (UEPG), \u00e9 parceira da Secretaria Municipal de Turismo (SETUR) de Ponta Grossa, na realiza\u00e7\u00e3o da Caminhada Internacional na Natureza. O evento programado para 5 de mar\u00e7o ter\u00e1 como ponto de partida o Centro Rural de Treinamento e A\u00e7\u00e3o Comunit\u00e1ria (CRUTAC), sede do primeiro programa extensionista da UEPG, institu\u00eddo h\u00e1 50 anos, no Distrito de Itaiacoca.<\/p>\n<p><a href=\"https:\/\/www2.uepg.br\/proex\/wp-content\/uploads\/sites\/8\/2023\/02\/WhatsApp-Image-2023-02-06-at-15.17.49-1-1536x864-1.jpeg\"><img loading=\"lazy\" class=\"wp-image-7224 alignleft\" src=\"https:\/\/www2.uepg.br\/proex\/wp-content\/uploads\/sites\/8\/2023\/02\/WhatsApp-Image-2023-02-06-at-15.17.49-1-1536x864-1-300x169.jpeg\" alt=\"\" width=\"451\" height=\"254\" srcset=\"https:\/\/www2.uepg.br\/proex\/wp-content\/uploads\/sites\/8\/2023\/02\/WhatsApp-Image-2023-02-06-at-15.17.49-1-1536x864-1-300x169.jpeg 300w, https:\/\/www2.uepg.br\/proex\/wp-content\/uploads\/sites\/8\/2023\/02\/WhatsApp-Image-2023-02-06-at-15.17.49-1-1536x864-1-1024x576.jpeg 1024w, https:\/\/www2.uepg.br\/proex\/wp-content\/uploads\/sites\/8\/2023\/02\/WhatsApp-Image-2023-02-06-at-15.17.49-1-1536x864-1-768x432.jpeg 768w, https:\/\/www2.uepg.br\/proex\/wp-content\/uploads\/sites\/8\/2023\/02\/WhatsApp-Image-2023-02-06-at-15.17.49-1-1536x864-1-1232x693.jpeg 1232w, https:\/\/www2.uepg.br\/proex\/wp-content\/uploads\/sites\/8\/2023\/02\/WhatsApp-Image-2023-02-06-at-15.17.49-1-1536x864-1.jpeg 1536w\" sizes=\"(max-width: 451px) 100vw, 451px\" \/><\/a>A Caminhada Internacional na Natureza integra as comemora\u00e7\u00f5es do bicenten\u00e1rio de Ponta Grossa, percorrendo as estradas rurais do Distrito de Itaiacoca. Ser\u00e3o duas op\u00e7\u00f5es de percurso; um de 6 quil\u00f4metros e outro de 12 quil\u00f4metros, com largadas \u00e0s 8h, 9h e 10h. O encerramento est\u00e1 previsto para as 16 horas. As inscri\u00e7\u00f5es para a atividade est\u00e3o encerradas, segundo a SETUR, com o registro de mais de mil participantes.<\/p>\n<p>Antes da largada, os inscritos v\u00e3o receber orienta\u00e7\u00f5es e fazer exerc\u00edcio de alongamento. O trajeto por estradas e trilhas rurais ser\u00e1 identificado com pontos de apoio para dar suporte aos participantes, com atendimento m\u00e9dico, \u00e1gua e banheiros qu\u00edmicos. Os participantes poder\u00e3o aproveitar ainda um caf\u00e9 colonial, no valor de R$ 30; e o almo\u00e7o rural, ao meio dia, ao pre\u00e7o de R$ 40, ambos preparados pela comunidade local.<\/p>\n<p>A Caminhada Internacional na Natureza acontece todo ano em mais de 50 pa\u00edses, com o objetivo \u00e9 incentivar a pr\u00e1tica de atividades f\u00edsicas. Em Ponta Grossa abre espa\u00e7o tamb\u00e9m para a divulga\u00e7\u00e3o dos atrativos tur\u00edsticos da \u00e1rea rural do munic\u00edpio. A pr\u00f3-reitora de Extens\u00e3o, Maria Salete Marcondes Vaz, destaca a parceria da UEPG com a SETUR, \u201ccomo forma de integra\u00e7\u00e3o entre a institui\u00e7\u00e3o e o governo municipal, no desenvolvimento conjunto de atividades de promo\u00e7\u00e3o \u00e0 sa\u00fade e melhoria da qualidade de vida f\u00edsica e mental dos ponta-grossenses\u201d.<\/p>\n<p>Com apoio log\u00edstico da Proex\/UEPG, o evento tem a parceria do Instituto de Desenvolvimento Rural do Paran\u00e1 (IDR-PR) e envolve as secretarias municiais de Cultura, da Sa\u00fade, do Meio Ambiente, de Esportes, da Agricultura, Pecu\u00e1ria e Abastecimento, de Servi\u00e7os P\u00fablicos e de Ind\u00fastria, Com\u00e9rcio e Qualifica\u00e7\u00e3o Profissional. Registra ainda a participa\u00e7\u00e3o da comunidade de Itaiacoca, Ex\u00e9rcito Brasileiro, Anda Brasil, site Ecoboooking, Sicredi, Faculdade Santana, \u00c1gua Royal Fit e \u00c1guia Florestal.<\/p>\n<p>Sobre o CRUTAC<\/p>\n<p><a href=\"https:\/\/www2.uepg.br\/proex\/wp-content\/uploads\/sites\/8\/2023\/02\/29133092_1618454191571982_2155371123510870016_n.jpg\"><img loading=\"lazy\" class=\"alignnone wp-image-7225\" src=\"https:\/\/www2.uepg.br\/proex\/wp-content\/uploads\/sites\/8\/2023\/02\/29133092_1618454191571982_2155371123510870016_n-300x141.jpg\" alt=\"\" width=\"464\" height=\"218\" srcset=\"https:\/\/www2.uepg.br\/proex\/wp-content\/uploads\/sites\/8\/2023\/02\/29133092_1618454191571982_2155371123510870016_n-300x141.jpg 300w, https:\/\/www2.uepg.br\/proex\/wp-content\/uploads\/sites\/8\/2023\/02\/29133092_1618454191571982_2155371123510870016_n-768x362.jpg 768w, https:\/\/www2.uepg.br\/proex\/wp-content\/uploads\/sites\/8\/2023\/02\/29133092_1618454191571982_2155371123510870016_n.jpg 878w\" sizes=\"(max-width: 464px) 100vw, 464px\" \/><\/a> <a href=\"https:\/\/www2.uepg.br\/proex\/wp-content\/uploads\/sites\/8\/2023\/02\/10923705_773015482782528_4279859197493645793_o.jpg\"><img loading=\"lazy\" class=\"alignnone wp-image-7226\" src=\"https:\/\/www2.uepg.br\/proex\/wp-content\/uploads\/sites\/8\/2023\/02\/10923705_773015482782528_4279859197493645793_o-300x198.jpg\" alt=\"\" width=\"329\" height=\"217\" srcset=\"https:\/\/www2.uepg.br\/proex\/wp-content\/uploads\/sites\/8\/2023\/02\/10923705_773015482782528_4279859197493645793_o-300x198.jpg 300w, https:\/\/www2.uepg.br\/proex\/wp-content\/uploads\/sites\/8\/2023\/02\/10923705_773015482782528_4279859197493645793_o-1024x676.jpg 1024w, https:\/\/www2.uepg.br\/proex\/wp-content\/uploads\/sites\/8\/2023\/02\/10923705_773015482782528_4279859197493645793_o-768x507.jpg 768w, https:\/\/www2.uepg.br\/proex\/wp-content\/uploads\/sites\/8\/2023\/02\/10923705_773015482782528_4279859197493645793_o-1536x1014.jpg 1536w, https:\/\/www2.uepg.br\/proex\/wp-content\/uploads\/sites\/8\/2023\/02\/10923705_773015482782528_4279859197493645793_o-1232x813.jpg 1232w, https:\/\/www2.uepg.br\/proex\/wp-content\/uploads\/sites\/8\/2023\/02\/10923705_773015482782528_4279859197493645793_o-1636x1080.jpg 1636w, https:\/\/www2.uepg.br\/proex\/wp-content\/uploads\/sites\/8\/2023\/02\/10923705_773015482782528_4279859197493645793_o.jpg 1683w\" sizes=\"(max-width: 329px) 100vw, 329px\" \/><\/a><\/p>\n<p>Como experi\u00eancia de extens\u00e3o universit\u00e1ria, o Centro Rural de Treinamento e A\u00e7\u00e3o Comunit\u00e1ria (CRUTAC) surgiu na Universidade Federal do Rio Grande do Norte, em 1966. A exist\u00eancia desses centros tinha como objeto a reformula\u00e7\u00e3o do ensino universit\u00e1rio determinado pela Lei N\u00ba 5.540 de 1968, que tornou obrigat\u00f3rio o desenvolvimento de programas de extens\u00e3o nas institui\u00e7\u00f5es de ensino superior. At\u00e9 meados da d\u00e9cada de 70, a experi\u00eancia alcan\u00e7ou 22 universidades espalhadas pelo pa\u00eds. Entre elas a UEPG, cujo CRUTAC \u00e9 o \u00fanico remanescente.<\/p>\n<p>O CRUTAC da UEPG foi criado em 30 de maio de 1974, na gest\u00e3o do primeiro reitor da institui\u00e7\u00e3o, Alvaro Augusto Cunha Rocha. Em 6 de fevereiro de 1975, foi assinada reitor Odeni Villaca Mongruel, a portaria que designou a comiss\u00e3o para implanta\u00e7\u00e3o do programa, sob a presid\u00eancia do professor Alvaro Rocha. Ap\u00f3s diagn\u00f3stico socioecon\u00f4mico, foi escolhida a localidade de Cerrado Grande, Distrito de Itaiacoca, para a constru\u00e7\u00e3o das instala\u00e7\u00f5es onde a universidade desenvolve a\u00e7\u00f5es at\u00e9 hoje. As atividades se iniciaram em 1976.<\/p>\n<p>No CRUTAC s\u00e3o atendidos moradores do local e microrregi\u00f5es circunvizinhas como Passo do Pupo, Mato Queimado, Ro\u00e7a Velha, Carazinho, Sete Saltos, Barra Preta, Biscaia e Pocinhos. Entre os servi\u00e7os oferecidos na \u00e1rea da sa\u00fade, destacam-se as consultas m\u00e9dicas, exames laboratoriais, dispensa\u00e7\u00e3o de medicamentos e orienta\u00e7\u00e3o sobre o uso de forma correta, tratamento odontol\u00f3gico e outros cuidados como vacinas, puericultura, acompanhamento de gestantes e pacientes com doen\u00e7as cr\u00f4nicas.<\/p>\n<p><a href=\"https:\/\/www2.uepg.br\/proex\/wp-content\/uploads\/sites\/8\/2023\/02\/05.jpg\"><img loading=\"lazy\" class=\"wp-image-7227 aligncenter\" src=\"https:\/\/www2.uepg.br\/proex\/wp-content\/uploads\/sites\/8\/2023\/02\/05-300x195.jpg\" alt=\"\" width=\"696\" height=\"452\" srcset=\"https:\/\/www2.uepg.br\/proex\/wp-content\/uploads\/sites\/8\/2023\/02\/05-300x195.jpg 300w, https:\/\/www2.uepg.br\/proex\/wp-content\/uploads\/sites\/8\/2023\/02\/05-1024x666.jpg 1024w, https:\/\/www2.uepg.br\/proex\/wp-content\/uploads\/sites\/8\/2023\/02\/05-768x499.jpg 768w, https:\/\/www2.uepg.br\/proex\/wp-content\/uploads\/sites\/8\/2023\/02\/05-1536x999.jpg 1536w, https:\/\/www2.uepg.br\/proex\/wp-content\/uploads\/sites\/8\/2023\/02\/05-1232x801.jpg 1232w, https:\/\/www2.uepg.br\/proex\/wp-content\/uploads\/sites\/8\/2023\/02\/05-1661x1080.jpg 1661w, https:\/\/www2.uepg.br\/proex\/wp-content\/uploads\/sites\/8\/2023\/02\/05.jpg 1689w\" sizes=\"(max-width: 696px) 100vw, 696px\" \/><\/a><\/p>\n","protected":false},"excerpt":{"rendered":"<p>A Pr\u00f3-Reitoria de Extens\u00e3o e Assuntos Culturais (Proex), da Universidade Estadual de Ponta Grossa (UEPG), \u00e9 parceira da Secretaria Municipal de Turismo (SETUR) de Ponta Grossa, na realiza\u00e7\u00e3o da Caminhada Internacional na Natureza. O evento programado para 5 de mar\u00e7o ter\u00e1 como ponto de partida o Centro Rural de Treinamento e A\u00e7\u00e3o Comunit\u00e1ria (CRUTAC), sede&nbsp;&hellip;<\/p>\n","protected":false},"author":590,"featured_media":7223,"comment_status":"closed","ping_status":"closed","sticky":false,"template":"","format":"standard","meta":[],"categories":[8],"tags":[],"_links":{"self":[{"href":"https:\/\/www2.uepg.br\/proex\/wp-json\/wp\/v2\/posts\/7222"}],"collection":[{"href":"https:\/\/www2.uepg.br\/proex\/wp-json\/wp\/v2\/posts"}],"about":[{"href":"https:\/\/www2.uepg.br\/proex\/wp-json\/wp\/v2\/types\/post"}],"author":[{"embeddable":true,"href":"https:\/\/www2.uepg.br\/proex\/wp-json\/wp\/v2\/users\/590"}],"replies":[{"embeddable":true,"href":"https:\/\/www2.uepg.br\/proex\/wp-json\/wp\/v2\/comments?post=7222"}],"version-history":[{"count":4,"href":"https:\/\/www2.uepg.br\/proex\/wp-json\/wp\/v2\/posts\/7222\/revisions"}],"predecessor-version":[{"id":7242,"href":"https:\/\/www2.uepg.br\/proex\/wp-json\/wp\/v2\/posts\/7222\/revisions\/7242"}],"wp:featuredmedia":[{"embeddable":true,"href":"https:\/\/www2.uepg.br\/proex\/wp-json\/wp\/v2\/media\/7223"}],"wp:attachment":[{"href":"https:\/\/www2.uepg.br\/proex\/wp-json\/wp\/v2\/media?parent=7222"}],"wp:term":[{"taxonomy":"category","embeddable":true,"href":"https:\/\/www2.uepg.br\/proex\/wp-json\/wp\/v2\/categories?post=7222"},{"taxonomy":"post_tag","embeddable":true,"href":"https:\/\/www2.uepg.br\/proex\/wp-json\/wp\/v2\/tags?post=7222"}],"curies":[{"name":"wp","href":"https:\/\/api.w.org\/{rel}","templated":true}]}}