{"id":7237,"date":"2023-03-01T12:02:18","date_gmt":"2023-03-01T15:02:18","guid":{"rendered":"https:\/\/www2.uepg.br\/proex\/?p=7237"},"modified":"2023-03-01T12:03:37","modified_gmt":"2023-03-01T15:03:37","slug":"dac-abre-inscricoes-para-grupo-de-teatro-universitario","status":"publish","type":"post","link":"https:\/\/www2.uepg.br\/proex\/dac-abre-inscricoes-para-grupo-de-teatro-universitario\/","title":{"rendered":"DAC abre inscri\u00e7\u00f5es para Grupo de Teatro Universit\u00e1rio"},"content":{"rendered":"<p>A Divis\u00e3o de Assuntos Culturais, da Pr\u00f3-Reitoria de Extens\u00e3o e Assuntos Culturais (Proex\/DAC), da Universidade Estadual de Ponta Grossa (UEPG), est\u00e1 com inscri\u00e7\u00f5es abertas para o Grupo de Teatro Universit\u00e1rio (GTU). At\u00e9 15 de mar\u00e7o, os interessados devem se inscrever por meio do formul\u00e1rio dispon\u00edvel em <a href=\"https:\/\/linktr.ee\/dacproexuepg\">https:\/\/linktr.ee\/dacproexuepg<\/a>.<\/p>\n<p>Ap\u00f3s completar a inscri\u00e7\u00e3o, os candidatos dever\u00e3o agendar o primeiro encontro com o grupo, em 18 de mar\u00e7o, \u00e0s 14 horas, no audit\u00f3rio do Campus Central (bloco A), a partir do qual ser\u00e3o selecionados. O GTU-UEPG n\u00e3o se destina apenas a acad\u00eamicos, mas a toda comunidade.<\/p>\n<p>O GTU nasceu conjuntamente ao Fenata (Festival Nacional de Teatro) em 1972\/73. Ficou desativado por d\u00e9cadas e agora volta para fomentar a arte no meio acad\u00eamico e na comunidade. O projeto prev\u00ea a forma\u00e7\u00e3o do grupo de teatro e a oferta de oficinas formativas aos seus membros<\/p>\n<p>Abordando elementos teatrais como: cenografia, figurino, sonoplastia, ilumina\u00e7\u00e3o, dramaturgia, maquiagem, entre outros, o grupo se reunir\u00e1 semanalmente (s\u00e1bados, das 14 \u00e0s 18h no Audit\u00f3rio do Campus Central) para estudos, cria\u00e7\u00e3o e montagem de pe\u00e7a teatral e apresenta\u00e7\u00f5es que devem ocorrer em escolas, teatros e outros espa\u00e7os.<\/p>\n","protected":false},"excerpt":{"rendered":"<p>A Divis\u00e3o de Assuntos Culturais, da Pr\u00f3-Reitoria de Extens\u00e3o e Assuntos Culturais (Proex\/DAC), da Universidade Estadual de Ponta Grossa (UEPG), est\u00e1 com inscri\u00e7\u00f5es abertas para o Grupo de Teatro Universit\u00e1rio (GTU). At\u00e9 15 de mar\u00e7o, os interessados devem se inscrever por meio do formul\u00e1rio dispon\u00edvel em https:\/\/linktr.ee\/dacproexuepg. Ap\u00f3s completar a inscri\u00e7\u00e3o, os candidatos dever\u00e3o agendar&nbsp;&hellip;<\/p>\n","protected":false},"author":590,"featured_media":7238,"comment_status":"closed","ping_status":"closed","sticky":false,"template":"","format":"standard","meta":[],"categories":[8],"tags":[],"_links":{"self":[{"href":"https:\/\/www2.uepg.br\/proex\/wp-json\/wp\/v2\/posts\/7237"}],"collection":[{"href":"https:\/\/www2.uepg.br\/proex\/wp-json\/wp\/v2\/posts"}],"about":[{"href":"https:\/\/www2.uepg.br\/proex\/wp-json\/wp\/v2\/types\/post"}],"author":[{"embeddable":true,"href":"https:\/\/www2.uepg.br\/proex\/wp-json\/wp\/v2\/users\/590"}],"replies":[{"embeddable":true,"href":"https:\/\/www2.uepg.br\/proex\/wp-json\/wp\/v2\/comments?post=7237"}],"version-history":[{"count":2,"href":"https:\/\/www2.uepg.br\/proex\/wp-json\/wp\/v2\/posts\/7237\/revisions"}],"predecessor-version":[{"id":7240,"href":"https:\/\/www2.uepg.br\/proex\/wp-json\/wp\/v2\/posts\/7237\/revisions\/7240"}],"wp:featuredmedia":[{"embeddable":true,"href":"https:\/\/www2.uepg.br\/proex\/wp-json\/wp\/v2\/media\/7238"}],"wp:attachment":[{"href":"https:\/\/www2.uepg.br\/proex\/wp-json\/wp\/v2\/media?parent=7237"}],"wp:term":[{"taxonomy":"category","embeddable":true,"href":"https:\/\/www2.uepg.br\/proex\/wp-json\/wp\/v2\/categories?post=7237"},{"taxonomy":"post_tag","embeddable":true,"href":"https:\/\/www2.uepg.br\/proex\/wp-json\/wp\/v2\/tags?post=7237"}],"curies":[{"name":"wp","href":"https:\/\/api.w.org\/{rel}","templated":true}]}}