{"id":7265,"date":"2023-03-06T08:48:28","date_gmt":"2023-03-06T11:48:28","guid":{"rendered":"https:\/\/www2.uepg.br\/proex\/?p=7265"},"modified":"2023-03-06T08:48:28","modified_gmt":"2023-03-06T11:48:28","slug":"uepg-tera-atividades-programadas-para-dia-da-mulher","status":"publish","type":"post","link":"https:\/\/www2.uepg.br\/proex\/uepg-tera-atividades-programadas-para-dia-da-mulher\/","title":{"rendered":"UEPG ter\u00e1 atividades programadas para Dia da Mulher"},"content":{"rendered":"<p>Em comemora\u00e7\u00e3o ao Dia Internacional da Mulher, a Universidade Estadual de Ponta Grossa (UEPG), por meio das Pr\u00f3-Reitorias de Recursos Humanos (ProRH) e de Extens\u00e3o e Assuntos Culturais (Proex), preparou atividades de homenagem a servidoras e professoras da institui\u00e7\u00e3o, na pr\u00f3xima quarta-feira (08).<\/p>\n<p>A quarta-feira come\u00e7a com exposi\u00e7\u00e3o na Proex, promovida pela Diretoria de Assuntos Culturais (DAC). A Galeria de Arte\u00a0 19 obras feitas por mulheres da regi\u00e3o, para valorizar o olhar de artistas locais. A exposi\u00e7\u00e3o vem acompanhada de debate. No mesmo dia, \u00e0s 19h, acontecer\u00e1 a mesa redonda \u2018Mulheres, Olhares e Di\u00e1logos\u2019, no audit\u00f3rio da Proex. O evento \u00e9 gratuito e conta com participa\u00e7\u00e3o de pesquisadoras, ativistas e membros a sociedade civil.<\/p>\n<p>O diretor da DAC, Nelson Silva J\u00fanior, explica que a mesa redonda abre um debate para al\u00e9m do 08 de mar\u00e7o. \u201cPensamos em estender a programa\u00e7\u00e3o e trazer uma mesa heterog\u00eanea, com olhares diferentes, para estabelecer um di\u00e1logo com a plateia sobre olhares e perspectivas da mulher\u201d, ressalta.<\/p>\n<p>As a\u00e7\u00f5es da ProRH foram organizadas por um grupo da Diretoria de Qualidade de Vida no Trabalho, servidores, docentes e profissionais dos Hospitais da UEPG. Segundo a pr\u00f3-reitora de Recursos Humanos, Eliane de F\u00e1tima Rauski, as atividades s\u00e3o um convite para fortalecer o relacionamento entre a institui\u00e7\u00e3o e as profissionais. \u201cQueremos externalizar que a UEPG valoriza o importante papel da mulher no contexto institucional, al\u00e9m de enaltecer a presen\u00e7a feminina na UEPG\u201d, destaca.<\/p>\n<p><a href=\"https:\/\/www2.uepg.br\/proex\/wp-content\/uploads\/sites\/8\/2023\/03\/mulher_musica.jpg\"><img loading=\"lazy\" class=\"wp-image-7266 alignleft\" src=\"https:\/\/www2.uepg.br\/proex\/wp-content\/uploads\/sites\/8\/2023\/03\/mulher_musica-300x200.jpg\" alt=\"\" width=\"606\" height=\"404\" srcset=\"https:\/\/www2.uepg.br\/proex\/wp-content\/uploads\/sites\/8\/2023\/03\/mulher_musica-300x200.jpg 300w, https:\/\/www2.uepg.br\/proex\/wp-content\/uploads\/sites\/8\/2023\/03\/mulher_musica-1024x683.jpg 1024w, https:\/\/www2.uepg.br\/proex\/wp-content\/uploads\/sites\/8\/2023\/03\/mulher_musica-768x512.jpg 768w, https:\/\/www2.uepg.br\/proex\/wp-content\/uploads\/sites\/8\/2023\/03\/mulher_musica-1232x821.jpg 1232w, https:\/\/www2.uepg.br\/proex\/wp-content\/uploads\/sites\/8\/2023\/03\/mulher_musica-272x182.jpg 272w, https:\/\/www2.uepg.br\/proex\/wp-content\/uploads\/sites\/8\/2023\/03\/mulher_musica.jpg 1536w\" sizes=\"(max-width: 606px) 100vw, 606px\" \/><\/a>A quarta-feira (08) come\u00e7a com com m\u00fasica e caf\u00e9 da manh\u00e3 no Restaurante Universit\u00e1rio (RU) do Campus Uvaranas, a partir das 07h30. Os momentos musicais seguem ao longo do dia, com Higor de Quadros \u00c1vila Santana e Silvestre Alves: \u00e0s 9h no pr\u00e9dio da Reitoria; \u00e0s 10h30, no RU do Centro; e \u00e0s 14h no Centro de Aten\u00e7\u00e3o Integral \u00e0 Crian\u00e7a e ao Adolescente (Caic).<\/p>\n<p>A programa\u00e7\u00e3o tamb\u00e9m reservou dois momentos de consultas po\u00e9ticas, com Renata Regis Florisbelo \u2013 no no pr\u00e9dio da Reitoria e 14h no Caic. A atividade traz cultura para as mulheres, que poder\u00e3o conhecer o car\u00e1ter terap\u00eautico da poesia, conforme explica Renata. \u201cNada mais justo do que carregar a data com significado cultural e po\u00e9tico, valorizando a sintonia existente entre os atributos femininos e a poesia\u201d.<\/p>\n<p><strong>Demais atividades<\/strong><\/p>\n<p>Os Hospitais da UEPG ter\u00e3o atividades voltas \u00e0s servidoras \u2013 das 8h \u00e0s 19h, acontecem sess\u00f5es de Barras de Access; palestras sobre sa\u00fade feminina, no audit\u00f3rio do HU; e um caf\u00e9 da tarde para as profissionais, \u00e0s 16h. O Ambulat\u00f3rio de Sa\u00fade Integrativa (ASI) promove transmiss\u00e3o ao vivo, \u00e0s 19h, da palestra \u201cSer Mulher! Qual seu lugar no mundo?\u201d, ministrada por Edilvana Maria Graff e Renata Regis Florisbelo. A atividade emitir\u00e1 certificado de horas, com inscri\u00e7\u00e3o pelo\u00a0<a role=\"link\" href=\"https:\/\/forms.gle\/ZBbgph1NLC4Qqkjm8\">link aqui<\/a>.<\/p>\n","protected":false},"excerpt":{"rendered":"<p>Em comemora\u00e7\u00e3o ao Dia Internacional da Mulher, a Universidade Estadual de Ponta Grossa (UEPG), por meio das Pr\u00f3-Reitorias de Recursos Humanos (ProRH) e de Extens\u00e3o e Assuntos Culturais (Proex), preparou atividades de homenagem a servidoras e professoras da institui\u00e7\u00e3o, na pr\u00f3xima quarta-feira (08). A quarta-feira come\u00e7a com exposi\u00e7\u00e3o na Proex, promovida pela Diretoria de Assuntos&nbsp;&hellip;<\/p>\n","protected":false},"author":590,"featured_media":7267,"comment_status":"closed","ping_status":"closed","sticky":false,"template":"","format":"standard","meta":[],"categories":[8],"tags":[],"_links":{"self":[{"href":"https:\/\/www2.uepg.br\/proex\/wp-json\/wp\/v2\/posts\/7265"}],"collection":[{"href":"https:\/\/www2.uepg.br\/proex\/wp-json\/wp\/v2\/posts"}],"about":[{"href":"https:\/\/www2.uepg.br\/proex\/wp-json\/wp\/v2\/types\/post"}],"author":[{"embeddable":true,"href":"https:\/\/www2.uepg.br\/proex\/wp-json\/wp\/v2\/users\/590"}],"replies":[{"embeddable":true,"href":"https:\/\/www2.uepg.br\/proex\/wp-json\/wp\/v2\/comments?post=7265"}],"version-history":[{"count":1,"href":"https:\/\/www2.uepg.br\/proex\/wp-json\/wp\/v2\/posts\/7265\/revisions"}],"predecessor-version":[{"id":7268,"href":"https:\/\/www2.uepg.br\/proex\/wp-json\/wp\/v2\/posts\/7265\/revisions\/7268"}],"wp:featuredmedia":[{"embeddable":true,"href":"https:\/\/www2.uepg.br\/proex\/wp-json\/wp\/v2\/media\/7267"}],"wp:attachment":[{"href":"https:\/\/www2.uepg.br\/proex\/wp-json\/wp\/v2\/media?parent=7265"}],"wp:term":[{"taxonomy":"category","embeddable":true,"href":"https:\/\/www2.uepg.br\/proex\/wp-json\/wp\/v2\/categories?post=7265"},{"taxonomy":"post_tag","embeddable":true,"href":"https:\/\/www2.uepg.br\/proex\/wp-json\/wp\/v2\/tags?post=7265"}],"curies":[{"name":"wp","href":"https:\/\/api.w.org\/{rel}","templated":true}]}}