{"id":7274,"date":"2023-03-07T13:40:52","date_gmt":"2023-03-07T16:40:52","guid":{"rendered":"https:\/\/www2.uepg.br\/proex\/?p=7274"},"modified":"2023-03-07T13:40:52","modified_gmt":"2023-03-07T16:40:52","slug":"projetos-de-extensao-promovem-conferencia-no-hospital-pequeno-principe","status":"publish","type":"post","link":"https:\/\/www2.uepg.br\/proex\/projetos-de-extensao-promovem-conferencia-no-hospital-pequeno-principe\/","title":{"rendered":"Projetos de extens\u00e3o promovem confer\u00eancia no Hospital Pequeno Pr\u00edncipe"},"content":{"rendered":"<p>Na \u00faltima sexta-feira (03), equipes dos N\u00facleos de Estudos, Pesquisa, Extens\u00e3o e Assessoria sobre Inf\u00e2ncia e Adolesc\u00eancia (Nepia) e de Estudos e Defesa da Inf\u00e2ncia e Juventude\u00a0 (Neddij), da Universidade Estadual de Ponta Grossa (UEPG), realizaram a Confer\u00eancia Livre dos Direitos da Crian\u00e7a e do Adolescente, no Hospital Pequeno Pr\u00edncipe, em Curitiba.<\/p>\n<p>O objetivo do encontro foi proporcionar um espa\u00e7o de reflex\u00e3o sobre redes de prote\u00e7\u00e3o e desafios impostos pelo per\u00edodo pand\u00eamico para garantir a prote\u00e7\u00e3o integral da crian\u00e7a e do adolescente. \u201cA atividade foi muito importante para a forma\u00e7\u00e3o profissional dos estudantes da UEPG, que integram o Nepia e Neddij, porque puderam exercitar as habilidades em realizar palestra, conduzir debates e trabalhos em grupo e sistematizar as propostas advindas dos participantes do evento\u201d, destaca a professora Cleide Lavoratii, coordenadora dos projetos.<\/p>\n<p><a href=\"https:\/\/www2.uepg.br\/proex\/wp-content\/uploads\/sites\/8\/2023\/03\/neddij-nepia-hosp-pequeno-principe-5-scaled-1.jpeg\"><img loading=\"lazy\" class=\"alignnone  wp-image-7275\" src=\"https:\/\/www2.uepg.br\/proex\/wp-content\/uploads\/sites\/8\/2023\/03\/neddij-nepia-hosp-pequeno-principe-5-scaled-1-300x200.jpeg\" alt=\"\" width=\"401\" height=\"267\" srcset=\"https:\/\/www2.uepg.br\/proex\/wp-content\/uploads\/sites\/8\/2023\/03\/neddij-nepia-hosp-pequeno-principe-5-scaled-1-300x200.jpeg 300w, https:\/\/www2.uepg.br\/proex\/wp-content\/uploads\/sites\/8\/2023\/03\/neddij-nepia-hosp-pequeno-principe-5-scaled-1-1024x683.jpeg 1024w, https:\/\/www2.uepg.br\/proex\/wp-content\/uploads\/sites\/8\/2023\/03\/neddij-nepia-hosp-pequeno-principe-5-scaled-1-768x512.jpeg 768w, https:\/\/www2.uepg.br\/proex\/wp-content\/uploads\/sites\/8\/2023\/03\/neddij-nepia-hosp-pequeno-principe-5-scaled-1-1536x1024.jpeg 1536w, https:\/\/www2.uepg.br\/proex\/wp-content\/uploads\/sites\/8\/2023\/03\/neddij-nepia-hosp-pequeno-principe-5-scaled-1-1232x821.jpeg 1232w, https:\/\/www2.uepg.br\/proex\/wp-content\/uploads\/sites\/8\/2023\/03\/neddij-nepia-hosp-pequeno-principe-5-scaled-1-1620x1080.jpeg 1620w, https:\/\/www2.uepg.br\/proex\/wp-content\/uploads\/sites\/8\/2023\/03\/neddij-nepia-hosp-pequeno-principe-5-scaled-1-272x182.jpeg 272w, https:\/\/www2.uepg.br\/proex\/wp-content\/uploads\/sites\/8\/2023\/03\/neddij-nepia-hosp-pequeno-principe-5-scaled-1.jpeg 1920w\" sizes=\"(max-width: 401px) 100vw, 401px\" \/><\/a> \u00a0<a href=\"https:\/\/www2.uepg.br\/proex\/wp-content\/uploads\/sites\/8\/2023\/03\/neddij-nepia-hosp-pequeno-principe-3-scaled-1.jpeg\"><img loading=\"lazy\" class=\"alignnone  wp-image-7277\" src=\"https:\/\/www2.uepg.br\/proex\/wp-content\/uploads\/sites\/8\/2023\/03\/neddij-nepia-hosp-pequeno-principe-3-scaled-1-300x200.jpeg\" alt=\"\" width=\"401\" height=\"267\" srcset=\"https:\/\/www2.uepg.br\/proex\/wp-content\/uploads\/sites\/8\/2023\/03\/neddij-nepia-hosp-pequeno-principe-3-scaled-1-300x200.jpeg 300w, https:\/\/www2.uepg.br\/proex\/wp-content\/uploads\/sites\/8\/2023\/03\/neddij-nepia-hosp-pequeno-principe-3-scaled-1-1024x684.jpeg 1024w, https:\/\/www2.uepg.br\/proex\/wp-content\/uploads\/sites\/8\/2023\/03\/neddij-nepia-hosp-pequeno-principe-3-scaled-1-768x513.jpeg 768w, https:\/\/www2.uepg.br\/proex\/wp-content\/uploads\/sites\/8\/2023\/03\/neddij-nepia-hosp-pequeno-principe-3-scaled-1-1536x1026.jpeg 1536w, https:\/\/www2.uepg.br\/proex\/wp-content\/uploads\/sites\/8\/2023\/03\/neddij-nepia-hosp-pequeno-principe-3-scaled-1-1232x823.jpeg 1232w, https:\/\/www2.uepg.br\/proex\/wp-content\/uploads\/sites\/8\/2023\/03\/neddij-nepia-hosp-pequeno-principe-3-scaled-1-1616x1080.jpeg 1616w, https:\/\/www2.uepg.br\/proex\/wp-content\/uploads\/sites\/8\/2023\/03\/neddij-nepia-hosp-pequeno-principe-3-scaled-1-272x182.jpeg 272w, https:\/\/www2.uepg.br\/proex\/wp-content\/uploads\/sites\/8\/2023\/03\/neddij-nepia-hosp-pequeno-principe-3-scaled-1.jpeg 1920w\" sizes=\"(max-width: 401px) 100vw, 401px\" \/><\/a> <a href=\"https:\/\/www2.uepg.br\/proex\/wp-content\/uploads\/sites\/8\/2023\/03\/neddij-nepia-hosp-pequeno-principe-2-768x513-1.jpeg\"><img loading=\"lazy\" class=\"alignnone  wp-image-7278\" src=\"https:\/\/www2.uepg.br\/proex\/wp-content\/uploads\/sites\/8\/2023\/03\/neddij-nepia-hosp-pequeno-principe-2-768x513-1-300x200.jpeg\" alt=\"\" width=\"401\" height=\"267\" srcset=\"https:\/\/www2.uepg.br\/proex\/wp-content\/uploads\/sites\/8\/2023\/03\/neddij-nepia-hosp-pequeno-principe-2-768x513-1-300x200.jpeg 300w, https:\/\/www2.uepg.br\/proex\/wp-content\/uploads\/sites\/8\/2023\/03\/neddij-nepia-hosp-pequeno-principe-2-768x513-1-272x182.jpeg 272w, https:\/\/www2.uepg.br\/proex\/wp-content\/uploads\/sites\/8\/2023\/03\/neddij-nepia-hosp-pequeno-principe-2-768x513-1.jpeg 768w\" sizes=\"(max-width: 401px) 100vw, 401px\" \/><\/a> <a href=\"https:\/\/www2.uepg.br\/proex\/wp-content\/uploads\/sites\/8\/2023\/03\/neddij-nepia-hosp-pequeno-principe-4-1536x1025-1.jpeg\"><img loading=\"lazy\" class=\"alignnone  wp-image-7279\" src=\"https:\/\/www2.uepg.br\/proex\/wp-content\/uploads\/sites\/8\/2023\/03\/neddij-nepia-hosp-pequeno-principe-4-1536x1025-1-300x200.jpeg\" alt=\"\" width=\"401\" height=\"267\" srcset=\"https:\/\/www2.uepg.br\/proex\/wp-content\/uploads\/sites\/8\/2023\/03\/neddij-nepia-hosp-pequeno-principe-4-1536x1025-1-300x200.jpeg 300w, https:\/\/www2.uepg.br\/proex\/wp-content\/uploads\/sites\/8\/2023\/03\/neddij-nepia-hosp-pequeno-principe-4-1536x1025-1-1024x683.jpeg 1024w, https:\/\/www2.uepg.br\/proex\/wp-content\/uploads\/sites\/8\/2023\/03\/neddij-nepia-hosp-pequeno-principe-4-1536x1025-1-768x513.jpeg 768w, https:\/\/www2.uepg.br\/proex\/wp-content\/uploads\/sites\/8\/2023\/03\/neddij-nepia-hosp-pequeno-principe-4-1536x1025-1-1232x822.jpeg 1232w, https:\/\/www2.uepg.br\/proex\/wp-content\/uploads\/sites\/8\/2023\/03\/neddij-nepia-hosp-pequeno-principe-4-1536x1025-1-272x182.jpeg 272w, https:\/\/www2.uepg.br\/proex\/wp-content\/uploads\/sites\/8\/2023\/03\/neddij-nepia-hosp-pequeno-principe-4-1536x1025-1.jpeg 1536w\" sizes=\"(max-width: 401px) 100vw, 401px\" \/><\/a><\/p>\n<p>Al\u00e9m da equipe da UEPG e gestores do Hospital, participaram do debate psic\u00f3logos, assistentes sociais e enfermeiros. \u201cDiscutimos estrat\u00e9gias coletivas de enfrentamento da viol\u00eancia contra crian\u00e7as e adolescentes, em especial da viol\u00eancia sexual. Al\u00e9m de quest\u00f5es sobre sa\u00fade mental, preven\u00e7\u00e3o ao suic\u00eddio e as les\u00f5es autoprovocadas\u201d, completa Cleide.<\/p>\n<p>O evento foi promovido pelo Setor de Projetos do Hospital Pequeno Pr\u00edncipe, coordenado pela ex-secret\u00e1ria de Estado da Crian\u00e7a e Juventude, Thelma Alves de Oliveira. O encontro teve participa\u00e7\u00e3o de representantes da Pol\u00edcia Cient\u00edfica; Minist\u00e9rio P\u00fablico do Paran\u00e1; Pol\u00edcia Militar (Patrulha Escolar); Funda\u00e7\u00e3o de Assist\u00eancia Social de Curitiba; Rede de Prote\u00e7\u00e3o \u00e0 Crian\u00e7a e Adolescente em Situa\u00e7\u00e3o de Viol\u00eancia; Secretaria de Estado da Fam\u00edlia e Desenvolvimento Social; Conselho Municipal dos Direitos da Crian\u00e7a e do Adolescente (Contiba); Conselho Estadual dos Direitos da Crian\u00e7a e do Adolescente (CEDCA); Instituto F\u00eanix; Delegacia de Prote\u00e7\u00e3o \u00e0 Crian\u00e7a e Adolescente (Nucria), Secretaria Municipal de Sa\u00fade, entre outras institui\u00e7\u00f5es.<\/p>\n<blockquote><p>Texto: J\u00e9ssica Natal | Fotos: Mirian Villa\/Hospital Pequeno Pr\u00edncipe<\/p><\/blockquote>\n","protected":false},"excerpt":{"rendered":"<p>Na \u00faltima sexta-feira (03), equipes dos N\u00facleos de Estudos, Pesquisa, Extens\u00e3o e Assessoria sobre Inf\u00e2ncia e Adolesc\u00eancia (Nepia) e de Estudos e Defesa da Inf\u00e2ncia e Juventude\u00a0 (Neddij), da Universidade Estadual de Ponta Grossa (UEPG), realizaram a Confer\u00eancia Livre dos Direitos da Crian\u00e7a e do Adolescente, no Hospital Pequeno Pr\u00edncipe, em Curitiba. O objetivo do&nbsp;&hellip;<\/p>\n","protected":false},"author":590,"featured_media":7276,"comment_status":"closed","ping_status":"closed","sticky":false,"template":"","format":"standard","meta":[],"categories":[8],"tags":[],"_links":{"self":[{"href":"https:\/\/www2.uepg.br\/proex\/wp-json\/wp\/v2\/posts\/7274"}],"collection":[{"href":"https:\/\/www2.uepg.br\/proex\/wp-json\/wp\/v2\/posts"}],"about":[{"href":"https:\/\/www2.uepg.br\/proex\/wp-json\/wp\/v2\/types\/post"}],"author":[{"embeddable":true,"href":"https:\/\/www2.uepg.br\/proex\/wp-json\/wp\/v2\/users\/590"}],"replies":[{"embeddable":true,"href":"https:\/\/www2.uepg.br\/proex\/wp-json\/wp\/v2\/comments?post=7274"}],"version-history":[{"count":3,"href":"https:\/\/www2.uepg.br\/proex\/wp-json\/wp\/v2\/posts\/7274\/revisions"}],"predecessor-version":[{"id":7282,"href":"https:\/\/www2.uepg.br\/proex\/wp-json\/wp\/v2\/posts\/7274\/revisions\/7282"}],"wp:featuredmedia":[{"embeddable":true,"href":"https:\/\/www2.uepg.br\/proex\/wp-json\/wp\/v2\/media\/7276"}],"wp:attachment":[{"href":"https:\/\/www2.uepg.br\/proex\/wp-json\/wp\/v2\/media?parent=7274"}],"wp:term":[{"taxonomy":"category","embeddable":true,"href":"https:\/\/www2.uepg.br\/proex\/wp-json\/wp\/v2\/categories?post=7274"},{"taxonomy":"post_tag","embeddable":true,"href":"https:\/\/www2.uepg.br\/proex\/wp-json\/wp\/v2\/tags?post=7274"}],"curies":[{"name":"wp","href":"https:\/\/api.w.org\/{rel}","templated":true}]}}