{"id":7295,"date":"2023-03-08T11:41:06","date_gmt":"2023-03-08T14:41:06","guid":{"rendered":"https:\/\/www2.uepg.br\/proex\/?p=7295"},"modified":"2023-03-08T11:41:56","modified_gmt":"2023-03-08T14:41:56","slug":"7295-2","status":"publish","type":"post","link":"https:\/\/www2.uepg.br\/proex\/7295-2\/","title":{"rendered":"Proex revitaliza Crutac para receber Caminhada na Natureza"},"content":{"rendered":"<p>A Universidade Estadual de Ponta Grossa (UEPG), por meio da Pr\u00f3-Reitoria de Extens\u00e3o e Assuntos Culturais (Proex),\u00a0revitalizou o Centro Rural de Treinamento de A\u00e7\u00e3o Comunit\u00e1ria (Crutac), no Distrito Rural de Itaiacoca. A a\u00e7\u00e3o aconteceu com alunos e professores do curso de Licenciatura em Artes Visuais, para receber participantes da Caminhada Internacional na Natureza, no \u00faltimo domingo (05). A Caminhada foi organizada pela Secretaria Municipal de Turismo, como parte das celebra\u00e7\u00f5es do Anivers\u00e1rio de 200 anos de Ponta Grossa.<\/p>\n<p>O Crutac foi escolhido como ponto de partida do evento \u00e0 convite da Proex, gra\u00e7as \u00e0 sua localiza\u00e7\u00e3o e por ser ponto de refer\u00eancia para a popula\u00e7\u00e3o de Itaiacoca. O Centro \u00e9 um espa\u00e7o multidisciplinar da UEPG, onde diferentes cursos de gradua\u00e7\u00e3o desenvolvem atividades de extens\u00e3o voltados \u00e0 comunidade rural h\u00e1 mais de 30 anos, fazendo dele a primeira a\u00e7\u00e3o extensionista da UEPG.<\/p>\n<p>A interven\u00e7\u00e3o art\u00edstica foi mobilizada ap\u00f3s visita da Proex e da Secretaria de Turismo ao Crutac para planejar a Caminhada. A estrutura que recebeu as artes dos estudantes e professores Patr\u00edcia C\u00e2mera e Arthur Amador, coordenadores da a\u00e7\u00e3o, \u00e9 um secador de gr\u00e3os que estava inutilizado. O professor Arthur Amador explica que a interven\u00e7\u00e3o art\u00edstica foi pensada para agregar mais conte\u00fado ao lugar, sem apagar a sua hist\u00f3ria, e torn\u00e1-lo mais acolhedor para visitantes e moradores daquela localidade. \u201cDesde que nos foi oferecido aquele espa\u00e7o, debatemos com os alunos sobre como far\u00edamos essa interven\u00e7\u00e3o, pois n\u00e3o basta apenas realizar algo sem conhecer a hist\u00f3ria e respeitar a mem\u00f3ria do local\u201d, comenta. Para o docente, a import\u00e2ncia de levar a interven\u00e7\u00e3o art\u00edstica para o Crutac \u00e9 tornar a arte acess\u00edvel para as pessoas.<\/p>\n<p>\u201cMuito emocionante para mim a oportunidade de restaurar a apar\u00eancia e trazer cor para o Crutac, pois foi aqui que minha m\u00e3e passou parte da sua gradua\u00e7\u00e3o, quando cursava Farm\u00e1cia\u201d, comenta o estudante Vitor Bernardo Panichi Santos, do Terceiro Ano de Artes Visuais, que participou da interven\u00e7\u00e3o. Ele afirma que o objetivo de fazer o centro se tornar um espa\u00e7o mais agrad\u00e1vel para receber os visitantes e a comunidade local foi alcan\u00e7ado.<\/p>\n<p><a href=\"https:\/\/www2.uepg.br\/proex\/wp-content\/uploads\/sites\/8\/2023\/03\/Caminhada-na-Natureza-Crutac-Gabriel-Miguel_5-1536x1024-1.jpg\"><img loading=\"lazy\" class=\"wp-image-7297 alignleft\" src=\"https:\/\/www2.uepg.br\/proex\/wp-content\/uploads\/sites\/8\/2023\/03\/Caminhada-na-Natureza-Crutac-Gabriel-Miguel_5-1536x1024-1-300x200.jpg\" alt=\"\" width=\"504\" height=\"336\" srcset=\"https:\/\/www2.uepg.br\/proex\/wp-content\/uploads\/sites\/8\/2023\/03\/Caminhada-na-Natureza-Crutac-Gabriel-Miguel_5-1536x1024-1-300x200.jpg 300w, https:\/\/www2.uepg.br\/proex\/wp-content\/uploads\/sites\/8\/2023\/03\/Caminhada-na-Natureza-Crutac-Gabriel-Miguel_5-1536x1024-1-1024x683.jpg 1024w, https:\/\/www2.uepg.br\/proex\/wp-content\/uploads\/sites\/8\/2023\/03\/Caminhada-na-Natureza-Crutac-Gabriel-Miguel_5-1536x1024-1-768x512.jpg 768w, https:\/\/www2.uepg.br\/proex\/wp-content\/uploads\/sites\/8\/2023\/03\/Caminhada-na-Natureza-Crutac-Gabriel-Miguel_5-1536x1024-1-1232x821.jpg 1232w, https:\/\/www2.uepg.br\/proex\/wp-content\/uploads\/sites\/8\/2023\/03\/Caminhada-na-Natureza-Crutac-Gabriel-Miguel_5-1536x1024-1-272x182.jpg 272w, https:\/\/www2.uepg.br\/proex\/wp-content\/uploads\/sites\/8\/2023\/03\/Caminhada-na-Natureza-Crutac-Gabriel-Miguel_5-1536x1024-1.jpg 1536w\" sizes=\"(max-width: 504px) 100vw, 504px\" \/><\/a>A Pr\u00f3-Reitora de Extens\u00e3o e Assuntos Culturais da UEPG, professora Maria Salete Marcon Gomes Vaz, avalia que, para a UEPG, tanto a interven\u00e7\u00e3o art\u00edstica quanto a Caminhada foram um sucesso e uma experi\u00eancia valiosa para integrar a Universidade \u00e0 comunidade, para promover o interc\u00e2mbio cultural, acad\u00eamico e profissional. \u201cAtividades como esta s\u00e3o fruto do esfor\u00e7o conjunto dos \u00f3rg\u00e3os envolvidos para promover o bem estar da comunidade\u201d, destaca. \u201cDepois de tr\u00eas d\u00e9cadas, o Crutac continua proporcionando grandes momentos \u00e0 sociedade e contribuindo com a melhoria da qualidade de vida, e promovendo a integra\u00e7\u00e3o da popula\u00e7\u00e3o de Itaiacoca\u201d, comemora.<\/p>\n<p>Participaram da interven\u00e7\u00e3o art\u00edstica no Crutac, sob supervis\u00e3o dos professores Patr\u00edcia C\u00e2mera e Arthur Amador, os estudantes Camile Sandrino, Gabriella Goles Furda, Guilherme Gerlinger Striquer, Kamila Premebida Ferreira, do Segundo Ano, Helena Rocha Fornazari, Tahyssa Munique de Souza e Vithor Bernardo Panichi, do Terceiro Ano. \u201cO impacto que busc\u00e1vamos foi imediato, pois logo que foi finalizada a interven\u00e7\u00e3o, moradores e visitantes de Itaiacoca passaram para olhar e tirar fotos\u201d, celebra o Diretor de Assuntos Culturais da UEPG, professor Nelson Silva. O diretor explica que, ao longo do ano, outras atividades art\u00edsticas de extens\u00e3o ser\u00e3o desenvolvidas com a comunidade que mora nas proximidades do Crutac.<\/p>\n<p><strong>A Caminhada Internacional na Natureza<\/strong><\/p>\n<p><a href=\"https:\/\/www2.uepg.br\/proex\/wp-content\/uploads\/sites\/8\/2023\/03\/Caminhada-na-Natureza-Crutac-Amanda-Santos_8-1365x2048-1.jpg\"><img loading=\"lazy\" class=\"size-medium wp-image-7310 alignright\" src=\"https:\/\/www2.uepg.br\/proex\/wp-content\/uploads\/sites\/8\/2023\/03\/Caminhada-na-Natureza-Crutac-Amanda-Santos_8-1365x2048-1-200x300.jpg\" alt=\"\" width=\"200\" height=\"300\" srcset=\"https:\/\/www2.uepg.br\/proex\/wp-content\/uploads\/sites\/8\/2023\/03\/Caminhada-na-Natureza-Crutac-Amanda-Santos_8-1365x2048-1-200x300.jpg 200w, https:\/\/www2.uepg.br\/proex\/wp-content\/uploads\/sites\/8\/2023\/03\/Caminhada-na-Natureza-Crutac-Amanda-Santos_8-1365x2048-1-683x1024.jpg 683w, https:\/\/www2.uepg.br\/proex\/wp-content\/uploads\/sites\/8\/2023\/03\/Caminhada-na-Natureza-Crutac-Amanda-Santos_8-1365x2048-1-768x1152.jpg 768w, https:\/\/www2.uepg.br\/proex\/wp-content\/uploads\/sites\/8\/2023\/03\/Caminhada-na-Natureza-Crutac-Amanda-Santos_8-1365x2048-1-1024x1536.jpg 1024w, https:\/\/www2.uepg.br\/proex\/wp-content\/uploads\/sites\/8\/2023\/03\/Caminhada-na-Natureza-Crutac-Amanda-Santos_8-1365x2048-1-1232x1848.jpg 1232w, https:\/\/www2.uepg.br\/proex\/wp-content\/uploads\/sites\/8\/2023\/03\/Caminhada-na-Natureza-Crutac-Amanda-Santos_8-1365x2048-1-720x1080.jpg 720w, https:\/\/www2.uepg.br\/proex\/wp-content\/uploads\/sites\/8\/2023\/03\/Caminhada-na-Natureza-Crutac-Amanda-Santos_8-1365x2048-1.jpg 1365w\" sizes=\"(max-width: 200px) 100vw, 200px\" \/><\/a>A Caminhada Internacional na Natureza, organizada pela Secretaria Municipal de Turismo, em parceria com a Proex, reuniu cerca de mil participantes de Ponta Grossa e regi\u00e3o, al\u00e9m de contar com a presen\u00e7a de participantes estrangeiros. Com o Crutac como ponto de partida, a Caminhada percorreu um trajeto de mais de 10 quil\u00f4metros por dentro do Distrito de Itaiacoca.\u00a0Na abertura da Caminhada, o prefeito em exerc\u00edcio, Saulo Hladyszwski, agradeceu a UEPG e a Proex pela parceria na realiza\u00e7\u00e3o do evento e ressaltou o trabalho de revitaliza\u00e7\u00e3o do espa\u00e7o feito por alunos do curso de Artes Visuais.<\/p>\n<p>Desde o planejamento da Caminhada, a UEPG esteve envolvida. \u201cA iniciativa partiu da Proex, que foi extremamente parceira desde os primeiros contatos, colocando \u00e0 disposi\u00e7\u00e3o o espa\u00e7o do Crutac para a realiza\u00e7\u00e3o do evento\u201d, celebra Luciane Freitas, diretora de Eventos e Marketing da Secretaria de Turismo e organizadora da Caminhada Internacional na Natureza. Ela ressalta que, ao longo do ano, acontecer\u00e3o outras atividades em conjunto com a UEPG para as comemora\u00e7\u00f5es de anivers\u00e1rio de Ponta Grossa.<\/p>\n<p>A Caminhada foi a oportunidade de muitos participantes realizarem atividades f\u00edsicas e terem contato com a natureza. A aut\u00f4noma Larissa Simara afirma sempre fazer corridas e trilhas, mas foi a sua primeira vez no local: \u201ceste espa\u00e7o \u00e9 lindo e o evento foi muito bem organizado\u201d.\u00a0A estudante universit\u00e1ria Katerina Henserovska veio da Ucr\u00e2nia com sua fam\u00edlia e est\u00e1 h\u00e1 poucos meses no Brasil. Esta \u00e9 a primeira vez que participa de uma atividade na natureza desde que chegou e afirma que a experi\u00eancia foi positiva. \u201cEste lugar \u00e9 lindo e a caminhada foi revigorante. Fiquei feliz quando soube que este espa\u00e7o em que estamos pertence \u00e0 universidade\u201d, comenta a estudante.<\/p>\n<p>Para mais informa\u00e7\u00f5es sobre a Caminhada Internacional na Natureza, seus organizadores e patrocinadores, confira o\u00a0<a role=\"link\" href=\"https:\/\/turismo.pontagrossa.pr.gov.br\/\">site<\/a>\u00a0da Secretaria Municipal de Turismo.<\/p>\n<blockquote><p>Texto: Gabriel Miguel\u00a0 \u00a0Fotos: Amanda Santos, Gabriel Miguel e Patr\u00edcia C\u00e2mera<\/p>\n<p><a href=\"https:\/\/www2.uepg.br\/proex\/wp-content\/uploads\/sites\/8\/2023\/03\/Caminhada-na-Natureza-Crutac-Gabriel-Miguel-scaled-1.jpg\"><img loading=\"lazy\" class=\"alignnone size-medium wp-image-7298\" src=\"https:\/\/www2.uepg.br\/proex\/wp-content\/uploads\/sites\/8\/2023\/03\/Caminhada-na-Natureza-Crutac-Gabriel-Miguel-scaled-1-300x200.jpg\" alt=\"\" width=\"300\" height=\"200\" srcset=\"https:\/\/www2.uepg.br\/proex\/wp-content\/uploads\/sites\/8\/2023\/03\/Caminhada-na-Natureza-Crutac-Gabriel-Miguel-scaled-1-300x200.jpg 300w, https:\/\/www2.uepg.br\/proex\/wp-content\/uploads\/sites\/8\/2023\/03\/Caminhada-na-Natureza-Crutac-Gabriel-Miguel-scaled-1-1024x683.jpg 1024w, https:\/\/www2.uepg.br\/proex\/wp-content\/uploads\/sites\/8\/2023\/03\/Caminhada-na-Natureza-Crutac-Gabriel-Miguel-scaled-1-768x512.jpg 768w, https:\/\/www2.uepg.br\/proex\/wp-content\/uploads\/sites\/8\/2023\/03\/Caminhada-na-Natureza-Crutac-Gabriel-Miguel-scaled-1-1536x1024.jpg 1536w, https:\/\/www2.uepg.br\/proex\/wp-content\/uploads\/sites\/8\/2023\/03\/Caminhada-na-Natureza-Crutac-Gabriel-Miguel-scaled-1-1232x821.jpg 1232w, https:\/\/www2.uepg.br\/proex\/wp-content\/uploads\/sites\/8\/2023\/03\/Caminhada-na-Natureza-Crutac-Gabriel-Miguel-scaled-1-1620x1080.jpg 1620w, https:\/\/www2.uepg.br\/proex\/wp-content\/uploads\/sites\/8\/2023\/03\/Caminhada-na-Natureza-Crutac-Gabriel-Miguel-scaled-1-272x182.jpg 272w, https:\/\/www2.uepg.br\/proex\/wp-content\/uploads\/sites\/8\/2023\/03\/Caminhada-na-Natureza-Crutac-Gabriel-Miguel-scaled-1.jpg 1920w\" sizes=\"(max-width: 300px) 100vw, 300px\" \/><\/a> <a href=\"https:\/\/www2.uepg.br\/proex\/wp-content\/uploads\/sites\/8\/2023\/03\/Caminhada-na-Natureza-Crutac-Gabriel-Miguel_11-scaled-1.jpg\"><img loading=\"lazy\" class=\"alignnone size-medium wp-image-7299\" src=\"https:\/\/www2.uepg.br\/proex\/wp-content\/uploads\/sites\/8\/2023\/03\/Caminhada-na-Natureza-Crutac-Gabriel-Miguel_11-scaled-1-300x200.jpg\" alt=\"\" width=\"300\" height=\"200\" srcset=\"https:\/\/www2.uepg.br\/proex\/wp-content\/uploads\/sites\/8\/2023\/03\/Caminhada-na-Natureza-Crutac-Gabriel-Miguel_11-scaled-1-300x200.jpg 300w, https:\/\/www2.uepg.br\/proex\/wp-content\/uploads\/sites\/8\/2023\/03\/Caminhada-na-Natureza-Crutac-Gabriel-Miguel_11-scaled-1-1024x683.jpg 1024w, https:\/\/www2.uepg.br\/proex\/wp-content\/uploads\/sites\/8\/2023\/03\/Caminhada-na-Natureza-Crutac-Gabriel-Miguel_11-scaled-1-768x512.jpg 768w, https:\/\/www2.uepg.br\/proex\/wp-content\/uploads\/sites\/8\/2023\/03\/Caminhada-na-Natureza-Crutac-Gabriel-Miguel_11-scaled-1-1536x1024.jpg 1536w, https:\/\/www2.uepg.br\/proex\/wp-content\/uploads\/sites\/8\/2023\/03\/Caminhada-na-Natureza-Crutac-Gabriel-Miguel_11-scaled-1-1232x821.jpg 1232w, https:\/\/www2.uepg.br\/proex\/wp-content\/uploads\/sites\/8\/2023\/03\/Caminhada-na-Natureza-Crutac-Gabriel-Miguel_11-scaled-1-1620x1080.jpg 1620w, https:\/\/www2.uepg.br\/proex\/wp-content\/uploads\/sites\/8\/2023\/03\/Caminhada-na-Natureza-Crutac-Gabriel-Miguel_11-scaled-1-272x182.jpg 272w, https:\/\/www2.uepg.br\/proex\/wp-content\/uploads\/sites\/8\/2023\/03\/Caminhada-na-Natureza-Crutac-Gabriel-Miguel_11-scaled-1.jpg 1920w\" sizes=\"(max-width: 300px) 100vw, 300px\" \/><\/a> <a href=\"https:\/\/www2.uepg.br\/proex\/wp-content\/uploads\/sites\/8\/2023\/03\/Caminhada-na-Natureza-Crutac-Gabriel-Miguel_10-scaled-1.jpg\"><img loading=\"lazy\" class=\"alignnone size-medium wp-image-7300\" src=\"https:\/\/www2.uepg.br\/proex\/wp-content\/uploads\/sites\/8\/2023\/03\/Caminhada-na-Natureza-Crutac-Gabriel-Miguel_10-scaled-1-300x200.jpg\" alt=\"\" width=\"300\" height=\"200\" srcset=\"https:\/\/www2.uepg.br\/proex\/wp-content\/uploads\/sites\/8\/2023\/03\/Caminhada-na-Natureza-Crutac-Gabriel-Miguel_10-scaled-1-300x200.jpg 300w, https:\/\/www2.uepg.br\/proex\/wp-content\/uploads\/sites\/8\/2023\/03\/Caminhada-na-Natureza-Crutac-Gabriel-Miguel_10-scaled-1-1024x683.jpg 1024w, https:\/\/www2.uepg.br\/proex\/wp-content\/uploads\/sites\/8\/2023\/03\/Caminhada-na-Natureza-Crutac-Gabriel-Miguel_10-scaled-1-768x512.jpg 768w, https:\/\/www2.uepg.br\/proex\/wp-content\/uploads\/sites\/8\/2023\/03\/Caminhada-na-Natureza-Crutac-Gabriel-Miguel_10-scaled-1-1536x1024.jpg 1536w, https:\/\/www2.uepg.br\/proex\/wp-content\/uploads\/sites\/8\/2023\/03\/Caminhada-na-Natureza-Crutac-Gabriel-Miguel_10-scaled-1-1232x821.jpg 1232w, https:\/\/www2.uepg.br\/proex\/wp-content\/uploads\/sites\/8\/2023\/03\/Caminhada-na-Natureza-Crutac-Gabriel-Miguel_10-scaled-1-1620x1080.jpg 1620w, https:\/\/www2.uepg.br\/proex\/wp-content\/uploads\/sites\/8\/2023\/03\/Caminhada-na-Natureza-Crutac-Gabriel-Miguel_10-scaled-1-272x182.jpg 272w, https:\/\/www2.uepg.br\/proex\/wp-content\/uploads\/sites\/8\/2023\/03\/Caminhada-na-Natureza-Crutac-Gabriel-Miguel_10-scaled-1.jpg 1920w\" sizes=\"(max-width: 300px) 100vw, 300px\" \/><\/a> <a href=\"https:\/\/www2.uepg.br\/proex\/wp-content\/uploads\/sites\/8\/2023\/03\/Caminhada-na-Natureza-Crutac-Gabriel-Miguel_8-scaled-1.jpg\"><img loading=\"lazy\" class=\"alignnone size-medium wp-image-7301\" src=\"https:\/\/www2.uepg.br\/proex\/wp-content\/uploads\/sites\/8\/2023\/03\/Caminhada-na-Natureza-Crutac-Gabriel-Miguel_8-scaled-1-300x200.jpg\" alt=\"\" width=\"300\" height=\"200\" srcset=\"https:\/\/www2.uepg.br\/proex\/wp-content\/uploads\/sites\/8\/2023\/03\/Caminhada-na-Natureza-Crutac-Gabriel-Miguel_8-scaled-1-300x200.jpg 300w, https:\/\/www2.uepg.br\/proex\/wp-content\/uploads\/sites\/8\/2023\/03\/Caminhada-na-Natureza-Crutac-Gabriel-Miguel_8-scaled-1-1024x683.jpg 1024w, https:\/\/www2.uepg.br\/proex\/wp-content\/uploads\/sites\/8\/2023\/03\/Caminhada-na-Natureza-Crutac-Gabriel-Miguel_8-scaled-1-768x512.jpg 768w, https:\/\/www2.uepg.br\/proex\/wp-content\/uploads\/sites\/8\/2023\/03\/Caminhada-na-Natureza-Crutac-Gabriel-Miguel_8-scaled-1-1536x1024.jpg 1536w, https:\/\/www2.uepg.br\/proex\/wp-content\/uploads\/sites\/8\/2023\/03\/Caminhada-na-Natureza-Crutac-Gabriel-Miguel_8-scaled-1-1232x821.jpg 1232w, https:\/\/www2.uepg.br\/proex\/wp-content\/uploads\/sites\/8\/2023\/03\/Caminhada-na-Natureza-Crutac-Gabriel-Miguel_8-scaled-1-1620x1080.jpg 1620w, https:\/\/www2.uepg.br\/proex\/wp-content\/uploads\/sites\/8\/2023\/03\/Caminhada-na-Natureza-Crutac-Gabriel-Miguel_8-scaled-1-272x182.jpg 272w, https:\/\/www2.uepg.br\/proex\/wp-content\/uploads\/sites\/8\/2023\/03\/Caminhada-na-Natureza-Crutac-Gabriel-Miguel_8-scaled-1.jpg 1920w\" sizes=\"(max-width: 300px) 100vw, 300px\" \/><\/a> <a href=\"https:\/\/www2.uepg.br\/proex\/wp-content\/uploads\/sites\/8\/2023\/03\/Caminhada-na-Natureza-Crutac-Gabriel-Miguel_4-scaled-1.jpg\"><img loading=\"lazy\" class=\"alignnone size-medium wp-image-7302\" src=\"https:\/\/www2.uepg.br\/proex\/wp-content\/uploads\/sites\/8\/2023\/03\/Caminhada-na-Natureza-Crutac-Gabriel-Miguel_4-scaled-1-300x200.jpg\" alt=\"\" width=\"300\" height=\"200\" srcset=\"https:\/\/www2.uepg.br\/proex\/wp-content\/uploads\/sites\/8\/2023\/03\/Caminhada-na-Natureza-Crutac-Gabriel-Miguel_4-scaled-1-300x200.jpg 300w, https:\/\/www2.uepg.br\/proex\/wp-content\/uploads\/sites\/8\/2023\/03\/Caminhada-na-Natureza-Crutac-Gabriel-Miguel_4-scaled-1-1024x683.jpg 1024w, https:\/\/www2.uepg.br\/proex\/wp-content\/uploads\/sites\/8\/2023\/03\/Caminhada-na-Natureza-Crutac-Gabriel-Miguel_4-scaled-1-768x512.jpg 768w, https:\/\/www2.uepg.br\/proex\/wp-content\/uploads\/sites\/8\/2023\/03\/Caminhada-na-Natureza-Crutac-Gabriel-Miguel_4-scaled-1-1536x1024.jpg 1536w, https:\/\/www2.uepg.br\/proex\/wp-content\/uploads\/sites\/8\/2023\/03\/Caminhada-na-Natureza-Crutac-Gabriel-Miguel_4-scaled-1-1232x821.jpg 1232w, https:\/\/www2.uepg.br\/proex\/wp-content\/uploads\/sites\/8\/2023\/03\/Caminhada-na-Natureza-Crutac-Gabriel-Miguel_4-scaled-1-1620x1080.jpg 1620w, https:\/\/www2.uepg.br\/proex\/wp-content\/uploads\/sites\/8\/2023\/03\/Caminhada-na-Natureza-Crutac-Gabriel-Miguel_4-scaled-1-272x182.jpg 272w, https:\/\/www2.uepg.br\/proex\/wp-content\/uploads\/sites\/8\/2023\/03\/Caminhada-na-Natureza-Crutac-Gabriel-Miguel_4-scaled-1.jpg 1920w\" sizes=\"(max-width: 300px) 100vw, 300px\" \/><\/a> <a href=\"https:\/\/www2.uepg.br\/proex\/wp-content\/uploads\/sites\/8\/2023\/03\/Caminhada-na-Natureza-Crutac-Gabriel-Miguel_2-scaled-1.jpg\"><img loading=\"lazy\" class=\"alignnone size-medium wp-image-7303\" src=\"https:\/\/www2.uepg.br\/proex\/wp-content\/uploads\/sites\/8\/2023\/03\/Caminhada-na-Natureza-Crutac-Gabriel-Miguel_2-scaled-1-300x200.jpg\" alt=\"\" width=\"300\" height=\"200\" srcset=\"https:\/\/www2.uepg.br\/proex\/wp-content\/uploads\/sites\/8\/2023\/03\/Caminhada-na-Natureza-Crutac-Gabriel-Miguel_2-scaled-1-300x200.jpg 300w, https:\/\/www2.uepg.br\/proex\/wp-content\/uploads\/sites\/8\/2023\/03\/Caminhada-na-Natureza-Crutac-Gabriel-Miguel_2-scaled-1-1024x683.jpg 1024w, https:\/\/www2.uepg.br\/proex\/wp-content\/uploads\/sites\/8\/2023\/03\/Caminhada-na-Natureza-Crutac-Gabriel-Miguel_2-scaled-1-768x512.jpg 768w, https:\/\/www2.uepg.br\/proex\/wp-content\/uploads\/sites\/8\/2023\/03\/Caminhada-na-Natureza-Crutac-Gabriel-Miguel_2-scaled-1-1536x1024.jpg 1536w, https:\/\/www2.uepg.br\/proex\/wp-content\/uploads\/sites\/8\/2023\/03\/Caminhada-na-Natureza-Crutac-Gabriel-Miguel_2-scaled-1-1232x821.jpg 1232w, https:\/\/www2.uepg.br\/proex\/wp-content\/uploads\/sites\/8\/2023\/03\/Caminhada-na-Natureza-Crutac-Gabriel-Miguel_2-scaled-1-1620x1080.jpg 1620w, https:\/\/www2.uepg.br\/proex\/wp-content\/uploads\/sites\/8\/2023\/03\/Caminhada-na-Natureza-Crutac-Gabriel-Miguel_2-scaled-1-272x182.jpg 272w, https:\/\/www2.uepg.br\/proex\/wp-content\/uploads\/sites\/8\/2023\/03\/Caminhada-na-Natureza-Crutac-Gabriel-Miguel_2-scaled-1.jpg 1920w\" sizes=\"(max-width: 300px) 100vw, 300px\" \/><\/a> <a href=\"https:\/\/www2.uepg.br\/proex\/wp-content\/uploads\/sites\/8\/2023\/03\/Caminhada-na-Natureza-Crutac-Amanda-Santos-scaled-1.jpg\"><img loading=\"lazy\" class=\"alignnone size-medium wp-image-7304\" src=\"https:\/\/www2.uepg.br\/proex\/wp-content\/uploads\/sites\/8\/2023\/03\/Caminhada-na-Natureza-Crutac-Amanda-Santos-scaled-1-300x200.jpg\" alt=\"\" width=\"300\" height=\"200\" srcset=\"https:\/\/www2.uepg.br\/proex\/wp-content\/uploads\/sites\/8\/2023\/03\/Caminhada-na-Natureza-Crutac-Amanda-Santos-scaled-1-300x200.jpg 300w, https:\/\/www2.uepg.br\/proex\/wp-content\/uploads\/sites\/8\/2023\/03\/Caminhada-na-Natureza-Crutac-Amanda-Santos-scaled-1-1024x683.jpg 1024w, https:\/\/www2.uepg.br\/proex\/wp-content\/uploads\/sites\/8\/2023\/03\/Caminhada-na-Natureza-Crutac-Amanda-Santos-scaled-1-768x512.jpg 768w, https:\/\/www2.uepg.br\/proex\/wp-content\/uploads\/sites\/8\/2023\/03\/Caminhada-na-Natureza-Crutac-Amanda-Santos-scaled-1-1536x1024.jpg 1536w, https:\/\/www2.uepg.br\/proex\/wp-content\/uploads\/sites\/8\/2023\/03\/Caminhada-na-Natureza-Crutac-Amanda-Santos-scaled-1-1232x821.jpg 1232w, https:\/\/www2.uepg.br\/proex\/wp-content\/uploads\/sites\/8\/2023\/03\/Caminhada-na-Natureza-Crutac-Amanda-Santos-scaled-1-1620x1080.jpg 1620w, https:\/\/www2.uepg.br\/proex\/wp-content\/uploads\/sites\/8\/2023\/03\/Caminhada-na-Natureza-Crutac-Amanda-Santos-scaled-1-272x182.jpg 272w, https:\/\/www2.uepg.br\/proex\/wp-content\/uploads\/sites\/8\/2023\/03\/Caminhada-na-Natureza-Crutac-Amanda-Santos-scaled-1.jpg 1920w\" sizes=\"(max-width: 300px) 100vw, 300px\" \/><\/a> <a href=\"https:\/\/www2.uepg.br\/proex\/wp-content\/uploads\/sites\/8\/2023\/03\/Caminhada-na-Natureza-Crutac-Amanda-Santos_13-scaled-1.jpg\"><img loading=\"lazy\" class=\"alignnone size-medium wp-image-7305\" src=\"https:\/\/www2.uepg.br\/proex\/wp-content\/uploads\/sites\/8\/2023\/03\/Caminhada-na-Natureza-Crutac-Amanda-Santos_13-scaled-1-300x200.jpg\" alt=\"\" width=\"300\" height=\"200\" srcset=\"https:\/\/www2.uepg.br\/proex\/wp-content\/uploads\/sites\/8\/2023\/03\/Caminhada-na-Natureza-Crutac-Amanda-Santos_13-scaled-1-300x200.jpg 300w, https:\/\/www2.uepg.br\/proex\/wp-content\/uploads\/sites\/8\/2023\/03\/Caminhada-na-Natureza-Crutac-Amanda-Santos_13-scaled-1-1024x683.jpg 1024w, https:\/\/www2.uepg.br\/proex\/wp-content\/uploads\/sites\/8\/2023\/03\/Caminhada-na-Natureza-Crutac-Amanda-Santos_13-scaled-1-768x512.jpg 768w, https:\/\/www2.uepg.br\/proex\/wp-content\/uploads\/sites\/8\/2023\/03\/Caminhada-na-Natureza-Crutac-Amanda-Santos_13-scaled-1-1536x1024.jpg 1536w, https:\/\/www2.uepg.br\/proex\/wp-content\/uploads\/sites\/8\/2023\/03\/Caminhada-na-Natureza-Crutac-Amanda-Santos_13-scaled-1-1232x821.jpg 1232w, https:\/\/www2.uepg.br\/proex\/wp-content\/uploads\/sites\/8\/2023\/03\/Caminhada-na-Natureza-Crutac-Amanda-Santos_13-scaled-1-1620x1080.jpg 1620w, https:\/\/www2.uepg.br\/proex\/wp-content\/uploads\/sites\/8\/2023\/03\/Caminhada-na-Natureza-Crutac-Amanda-Santos_13-scaled-1-272x182.jpg 272w, https:\/\/www2.uepg.br\/proex\/wp-content\/uploads\/sites\/8\/2023\/03\/Caminhada-na-Natureza-Crutac-Amanda-Santos_13-scaled-1.jpg 1920w\" sizes=\"(max-width: 300px) 100vw, 300px\" \/><\/a> <a href=\"https:\/\/www2.uepg.br\/proex\/wp-content\/uploads\/sites\/8\/2023\/03\/Caminhada-na-Natureza-Crutac-Amanda-Santos_12-scaled-1.jpg\"><img loading=\"lazy\" class=\"alignnone size-medium wp-image-7306\" src=\"https:\/\/www2.uepg.br\/proex\/wp-content\/uploads\/sites\/8\/2023\/03\/Caminhada-na-Natureza-Crutac-Amanda-Santos_12-scaled-1-300x200.jpg\" alt=\"\" width=\"300\" height=\"200\" srcset=\"https:\/\/www2.uepg.br\/proex\/wp-content\/uploads\/sites\/8\/2023\/03\/Caminhada-na-Natureza-Crutac-Amanda-Santos_12-scaled-1-300x200.jpg 300w, https:\/\/www2.uepg.br\/proex\/wp-content\/uploads\/sites\/8\/2023\/03\/Caminhada-na-Natureza-Crutac-Amanda-Santos_12-scaled-1-1024x683.jpg 1024w, https:\/\/www2.uepg.br\/proex\/wp-content\/uploads\/sites\/8\/2023\/03\/Caminhada-na-Natureza-Crutac-Amanda-Santos_12-scaled-1-768x512.jpg 768w, https:\/\/www2.uepg.br\/proex\/wp-content\/uploads\/sites\/8\/2023\/03\/Caminhada-na-Natureza-Crutac-Amanda-Santos_12-scaled-1-1536x1024.jpg 1536w, https:\/\/www2.uepg.br\/proex\/wp-content\/uploads\/sites\/8\/2023\/03\/Caminhada-na-Natureza-Crutac-Amanda-Santos_12-scaled-1-1232x821.jpg 1232w, https:\/\/www2.uepg.br\/proex\/wp-content\/uploads\/sites\/8\/2023\/03\/Caminhada-na-Natureza-Crutac-Amanda-Santos_12-scaled-1-1620x1080.jpg 1620w, https:\/\/www2.uepg.br\/proex\/wp-content\/uploads\/sites\/8\/2023\/03\/Caminhada-na-Natureza-Crutac-Amanda-Santos_12-scaled-1-272x182.jpg 272w, https:\/\/www2.uepg.br\/proex\/wp-content\/uploads\/sites\/8\/2023\/03\/Caminhada-na-Natureza-Crutac-Amanda-Santos_12-scaled-1.jpg 1920w\" sizes=\"(max-width: 300px) 100vw, 300px\" \/><\/a> <a href=\"https:\/\/www2.uepg.br\/proex\/wp-content\/uploads\/sites\/8\/2023\/03\/Caminhada-na-Natureza-Crutac-Amanda-Santos_11-scaled-1.jpg\"><img loading=\"lazy\" class=\"alignnone size-medium wp-image-7307\" src=\"https:\/\/www2.uepg.br\/proex\/wp-content\/uploads\/sites\/8\/2023\/03\/Caminhada-na-Natureza-Crutac-Amanda-Santos_11-scaled-1-300x200.jpg\" alt=\"\" width=\"300\" height=\"200\" srcset=\"https:\/\/www2.uepg.br\/proex\/wp-content\/uploads\/sites\/8\/2023\/03\/Caminhada-na-Natureza-Crutac-Amanda-Santos_11-scaled-1-300x200.jpg 300w, https:\/\/www2.uepg.br\/proex\/wp-content\/uploads\/sites\/8\/2023\/03\/Caminhada-na-Natureza-Crutac-Amanda-Santos_11-scaled-1-1024x683.jpg 1024w, https:\/\/www2.uepg.br\/proex\/wp-content\/uploads\/sites\/8\/2023\/03\/Caminhada-na-Natureza-Crutac-Amanda-Santos_11-scaled-1-768x512.jpg 768w, https:\/\/www2.uepg.br\/proex\/wp-content\/uploads\/sites\/8\/2023\/03\/Caminhada-na-Natureza-Crutac-Amanda-Santos_11-scaled-1-1536x1024.jpg 1536w, https:\/\/www2.uepg.br\/proex\/wp-content\/uploads\/sites\/8\/2023\/03\/Caminhada-na-Natureza-Crutac-Amanda-Santos_11-scaled-1-1232x821.jpg 1232w, https:\/\/www2.uepg.br\/proex\/wp-content\/uploads\/sites\/8\/2023\/03\/Caminhada-na-Natureza-Crutac-Amanda-Santos_11-scaled-1-1620x1080.jpg 1620w, https:\/\/www2.uepg.br\/proex\/wp-content\/uploads\/sites\/8\/2023\/03\/Caminhada-na-Natureza-Crutac-Amanda-Santos_11-scaled-1-272x182.jpg 272w, https:\/\/www2.uepg.br\/proex\/wp-content\/uploads\/sites\/8\/2023\/03\/Caminhada-na-Natureza-Crutac-Amanda-Santos_11-scaled-1.jpg 1920w\" sizes=\"(max-width: 300px) 100vw, 300px\" \/><\/a> <a href=\"https:\/\/www2.uepg.br\/proex\/wp-content\/uploads\/sites\/8\/2023\/03\/Caminhada-na-Natureza-Crutac-Amanda-Santos_10-scaled-1.jpg\"><img loading=\"lazy\" class=\"alignnone size-medium wp-image-7308\" src=\"https:\/\/www2.uepg.br\/proex\/wp-content\/uploads\/sites\/8\/2023\/03\/Caminhada-na-Natureza-Crutac-Amanda-Santos_10-scaled-1-300x200.jpg\" alt=\"\" width=\"300\" height=\"200\" srcset=\"https:\/\/www2.uepg.br\/proex\/wp-content\/uploads\/sites\/8\/2023\/03\/Caminhada-na-Natureza-Crutac-Amanda-Santos_10-scaled-1-300x200.jpg 300w, https:\/\/www2.uepg.br\/proex\/wp-content\/uploads\/sites\/8\/2023\/03\/Caminhada-na-Natureza-Crutac-Amanda-Santos_10-scaled-1-1024x683.jpg 1024w, https:\/\/www2.uepg.br\/proex\/wp-content\/uploads\/sites\/8\/2023\/03\/Caminhada-na-Natureza-Crutac-Amanda-Santos_10-scaled-1-768x512.jpg 768w, https:\/\/www2.uepg.br\/proex\/wp-content\/uploads\/sites\/8\/2023\/03\/Caminhada-na-Natureza-Crutac-Amanda-Santos_10-scaled-1-1536x1024.jpg 1536w, https:\/\/www2.uepg.br\/proex\/wp-content\/uploads\/sites\/8\/2023\/03\/Caminhada-na-Natureza-Crutac-Amanda-Santos_10-scaled-1-1232x821.jpg 1232w, https:\/\/www2.uepg.br\/proex\/wp-content\/uploads\/sites\/8\/2023\/03\/Caminhada-na-Natureza-Crutac-Amanda-Santos_10-scaled-1-1620x1080.jpg 1620w, https:\/\/www2.uepg.br\/proex\/wp-content\/uploads\/sites\/8\/2023\/03\/Caminhada-na-Natureza-Crutac-Amanda-Santos_10-scaled-1-272x182.jpg 272w, https:\/\/www2.uepg.br\/proex\/wp-content\/uploads\/sites\/8\/2023\/03\/Caminhada-na-Natureza-Crutac-Amanda-Santos_10-scaled-1.jpg 1920w\" sizes=\"(max-width: 300px) 100vw, 300px\" \/><\/a> <a href=\"https:\/\/www2.uepg.br\/proex\/wp-content\/uploads\/sites\/8\/2023\/03\/Caminhada-na-Natureza-Crutac-Amanda-Santos_9-scaled-1.jpg\"><img loading=\"lazy\" class=\"alignnone size-medium wp-image-7309\" src=\"https:\/\/www2.uepg.br\/proex\/wp-content\/uploads\/sites\/8\/2023\/03\/Caminhada-na-Natureza-Crutac-Amanda-Santos_9-scaled-1-300x200.jpg\" alt=\"\" width=\"300\" height=\"200\" srcset=\"https:\/\/www2.uepg.br\/proex\/wp-content\/uploads\/sites\/8\/2023\/03\/Caminhada-na-Natureza-Crutac-Amanda-Santos_9-scaled-1-300x200.jpg 300w, https:\/\/www2.uepg.br\/proex\/wp-content\/uploads\/sites\/8\/2023\/03\/Caminhada-na-Natureza-Crutac-Amanda-Santos_9-scaled-1-1024x683.jpg 1024w, https:\/\/www2.uepg.br\/proex\/wp-content\/uploads\/sites\/8\/2023\/03\/Caminhada-na-Natureza-Crutac-Amanda-Santos_9-scaled-1-768x512.jpg 768w, https:\/\/www2.uepg.br\/proex\/wp-content\/uploads\/sites\/8\/2023\/03\/Caminhada-na-Natureza-Crutac-Amanda-Santos_9-scaled-1-1536x1024.jpg 1536w, https:\/\/www2.uepg.br\/proex\/wp-content\/uploads\/sites\/8\/2023\/03\/Caminhada-na-Natureza-Crutac-Amanda-Santos_9-scaled-1-1232x821.jpg 1232w, https:\/\/www2.uepg.br\/proex\/wp-content\/uploads\/sites\/8\/2023\/03\/Caminhada-na-Natureza-Crutac-Amanda-Santos_9-scaled-1-1620x1080.jpg 1620w, https:\/\/www2.uepg.br\/proex\/wp-content\/uploads\/sites\/8\/2023\/03\/Caminhada-na-Natureza-Crutac-Amanda-Santos_9-scaled-1-272x182.jpg 272w, https:\/\/www2.uepg.br\/proex\/wp-content\/uploads\/sites\/8\/2023\/03\/Caminhada-na-Natureza-Crutac-Amanda-Santos_9-scaled-1.jpg 1920w\" sizes=\"(max-width: 300px) 100vw, 300px\" \/><\/a> \u00a0<a href=\"https:\/\/www2.uepg.br\/proex\/wp-content\/uploads\/sites\/8\/2023\/03\/Caminhada-na-Natureza-Crutac-Amanda-Santos_7-scaled-1.jpg\"><img loading=\"lazy\" class=\"alignnone size-medium wp-image-7311\" src=\"https:\/\/www2.uepg.br\/proex\/wp-content\/uploads\/sites\/8\/2023\/03\/Caminhada-na-Natureza-Crutac-Amanda-Santos_7-scaled-1-300x200.jpg\" alt=\"\" width=\"300\" height=\"200\" srcset=\"https:\/\/www2.uepg.br\/proex\/wp-content\/uploads\/sites\/8\/2023\/03\/Caminhada-na-Natureza-Crutac-Amanda-Santos_7-scaled-1-300x200.jpg 300w, https:\/\/www2.uepg.br\/proex\/wp-content\/uploads\/sites\/8\/2023\/03\/Caminhada-na-Natureza-Crutac-Amanda-Santos_7-scaled-1-1024x683.jpg 1024w, https:\/\/www2.uepg.br\/proex\/wp-content\/uploads\/sites\/8\/2023\/03\/Caminhada-na-Natureza-Crutac-Amanda-Santos_7-scaled-1-768x512.jpg 768w, https:\/\/www2.uepg.br\/proex\/wp-content\/uploads\/sites\/8\/2023\/03\/Caminhada-na-Natureza-Crutac-Amanda-Santos_7-scaled-1-1536x1024.jpg 1536w, https:\/\/www2.uepg.br\/proex\/wp-content\/uploads\/sites\/8\/2023\/03\/Caminhada-na-Natureza-Crutac-Amanda-Santos_7-scaled-1-1232x821.jpg 1232w, https:\/\/www2.uepg.br\/proex\/wp-content\/uploads\/sites\/8\/2023\/03\/Caminhada-na-Natureza-Crutac-Amanda-Santos_7-scaled-1-1620x1080.jpg 1620w, https:\/\/www2.uepg.br\/proex\/wp-content\/uploads\/sites\/8\/2023\/03\/Caminhada-na-Natureza-Crutac-Amanda-Santos_7-scaled-1-272x182.jpg 272w, https:\/\/www2.uepg.br\/proex\/wp-content\/uploads\/sites\/8\/2023\/03\/Caminhada-na-Natureza-Crutac-Amanda-Santos_7-scaled-1.jpg 1920w\" sizes=\"(max-width: 300px) 100vw, 300px\" \/><\/a> <a href=\"https:\/\/www2.uepg.br\/proex\/wp-content\/uploads\/sites\/8\/2023\/03\/Caminhada-na-Natureza-Crutac-Amanda-Santos_5-scaled-1.jpg\"><img loading=\"lazy\" class=\"alignnone size-medium wp-image-7312\" src=\"https:\/\/www2.uepg.br\/proex\/wp-content\/uploads\/sites\/8\/2023\/03\/Caminhada-na-Natureza-Crutac-Amanda-Santos_5-scaled-1-300x200.jpg\" alt=\"\" width=\"300\" height=\"200\" srcset=\"https:\/\/www2.uepg.br\/proex\/wp-content\/uploads\/sites\/8\/2023\/03\/Caminhada-na-Natureza-Crutac-Amanda-Santos_5-scaled-1-300x200.jpg 300w, https:\/\/www2.uepg.br\/proex\/wp-content\/uploads\/sites\/8\/2023\/03\/Caminhada-na-Natureza-Crutac-Amanda-Santos_5-scaled-1-1024x683.jpg 1024w, https:\/\/www2.uepg.br\/proex\/wp-content\/uploads\/sites\/8\/2023\/03\/Caminhada-na-Natureza-Crutac-Amanda-Santos_5-scaled-1-768x512.jpg 768w, https:\/\/www2.uepg.br\/proex\/wp-content\/uploads\/sites\/8\/2023\/03\/Caminhada-na-Natureza-Crutac-Amanda-Santos_5-scaled-1-1536x1024.jpg 1536w, https:\/\/www2.uepg.br\/proex\/wp-content\/uploads\/sites\/8\/2023\/03\/Caminhada-na-Natureza-Crutac-Amanda-Santos_5-scaled-1-1232x821.jpg 1232w, https:\/\/www2.uepg.br\/proex\/wp-content\/uploads\/sites\/8\/2023\/03\/Caminhada-na-Natureza-Crutac-Amanda-Santos_5-scaled-1-1620x1080.jpg 1620w, https:\/\/www2.uepg.br\/proex\/wp-content\/uploads\/sites\/8\/2023\/03\/Caminhada-na-Natureza-Crutac-Amanda-Santos_5-scaled-1-272x182.jpg 272w, https:\/\/www2.uepg.br\/proex\/wp-content\/uploads\/sites\/8\/2023\/03\/Caminhada-na-Natureza-Crutac-Amanda-Santos_5-scaled-1.jpg 1920w\" sizes=\"(max-width: 300px) 100vw, 300px\" \/><\/a> \u00a0<a href=\"https:\/\/www2.uepg.br\/proex\/wp-content\/uploads\/sites\/8\/2023\/03\/Caminhada-na-Natureza-Crutac-Amanda-Santos_3-scaled-1.jpg\"><img loading=\"lazy\" class=\"alignnone size-medium wp-image-7314\" src=\"https:\/\/www2.uepg.br\/proex\/wp-content\/uploads\/sites\/8\/2023\/03\/Caminhada-na-Natureza-Crutac-Amanda-Santos_3-scaled-1-300x200.jpg\" alt=\"\" width=\"300\" height=\"200\" srcset=\"https:\/\/www2.uepg.br\/proex\/wp-content\/uploads\/sites\/8\/2023\/03\/Caminhada-na-Natureza-Crutac-Amanda-Santos_3-scaled-1-300x200.jpg 300w, https:\/\/www2.uepg.br\/proex\/wp-content\/uploads\/sites\/8\/2023\/03\/Caminhada-na-Natureza-Crutac-Amanda-Santos_3-scaled-1-1024x683.jpg 1024w, https:\/\/www2.uepg.br\/proex\/wp-content\/uploads\/sites\/8\/2023\/03\/Caminhada-na-Natureza-Crutac-Amanda-Santos_3-scaled-1-768x512.jpg 768w, https:\/\/www2.uepg.br\/proex\/wp-content\/uploads\/sites\/8\/2023\/03\/Caminhada-na-Natureza-Crutac-Amanda-Santos_3-scaled-1-1536x1024.jpg 1536w, https:\/\/www2.uepg.br\/proex\/wp-content\/uploads\/sites\/8\/2023\/03\/Caminhada-na-Natureza-Crutac-Amanda-Santos_3-scaled-1-1232x821.jpg 1232w, https:\/\/www2.uepg.br\/proex\/wp-content\/uploads\/sites\/8\/2023\/03\/Caminhada-na-Natureza-Crutac-Amanda-Santos_3-scaled-1-1620x1080.jpg 1620w, https:\/\/www2.uepg.br\/proex\/wp-content\/uploads\/sites\/8\/2023\/03\/Caminhada-na-Natureza-Crutac-Amanda-Santos_3-scaled-1-272x182.jpg 272w, https:\/\/www2.uepg.br\/proex\/wp-content\/uploads\/sites\/8\/2023\/03\/Caminhada-na-Natureza-Crutac-Amanda-Santos_3-scaled-1.jpg 1920w\" sizes=\"(max-width: 300px) 100vw, 300px\" \/><\/a> <a href=\"https:\/\/www2.uepg.br\/proex\/wp-content\/uploads\/sites\/8\/2023\/03\/Caminhada-na-Natureza-Crutac-Amanda-Santos_2-scaled-1.jpg\"><img loading=\"lazy\" class=\"alignnone size-medium wp-image-7315\" src=\"https:\/\/www2.uepg.br\/proex\/wp-content\/uploads\/sites\/8\/2023\/03\/Caminhada-na-Natureza-Crutac-Amanda-Santos_2-scaled-1-300x200.jpg\" alt=\"\" width=\"300\" height=\"200\" srcset=\"https:\/\/www2.uepg.br\/proex\/wp-content\/uploads\/sites\/8\/2023\/03\/Caminhada-na-Natureza-Crutac-Amanda-Santos_2-scaled-1-300x200.jpg 300w, https:\/\/www2.uepg.br\/proex\/wp-content\/uploads\/sites\/8\/2023\/03\/Caminhada-na-Natureza-Crutac-Amanda-Santos_2-scaled-1-1024x683.jpg 1024w, https:\/\/www2.uepg.br\/proex\/wp-content\/uploads\/sites\/8\/2023\/03\/Caminhada-na-Natureza-Crutac-Amanda-Santos_2-scaled-1-768x512.jpg 768w, https:\/\/www2.uepg.br\/proex\/wp-content\/uploads\/sites\/8\/2023\/03\/Caminhada-na-Natureza-Crutac-Amanda-Santos_2-scaled-1-1536x1024.jpg 1536w, https:\/\/www2.uepg.br\/proex\/wp-content\/uploads\/sites\/8\/2023\/03\/Caminhada-na-Natureza-Crutac-Amanda-Santos_2-scaled-1-1232x821.jpg 1232w, https:\/\/www2.uepg.br\/proex\/wp-content\/uploads\/sites\/8\/2023\/03\/Caminhada-na-Natureza-Crutac-Amanda-Santos_2-scaled-1-1620x1080.jpg 1620w, https:\/\/www2.uepg.br\/proex\/wp-content\/uploads\/sites\/8\/2023\/03\/Caminhada-na-Natureza-Crutac-Amanda-Santos_2-scaled-1-272x182.jpg 272w, https:\/\/www2.uepg.br\/proex\/wp-content\/uploads\/sites\/8\/2023\/03\/Caminhada-na-Natureza-Crutac-Amanda-Santos_2-scaled-1.jpg 1920w\" sizes=\"(max-width: 300px) 100vw, 300px\" \/><\/a> <a href=\"https:\/\/www2.uepg.br\/proex\/wp-content\/uploads\/sites\/8\/2023\/03\/Caminhada-na-Natureza-Crutac-Amanda-Santos_1-scaled-1.jpg\"><img loading=\"lazy\" class=\"alignnone size-medium wp-image-7316\" src=\"https:\/\/www2.uepg.br\/proex\/wp-content\/uploads\/sites\/8\/2023\/03\/Caminhada-na-Natureza-Crutac-Amanda-Santos_1-scaled-1-300x200.jpg\" alt=\"\" width=\"300\" height=\"200\" srcset=\"https:\/\/www2.uepg.br\/proex\/wp-content\/uploads\/sites\/8\/2023\/03\/Caminhada-na-Natureza-Crutac-Amanda-Santos_1-scaled-1-300x200.jpg 300w, https:\/\/www2.uepg.br\/proex\/wp-content\/uploads\/sites\/8\/2023\/03\/Caminhada-na-Natureza-Crutac-Amanda-Santos_1-scaled-1-1024x683.jpg 1024w, https:\/\/www2.uepg.br\/proex\/wp-content\/uploads\/sites\/8\/2023\/03\/Caminhada-na-Natureza-Crutac-Amanda-Santos_1-scaled-1-768x512.jpg 768w, https:\/\/www2.uepg.br\/proex\/wp-content\/uploads\/sites\/8\/2023\/03\/Caminhada-na-Natureza-Crutac-Amanda-Santos_1-scaled-1-1536x1024.jpg 1536w, https:\/\/www2.uepg.br\/proex\/wp-content\/uploads\/sites\/8\/2023\/03\/Caminhada-na-Natureza-Crutac-Amanda-Santos_1-scaled-1-1232x821.jpg 1232w, https:\/\/www2.uepg.br\/proex\/wp-content\/uploads\/sites\/8\/2023\/03\/Caminhada-na-Natureza-Crutac-Amanda-Santos_1-scaled-1-1620x1080.jpg 1620w, https:\/\/www2.uepg.br\/proex\/wp-content\/uploads\/sites\/8\/2023\/03\/Caminhada-na-Natureza-Crutac-Amanda-Santos_1-scaled-1-272x182.jpg 272w, https:\/\/www2.uepg.br\/proex\/wp-content\/uploads\/sites\/8\/2023\/03\/Caminhada-na-Natureza-Crutac-Amanda-Santos_1-scaled-1.jpg 1920w\" sizes=\"(max-width: 300px) 100vw, 300px\" \/><\/a> <a href=\"https:\/\/www2.uepg.br\/proex\/wp-content\/uploads\/sites\/8\/2023\/03\/Intervencao-artistica-no-Crutac-Gabriel-Miguel_2-scaled-1.jpg\"><img loading=\"lazy\" class=\"alignnone size-medium wp-image-7317\" src=\"https:\/\/www2.uepg.br\/proex\/wp-content\/uploads\/sites\/8\/2023\/03\/Intervencao-artistica-no-Crutac-Gabriel-Miguel_2-scaled-1-300x200.jpg\" alt=\"\" width=\"300\" height=\"200\" srcset=\"https:\/\/www2.uepg.br\/proex\/wp-content\/uploads\/sites\/8\/2023\/03\/Intervencao-artistica-no-Crutac-Gabriel-Miguel_2-scaled-1-300x200.jpg 300w, https:\/\/www2.uepg.br\/proex\/wp-content\/uploads\/sites\/8\/2023\/03\/Intervencao-artistica-no-Crutac-Gabriel-Miguel_2-scaled-1-1024x683.jpg 1024w, https:\/\/www2.uepg.br\/proex\/wp-content\/uploads\/sites\/8\/2023\/03\/Intervencao-artistica-no-Crutac-Gabriel-Miguel_2-scaled-1-768x512.jpg 768w, https:\/\/www2.uepg.br\/proex\/wp-content\/uploads\/sites\/8\/2023\/03\/Intervencao-artistica-no-Crutac-Gabriel-Miguel_2-scaled-1-1536x1024.jpg 1536w, https:\/\/www2.uepg.br\/proex\/wp-content\/uploads\/sites\/8\/2023\/03\/Intervencao-artistica-no-Crutac-Gabriel-Miguel_2-scaled-1-1232x821.jpg 1232w, https:\/\/www2.uepg.br\/proex\/wp-content\/uploads\/sites\/8\/2023\/03\/Intervencao-artistica-no-Crutac-Gabriel-Miguel_2-scaled-1-1620x1080.jpg 1620w, https:\/\/www2.uepg.br\/proex\/wp-content\/uploads\/sites\/8\/2023\/03\/Intervencao-artistica-no-Crutac-Gabriel-Miguel_2-scaled-1-272x182.jpg 272w, https:\/\/www2.uepg.br\/proex\/wp-content\/uploads\/sites\/8\/2023\/03\/Intervencao-artistica-no-Crutac-Gabriel-Miguel_2-scaled-1.jpg 1920w\" sizes=\"(max-width: 300px) 100vw, 300px\" \/><\/a> <a href=\"https:\/\/www2.uepg.br\/proex\/wp-content\/uploads\/sites\/8\/2023\/03\/Intervencao-artistica-no-Crutac-Gabriel-Miguel_3-scaled-1.jpg\"><img loading=\"lazy\" class=\"alignnone size-medium wp-image-7318\" src=\"https:\/\/www2.uepg.br\/proex\/wp-content\/uploads\/sites\/8\/2023\/03\/Intervencao-artistica-no-Crutac-Gabriel-Miguel_3-scaled-1-300x200.jpg\" alt=\"\" width=\"300\" height=\"200\" srcset=\"https:\/\/www2.uepg.br\/proex\/wp-content\/uploads\/sites\/8\/2023\/03\/Intervencao-artistica-no-Crutac-Gabriel-Miguel_3-scaled-1-300x200.jpg 300w, https:\/\/www2.uepg.br\/proex\/wp-content\/uploads\/sites\/8\/2023\/03\/Intervencao-artistica-no-Crutac-Gabriel-Miguel_3-scaled-1-1024x683.jpg 1024w, https:\/\/www2.uepg.br\/proex\/wp-content\/uploads\/sites\/8\/2023\/03\/Intervencao-artistica-no-Crutac-Gabriel-Miguel_3-scaled-1-768x512.jpg 768w, https:\/\/www2.uepg.br\/proex\/wp-content\/uploads\/sites\/8\/2023\/03\/Intervencao-artistica-no-Crutac-Gabriel-Miguel_3-scaled-1-1536x1024.jpg 1536w, https:\/\/www2.uepg.br\/proex\/wp-content\/uploads\/sites\/8\/2023\/03\/Intervencao-artistica-no-Crutac-Gabriel-Miguel_3-scaled-1-1232x821.jpg 1232w, https:\/\/www2.uepg.br\/proex\/wp-content\/uploads\/sites\/8\/2023\/03\/Intervencao-artistica-no-Crutac-Gabriel-Miguel_3-scaled-1-1620x1080.jpg 1620w, https:\/\/www2.uepg.br\/proex\/wp-content\/uploads\/sites\/8\/2023\/03\/Intervencao-artistica-no-Crutac-Gabriel-Miguel_3-scaled-1-272x182.jpg 272w, https:\/\/www2.uepg.br\/proex\/wp-content\/uploads\/sites\/8\/2023\/03\/Intervencao-artistica-no-Crutac-Gabriel-Miguel_3-scaled-1.jpg 1920w\" sizes=\"(max-width: 300px) 100vw, 300px\" \/><\/a> <a href=\"https:\/\/www2.uepg.br\/proex\/wp-content\/uploads\/sites\/8\/2023\/03\/Intervencao-artistica-no-Crutac-Gabriel-Miguel-scaled-1.jpg\"><img loading=\"lazy\" class=\"alignnone size-medium wp-image-7320\" src=\"https:\/\/www2.uepg.br\/proex\/wp-content\/uploads\/sites\/8\/2023\/03\/Intervencao-artistica-no-Crutac-Gabriel-Miguel-scaled-1-300x200.jpg\" alt=\"\" width=\"300\" height=\"200\" srcset=\"https:\/\/www2.uepg.br\/proex\/wp-content\/uploads\/sites\/8\/2023\/03\/Intervencao-artistica-no-Crutac-Gabriel-Miguel-scaled-1-300x200.jpg 300w, https:\/\/www2.uepg.br\/proex\/wp-content\/uploads\/sites\/8\/2023\/03\/Intervencao-artistica-no-Crutac-Gabriel-Miguel-scaled-1-1024x683.jpg 1024w, https:\/\/www2.uepg.br\/proex\/wp-content\/uploads\/sites\/8\/2023\/03\/Intervencao-artistica-no-Crutac-Gabriel-Miguel-scaled-1-768x512.jpg 768w, https:\/\/www2.uepg.br\/proex\/wp-content\/uploads\/sites\/8\/2023\/03\/Intervencao-artistica-no-Crutac-Gabriel-Miguel-scaled-1-1536x1024.jpg 1536w, https:\/\/www2.uepg.br\/proex\/wp-content\/uploads\/sites\/8\/2023\/03\/Intervencao-artistica-no-Crutac-Gabriel-Miguel-scaled-1-1232x821.jpg 1232w, https:\/\/www2.uepg.br\/proex\/wp-content\/uploads\/sites\/8\/2023\/03\/Intervencao-artistica-no-Crutac-Gabriel-Miguel-scaled-1-1620x1080.jpg 1620w, https:\/\/www2.uepg.br\/proex\/wp-content\/uploads\/sites\/8\/2023\/03\/Intervencao-artistica-no-Crutac-Gabriel-Miguel-scaled-1-272x182.jpg 272w, https:\/\/www2.uepg.br\/proex\/wp-content\/uploads\/sites\/8\/2023\/03\/Intervencao-artistica-no-Crutac-Gabriel-Miguel-scaled-1.jpg 1920w\" sizes=\"(max-width: 300px) 100vw, 300px\" \/><\/a><\/p><\/blockquote>\n","protected":false},"excerpt":{"rendered":"<p>A Universidade Estadual de Ponta Grossa (UEPG), por meio da Pr\u00f3-Reitoria de Extens\u00e3o e Assuntos Culturais (Proex),\u00a0revitalizou o Centro Rural de Treinamento de A\u00e7\u00e3o Comunit\u00e1ria (Crutac), no Distrito Rural de Itaiacoca. A a\u00e7\u00e3o aconteceu com alunos e professores do curso de Licenciatura em Artes Visuais, para receber participantes da Caminhada Internacional na Natureza, no \u00faltimo&nbsp;&hellip;<\/p>\n","protected":false},"author":590,"featured_media":7321,"comment_status":"closed","ping_status":"closed","sticky":false,"template":"","format":"standard","meta":[],"categories":[8],"tags":[],"_links":{"self":[{"href":"https:\/\/www2.uepg.br\/proex\/wp-json\/wp\/v2\/posts\/7295"}],"collection":[{"href":"https:\/\/www2.uepg.br\/proex\/wp-json\/wp\/v2\/posts"}],"about":[{"href":"https:\/\/www2.uepg.br\/proex\/wp-json\/wp\/v2\/types\/post"}],"author":[{"embeddable":true,"href":"https:\/\/www2.uepg.br\/proex\/wp-json\/wp\/v2\/users\/590"}],"replies":[{"embeddable":true,"href":"https:\/\/www2.uepg.br\/proex\/wp-json\/wp\/v2\/comments?post=7295"}],"version-history":[{"count":5,"href":"https:\/\/www2.uepg.br\/proex\/wp-json\/wp\/v2\/posts\/7295\/revisions"}],"predecessor-version":[{"id":7326,"href":"https:\/\/www2.uepg.br\/proex\/wp-json\/wp\/v2\/posts\/7295\/revisions\/7326"}],"wp:featuredmedia":[{"embeddable":true,"href":"https:\/\/www2.uepg.br\/proex\/wp-json\/wp\/v2\/media\/7321"}],"wp:attachment":[{"href":"https:\/\/www2.uepg.br\/proex\/wp-json\/wp\/v2\/media?parent=7295"}],"wp:term":[{"taxonomy":"category","embeddable":true,"href":"https:\/\/www2.uepg.br\/proex\/wp-json\/wp\/v2\/categories?post=7295"},{"taxonomy":"post_tag","embeddable":true,"href":"https:\/\/www2.uepg.br\/proex\/wp-json\/wp\/v2\/tags?post=7295"}],"curies":[{"name":"wp","href":"https:\/\/api.w.org\/{rel}","templated":true}]}}