{"id":7327,"date":"2023-03-08T11:44:53","date_gmt":"2023-03-08T14:44:53","guid":{"rendered":"https:\/\/www2.uepg.br\/proex\/?p=7327"},"modified":"2023-03-08T11:44:53","modified_gmt":"2023-03-08T14:44:53","slug":"35o-festival-universitario-da-cancao-esta-com-inscricoes-abertas","status":"publish","type":"post","link":"https:\/\/www2.uepg.br\/proex\/35o-festival-universitario-da-cancao-esta-com-inscricoes-abertas\/","title":{"rendered":"35\u00ba Festival Universit\u00e1rio da Can\u00e7\u00e3o est\u00e1 com inscri\u00e7\u00f5es abertas"},"content":{"rendered":"<p>A Universidade Estadual de Ponta Grossa (UEPG) est\u00e1 com inscri\u00e7\u00f5es abertas a artistas que desejam participar do 35\u00ba Festival Universit\u00e1rio da Can\u00e7\u00e3o (FUC). Promovido pela Funda\u00e7\u00e3o de Apoio ao Desenvolvimento Institucional, Cient\u00edfico e Tecnol\u00f3gico da Universidade Estadual de Ponta Grossa (FAUEPG) e Diretoria de Assuntos Culturais da Pr\u00f3-Reitoria de Assuntos Culturais (DAC-Proex), o Festival segue com inscri\u00e7\u00f5es at\u00e9 11 de abril.<\/p>\n<p>O Festival \u00e9 voltado a compositores e int\u00e9rpretes dos Campos Gerais, com R$ 12 mil em pr\u00eamios. Os candidatos selecionados se apresentar\u00e3o ao vivo em 17 de junho, no Cine-Teatro \u00d3pera. Ser\u00e3o doze apresenta\u00e7\u00f5es, que passar\u00e3o por uma curadoria da m\u00fasica, letra e interpreta\u00e7\u00e3o.<\/p>\n<p>Interessados devem enviar a grava\u00e7\u00e3o da m\u00fasica, letra e lista de instrumentos, al\u00e9m dos dados dos compositores e int\u00e9rpretes,\u00a0de forma exclusivamente de forma online. A lista das m\u00fasicas escolhidas ser\u00e1 divulgada at\u00e9 02 de maio, com prazo para envio da confirma\u00e7\u00e3o de participa\u00e7\u00e3o at\u00e9 08 de maio.<\/p>\n<p><strong>Normas<\/strong><\/p>\n<p>Podem se inscrever maiores de 18 anos com can\u00e7\u00f5es in\u00e9ditas ou n\u00e3o, desde que n\u00e3o tenham sido premiadas anteriormente ou j\u00e1 apresentadas em alguma edi\u00e7\u00e3o do FUC, com autoria e interpreta\u00e7\u00e3o totalmente original e em l\u00edngua portuguesa. \u00c9 livre a inscri\u00e7\u00e3o de mais de uma m\u00fasica para a primeira fase de sele\u00e7\u00e3o, por\u00e9m, apenas uma poder\u00e1 concorrer.<\/p>\n<p>Os int\u00e9rpretes que desejem se inscrever devem representar e defender apenas uma can\u00e7\u00e3o, n\u00e3o sendo poss\u00edvel que atuem como\u00a0<em>backing vocals<\/em>\u00a0ou instrumentistas de outros candidatos. Os arranjos musicais apresentados na grava\u00e7\u00e3o de sele\u00e7\u00e3o precisam ser id\u00eanticos aos que ser\u00e3o performados no Festival.<\/p>\n<p>As inscri\u00e7\u00f5es ser\u00e3o aceitas de artistas residentes nos munic\u00edpios Associa\u00e7\u00e3o dos Munic\u00edpios dos Campos Gerais (AMCG): Arapoti, Carambe\u00ed, Castro, Curi\u00fava, Imba\u00fa, Ipiranga, Iva\u00ed, Jaguaria\u00edva, Ortigueira, Palmeira, Pira\u00ed do Sul, Ponta Grossa, Porto Amazonas, Reserva, S\u00e3o Jo\u00e3o do Triunfo, Seng\u00e9s, Tel\u00eamaco Borba, Tibagi e Ventania.<\/p>\n<p>Para mais informa\u00e7\u00f5es acesse o regulamento no site\u00a0<a role=\"link\" href=\"https:\/\/www2.uepg.br\/fuc\/editais\/\">www2.uepg.br\/fuc\/editais.<\/a><\/p>\n<p>O 35\u00b0 Festival Universit\u00e1rio da Can\u00e7\u00e3o tem o patroc\u00ednio master da Belgotex do Brasil e patroc\u00ednio da Unimed Ponta Grossa e Col\u00e9gio Sepam, com incentivo da Prefeitura de Ponta Grossa por meio do Programa Municipal de Incentivo Fiscal \u00e0 Cultura (Promific), da Secretaria Municipal de Cultura e Conselho Municipal de Pol\u00edtica Cultural; e da Lei de Incentivo a Eventos Geradores de Fluxo Tur\u00edstico, da Secretaria Municipal de Turismo e Conselho Municipal de Turismo.<\/p>\n","protected":false},"excerpt":{"rendered":"<p>A Universidade Estadual de Ponta Grossa (UEPG) est\u00e1 com inscri\u00e7\u00f5es abertas a artistas que desejam participar do 35\u00ba Festival Universit\u00e1rio da Can\u00e7\u00e3o (FUC). Promovido pela Funda\u00e7\u00e3o de Apoio ao Desenvolvimento Institucional, Cient\u00edfico e Tecnol\u00f3gico da Universidade Estadual de Ponta Grossa (FAUEPG) e Diretoria de Assuntos Culturais da Pr\u00f3-Reitoria de Assuntos Culturais (DAC-Proex), o Festival segue&nbsp;&hellip;<\/p>\n","protected":false},"author":590,"featured_media":7328,"comment_status":"closed","ping_status":"closed","sticky":false,"template":"","format":"standard","meta":[],"categories":[8],"tags":[],"_links":{"self":[{"href":"https:\/\/www2.uepg.br\/proex\/wp-json\/wp\/v2\/posts\/7327"}],"collection":[{"href":"https:\/\/www2.uepg.br\/proex\/wp-json\/wp\/v2\/posts"}],"about":[{"href":"https:\/\/www2.uepg.br\/proex\/wp-json\/wp\/v2\/types\/post"}],"author":[{"embeddable":true,"href":"https:\/\/www2.uepg.br\/proex\/wp-json\/wp\/v2\/users\/590"}],"replies":[{"embeddable":true,"href":"https:\/\/www2.uepg.br\/proex\/wp-json\/wp\/v2\/comments?post=7327"}],"version-history":[{"count":1,"href":"https:\/\/www2.uepg.br\/proex\/wp-json\/wp\/v2\/posts\/7327\/revisions"}],"predecessor-version":[{"id":7329,"href":"https:\/\/www2.uepg.br\/proex\/wp-json\/wp\/v2\/posts\/7327\/revisions\/7329"}],"wp:featuredmedia":[{"embeddable":true,"href":"https:\/\/www2.uepg.br\/proex\/wp-json\/wp\/v2\/media\/7328"}],"wp:attachment":[{"href":"https:\/\/www2.uepg.br\/proex\/wp-json\/wp\/v2\/media?parent=7327"}],"wp:term":[{"taxonomy":"category","embeddable":true,"href":"https:\/\/www2.uepg.br\/proex\/wp-json\/wp\/v2\/categories?post=7327"},{"taxonomy":"post_tag","embeddable":true,"href":"https:\/\/www2.uepg.br\/proex\/wp-json\/wp\/v2\/tags?post=7327"}],"curies":[{"name":"wp","href":"https:\/\/api.w.org\/{rel}","templated":true}]}}