{"id":7331,"date":"2023-03-10T08:13:46","date_gmt":"2023-03-10T11:13:46","guid":{"rendered":"https:\/\/www2.uepg.br\/proex\/?p=7331"},"modified":"2023-03-10T08:13:46","modified_gmt":"2023-03-10T11:13:46","slug":"grupo-de-teatro-universitario-tem-inscricoes-ate-15-de-marco","status":"publish","type":"post","link":"https:\/\/www2.uepg.br\/proex\/grupo-de-teatro-universitario-tem-inscricoes-ate-15-de-marco\/","title":{"rendered":"Grupo de Teatro Universit\u00e1rio tem inscri\u00e7\u00f5es at\u00e9 15 de mar\u00e7o"},"content":{"rendered":"<p>O teatro universit\u00e1rio est\u00e1 de volta a Ponta Grossa. Depois de 37 anos, a Universidade Estadual de Ponta Grossa (UEPG), por meio da Pr\u00f3-Reitoria de Extens\u00e3o e Assuntos Culturais (Proex), retoma as atividades do Grupo de Teatro Universit\u00e1rio (GTU) e abre inscri\u00e7\u00f5es para novos alunos at\u00e9 15 de mar\u00e7o. A participa\u00e7\u00e3o \u00e9 aberta e gratuita para toda a comunidade, com ensaios semanais no Grande Audit\u00f3rio da UEPG Central.<\/p>\n<p>O projeto prev\u00ea a forma\u00e7\u00e3o do grupo de teatro e a oferta de oficinas formativas. O primeiro encontro est\u00e1 marcado para acontecer em 18 de mar\u00e7o e abre as atividades o GTU, que se reunir\u00e1 todos os s\u00e1bados, das 14h \u00e0s 18h, para estudos, cria\u00e7\u00e3o e montagem de pe\u00e7a teatral. As aulas tratar\u00e3o de elementos teatrais, como cenografia, figurino, sonoplastia, ilumina\u00e7\u00e3o, dramaturgia e maquiagem.<\/p>\n<p>A dire\u00e7\u00e3o do grupo ficar\u00e1 a cargo de Daniel Frances, ator profissional e professor de teatro, com mais de 30 anos de experi\u00eancia. Foi ele quem dirigiu o GTU antes da paralisa\u00e7\u00e3o, juntamente com o professor Nelson Silva, atual diretor de Assuntos Culturais da UEPG. \u201cTocamos juntos at\u00e9 1986. E a\u00ed o grupo foi extinto. Ficou para mim uma esp\u00e9cie de lapso cultural na Universidade, pelo fato dela ter nascido junto a um Festival ininterrupto [Fenata], que existe h\u00e1 50 anos\u201d, relata.<\/p>\n<p>A perspectiva \u00e9 que o Grupo tenha cerca de 90 participantes, que far\u00e1 apresenta\u00e7\u00f5es em escolas, teatros e outros espa\u00e7os, para alcan\u00e7ar p\u00fablicos como estudantes, professores e agentes educacionais da educa\u00e7\u00e3o b\u00e1sica e do ensino superior, al\u00e9m da comunidade externa. \u201cN\u00e3o pretendemos fazer nenhum processo profundamente seletivo, a ponto de frustrar as pessoas de participarem e terem a experi\u00eancia em teatro\u201d, destaca.<\/p>\n<p>Al\u00e9m da dire\u00e7\u00e3o de Daniel, atores experientes ir\u00e3o ajudar com quest\u00f5es t\u00e9cnicas e art\u00edsticas o Grupo. \u201cQuero delegar fun\u00e7\u00f5es, existem pessoas com experi\u00eancia, talentosas, de corpo, dan\u00e7a, voz, maquiagem e cenografia, para que elas possam ensinar outras pessoas que est\u00e3o entrando no teatro, para formar microgrupos de teatro dentro de um grupo maior, que seria o da Universidade\u201d, completa.<\/p>\n<div id=\"attachment_44343\" class=\"wp-caption aligncenter\"><img loading=\"lazy\" class=\"wp-image-44343 size-full lazyloaded\" src=\"https:\/\/www.uepg.br\/wp-content\/uploads\/2023\/03\/10911514_10203482300569878_2850110797408083100_o-1424x1080-1.jpg\" alt=\"\" width=\"1424\" height=\"1080\" aria-describedby=\"caption-attachment-44343\" data-srcset=\"https:\/\/www.uepg.br\/wp-content\/uploads\/2023\/03\/10911514_10203482300569878_2850110797408083100_o-1424x1080-1.jpg 1424w, https:\/\/www.uepg.br\/wp-content\/uploads\/2023\/03\/10911514_10203482300569878_2850110797408083100_o-1424x1080-1-300x228.jpg 300w, https:\/\/www.uepg.br\/wp-content\/uploads\/2023\/03\/10911514_10203482300569878_2850110797408083100_o-1424x1080-1-1024x777.jpg 1024w, https:\/\/www.uepg.br\/wp-content\/uploads\/2023\/03\/10911514_10203482300569878_2850110797408083100_o-1424x1080-1-768x582.jpg 768w, https:\/\/www.uepg.br\/wp-content\/uploads\/2023\/03\/10911514_10203482300569878_2850110797408083100_o-1424x1080-1-1232x934.jpg 1232w\" data-src=\"https:\/\/www.uepg.br\/wp-content\/uploads\/2023\/03\/10911514_10203482300569878_2850110797408083100_o-1424x1080-1.jpg\" data-sizes=\"(max-width: 1424px) 100vw, 1424px\" \/><\/p>\n<p id=\"caption-attachment-44343\" class=\"wp-caption-text\"><em>GTU em 1977, com a pe\u00e7a Um Grito Parado no Ar.<\/em><\/p>\n<\/div>\n<p><strong>Continuidade<\/strong><\/p>\n<p>O GTU teve atividades de 1973 a 1986 e nasceu juntamente com o Festival Nacional de Teatro (Fenata). O Grupo foi fundado por Jos\u00e9 Faria Moritz (1918 \u2013 1997), ator e teatr\u00f3logo, conhecido nacionalmente pelo nome art\u00edstico Telmo Faria. Ele voltou a Ponta Grossa em 1973 para dirigir o GTU a convite de seu primo, \u00c1lvaro Augusto da Cunha Rocha, ent\u00e3o reitor da UEPG. Foi quando surgiu a ideia de fazer um grande festival de teatro amador.<\/p>\n<div id=\"attachment_44344\" class=\"wp-caption alignleft\">\n<p id=\"caption-attachment-44344\" class=\"wp-caption-text\">\n<\/div>\n<p>\u201cNesse per\u00edodo, o GTU teve uma diversifica\u00e7\u00e3o de participantes, geralmente pessoas que estavam vinculadas \u00e0 Universidade, principalmente acad\u00eamicos, e conforme eles iam se formando acabavam deixando o grupo, e isso fez com que tivesse essa rotatividade\u201d, relembra Nelson. O GTU carregou a identidade de grupo de teatro, com produ\u00e7\u00f5es significativas, segundo o diretor da DAC-Proex. \u201cMas a gente via que o Grupo n\u00e3o tinha uma identidade como elemento da Universidade, com uma estrutura, que \u00e9 o que a gente fazer pretende agora\u201d, salienta.<\/p>\n<p>A expectativa \u00e9 que o GTU fa\u00e7a parte da cena teatral de Ponta Grossa. \u201cEsse retorno tem movimentado as pessoas, o que tem gerado uma grande expectativa, porque foi um grupo que teve uma hist\u00f3ria muito boa, em rela\u00e7\u00e3o \u00e0s suas produ\u00e7\u00f5es\u201d, comemora. Os 37 anos de aus\u00eancia ser\u00e3o supridos por um movimento teatral mantido pela Universidade, promete o professor. \u201cSeremos a \u00fanica Universidade do Paran\u00e1 que, ao mesmo tempo, ter\u00e1 dois grupos de teatro \u2013<a role=\"link\" href=\"https:\/\/www.uepg.br\/grupo-de-teatro-cientifico-da-uepg-combina-arte-e-ciencia-no-palco-do-fenata\/\">\u00a0o Grupo Cient\u00edfico, que j\u00e1 est\u00e1 em atividade<\/a>, e agora o Universit\u00e1rio. \u00c9 um grande momento para n\u00f3s e esperamos ser uma refer\u00eancia no campo teatral\u201d, finaliza.<\/p>\n<p>Interessados em participar podem se inscrever pelo\u00a0<a role=\"link\" href=\"https:\/\/forms.gle\/hxYbMzpzXhZWcAkf9\">formul\u00e1rio aqui<\/a>\u00a0e comparecer ao primeiro ensaio em 18 de mar\u00e7o, na UEPG Central (Grande Audit\u00f3rio), \u00e0s 14h.<\/p>\n<blockquote><p>Texto: J\u00e9ssica Natal | Fotos: Arquivo UEPG e Fabio Ansolin<\/p><\/blockquote>\n","protected":false},"excerpt":{"rendered":"<p>O teatro universit\u00e1rio est\u00e1 de volta a Ponta Grossa. Depois de 37 anos, a Universidade Estadual de Ponta Grossa (UEPG), por meio da Pr\u00f3-Reitoria de Extens\u00e3o e Assuntos Culturais (Proex), retoma as atividades do Grupo de Teatro Universit\u00e1rio (GTU) e abre inscri\u00e7\u00f5es para novos alunos at\u00e9 15 de mar\u00e7o. A participa\u00e7\u00e3o \u00e9 aberta e gratuita&nbsp;&hellip;<\/p>\n","protected":false},"author":590,"featured_media":7332,"comment_status":"closed","ping_status":"closed","sticky":false,"template":"","format":"standard","meta":[],"categories":[8],"tags":[],"_links":{"self":[{"href":"https:\/\/www2.uepg.br\/proex\/wp-json\/wp\/v2\/posts\/7331"}],"collection":[{"href":"https:\/\/www2.uepg.br\/proex\/wp-json\/wp\/v2\/posts"}],"about":[{"href":"https:\/\/www2.uepg.br\/proex\/wp-json\/wp\/v2\/types\/post"}],"author":[{"embeddable":true,"href":"https:\/\/www2.uepg.br\/proex\/wp-json\/wp\/v2\/users\/590"}],"replies":[{"embeddable":true,"href":"https:\/\/www2.uepg.br\/proex\/wp-json\/wp\/v2\/comments?post=7331"}],"version-history":[{"count":1,"href":"https:\/\/www2.uepg.br\/proex\/wp-json\/wp\/v2\/posts\/7331\/revisions"}],"predecessor-version":[{"id":7333,"href":"https:\/\/www2.uepg.br\/proex\/wp-json\/wp\/v2\/posts\/7331\/revisions\/7333"}],"wp:featuredmedia":[{"embeddable":true,"href":"https:\/\/www2.uepg.br\/proex\/wp-json\/wp\/v2\/media\/7332"}],"wp:attachment":[{"href":"https:\/\/www2.uepg.br\/proex\/wp-json\/wp\/v2\/media?parent=7331"}],"wp:term":[{"taxonomy":"category","embeddable":true,"href":"https:\/\/www2.uepg.br\/proex\/wp-json\/wp\/v2\/categories?post=7331"},{"taxonomy":"post_tag","embeddable":true,"href":"https:\/\/www2.uepg.br\/proex\/wp-json\/wp\/v2\/tags?post=7331"}],"curies":[{"name":"wp","href":"https:\/\/api.w.org\/{rel}","templated":true}]}}