{"id":7340,"date":"2023-03-10T16:49:56","date_gmt":"2023-03-10T19:49:56","guid":{"rendered":"https:\/\/www2.uepg.br\/proex\/?p=7340"},"modified":"2023-03-10T16:49:56","modified_gmt":"2023-03-10T19:49:56","slug":"uepg-promove-atividades-para-homenagear-mulheres-da-instituicao","status":"publish","type":"post","link":"https:\/\/www2.uepg.br\/proex\/uepg-promove-atividades-para-homenagear-mulheres-da-instituicao\/","title":{"rendered":"UEPG promove atividades para homenagear mulheres da institui\u00e7\u00e3o"},"content":{"rendered":"<p>Homenagem foi a palavra da vez na Universidade Estadual de Ponta Grossa, nesta quarta-feira (08). Em comemora\u00e7\u00e3o ao Dia Internacional da Mulher, a institui\u00e7\u00e3o organizou atividades para professoras, servidoras e alunas, por meio da Pr\u00f3-Reitoria de Recursos Humanos (ProRH), Pr\u00f3-Reitoria de Extens\u00e3o e Assuntos Culturais (Proex) e Hospital Universit\u00e1rio (HU).<\/p>\n<p><a href=\"https:\/\/www2.uepg.br\/proex\/wp-content\/uploads\/sites\/8\/2023\/03\/poeticas-J-3-300x200-1.jpg\"><img loading=\"lazy\" class=\"alignnone  wp-image-7361\" src=\"https:\/\/www2.uepg.br\/proex\/wp-content\/uploads\/sites\/8\/2023\/03\/poeticas-J-3-300x200-1.jpg\" alt=\"\" width=\"371\" height=\"247\" srcset=\"https:\/\/www2.uepg.br\/proex\/wp-content\/uploads\/sites\/8\/2023\/03\/poeticas-J-3-300x200-1.jpg 300w, https:\/\/www2.uepg.br\/proex\/wp-content\/uploads\/sites\/8\/2023\/03\/poeticas-J-3-300x200-1-272x182.jpg 272w\" sizes=\"(max-width: 371px) 100vw, 371px\" \/><\/a> <a href=\"https:\/\/www2.uepg.br\/proex\/wp-content\/uploads\/sites\/8\/2023\/03\/poeticas-J-65-300x200-1.jpg\"><img loading=\"lazy\" class=\"alignnone  wp-image-7360\" src=\"https:\/\/www2.uepg.br\/proex\/wp-content\/uploads\/sites\/8\/2023\/03\/poeticas-J-65-300x200-1.jpg\" alt=\"\" width=\"369\" height=\"246\" srcset=\"https:\/\/www2.uepg.br\/proex\/wp-content\/uploads\/sites\/8\/2023\/03\/poeticas-J-65-300x200-1.jpg 300w, https:\/\/www2.uepg.br\/proex\/wp-content\/uploads\/sites\/8\/2023\/03\/poeticas-J-65-300x200-1-272x182.jpg 272w\" sizes=\"(max-width: 369px) 100vw, 369px\" \/><\/a><\/p>\n<p>O dia come\u00e7ou com m\u00fasica ainda no caf\u00e9 da manh\u00e3, no Restaurante Universit\u00e1rio, e seguiu para o pr\u00e9dio da Reitoria, em seguida. Ao som de violino e saxofone, mulheres receberam bombons e mensagens de homenagem. A programa\u00e7\u00e3o foi pensada pela equipe da Diretoria de Qualidade de Vida no trabalho. \u201cPensamos essa atividade como uma forma de deixar o dia delas mais doce\u201d, conta Eliane Rauski, pr\u00f3-reitora de Recursos Humanos.<\/p>\n<p>Atualmente, 55% do quadro de funcion\u00e1rios, entre efetivas e tempor\u00e1rias, s\u00e3o mulheres. \u201cS\u00e3o elas que fazem a educa\u00e7\u00e3o. Estamos presentes, firmes e fortes, levando o nome a institui\u00e7\u00e3o sempre mais alto, atrav\u00e9s do trabalho burocr\u00e1tico, da sala de aula e das pesquisas. Estamos marcando a nossa presen\u00e7a no mundo\u201d, destaca.<\/p>\n<p>Dentre as apresenta\u00e7\u00f5es musicais, tamb\u00e9m teve poesia. Mulheres presentes puderam ouvir poesias lidas pela escritora Renata Regis Florisbelo. \u201c\u00c9 uma atividade pr\u00e1tica, \u00e9 verbo, \u00e9 agir, trazendo uma fala po\u00e9tica, fazendo com que as mulheres percebam a sua sintonia com a qualidade po\u00e9tica, que \u00e9 sensibilidade, percep\u00e7\u00e3o agu\u00e7ada ao seu redor e isso se conecta com a poesia\u201d.<\/p>\n<p>A a\u00e7\u00e3o po\u00e9tica acontece todos os anos no Dia da Mulher, por iniciativa da Academia Ponta-Grossense de Letras e Artes e Centro Cultural Professor Faris Michaele. \u201cAproveitamos para divulgar obras e autores locais e esse atendimento po\u00e9tico \u00e9 uma conversa com as pessoas, para ver como elas est\u00e3o, valorizando os atributos po\u00e9ticos. Isso pode mudar o pensamento e a energia, pois a poesia n\u00e3o \u00e9 somente est\u00e9tica, mas pode se tornar algo pr\u00e1tico para o dia a dia\u201d, completa.<\/p>\n<p><a href=\"https:\/\/www2.uepg.br\/proex\/wp-content\/uploads\/sites\/8\/2023\/03\/mulherHU-A-20-scaled-1.jpg\"><img loading=\"lazy\" class=\"alignnone  wp-image-7359\" src=\"https:\/\/www2.uepg.br\/proex\/wp-content\/uploads\/sites\/8\/2023\/03\/mulherHU-A-20-scaled-1-300x200.jpg\" alt=\"\" width=\"820\" height=\"546\" srcset=\"https:\/\/www2.uepg.br\/proex\/wp-content\/uploads\/sites\/8\/2023\/03\/mulherHU-A-20-scaled-1-300x200.jpg 300w, https:\/\/www2.uepg.br\/proex\/wp-content\/uploads\/sites\/8\/2023\/03\/mulherHU-A-20-scaled-1-1024x683.jpg 1024w, https:\/\/www2.uepg.br\/proex\/wp-content\/uploads\/sites\/8\/2023\/03\/mulherHU-A-20-scaled-1-768x512.jpg 768w, https:\/\/www2.uepg.br\/proex\/wp-content\/uploads\/sites\/8\/2023\/03\/mulherHU-A-20-scaled-1-1536x1024.jpg 1536w, https:\/\/www2.uepg.br\/proex\/wp-content\/uploads\/sites\/8\/2023\/03\/mulherHU-A-20-scaled-1-1232x821.jpg 1232w, https:\/\/www2.uepg.br\/proex\/wp-content\/uploads\/sites\/8\/2023\/03\/mulherHU-A-20-scaled-1-1620x1080.jpg 1620w, https:\/\/www2.uepg.br\/proex\/wp-content\/uploads\/sites\/8\/2023\/03\/mulherHU-A-20-scaled-1-272x182.jpg 272w, https:\/\/www2.uepg.br\/proex\/wp-content\/uploads\/sites\/8\/2023\/03\/mulherHU-A-20-scaled-1.jpg 1920w\" sizes=\"(max-width: 820px) 100vw, 820px\" \/><\/a><\/p>\n<p>Servidoras do HU tamb\u00e9m puderam aproveitar as homenagens do Dia da Mulher. Al\u00e9m de um caf\u00e9 nos refeit\u00f3rios dos dois Hospitais, a institui\u00e7\u00e3o ofereceu um\u00a0<em>workshop<\/em>\u00a0para fortalecimento do assoalho p\u00e9lvico e reuni\u00e3o cient\u00edfica sobre sa\u00fade da mulher, al\u00e9m sess\u00f5es de barras de\u00a0<em>access<\/em>\u00a0(terapia corporal, por meio de pontos terap\u00eauticos).<\/p>\n<p><strong>Presen\u00e7a de mulheres<\/strong><\/p>\n<p>Dos 1887 professores e servidores da UEPG, 1027 s\u00e3o mulheres. Dentre elas, est\u00e1 K\u00e1ssia Gon\u00e7alves, chefe do Departamento de Qu\u00edmica. Professora da institui\u00e7\u00e3o h\u00e1 sete anos, ela comemora o fato de conviver com mulheres no ambiente de trabalho. \u201cNo nosso Departamento, a maioria s\u00e3o mulheres, ent\u00e3o temos um protagonismo bem enf\u00e1tico com colegas e a gente reconhece o respeito pelas mulheres na \u00e1rea acad\u00eamica, vendo elas tomando espa\u00e7o em lugares de lideran\u00e7a\u201d, destaca. K\u00e1ssia tamb\u00e9m ressalta a valoriza\u00e7\u00e3o no trabalho.\u00a0 \u201cAqui as mulheres s\u00e3o sim respeitadas e valorizadas. As mulheres v\u00eam tomando mais espa\u00e7o no \u00e2mbito da Universidade e t\u00eam cada vez mais esse protagonismo aqui\u201d.<\/p>\n<p><a href=\"https:\/\/www2.uepg.br\/proex\/wp-content\/uploads\/sites\/8\/2023\/03\/proex-G-39-1-768x512-1.jpg\"><img loading=\"lazy\" class=\"alignnone  wp-image-7358\" src=\"https:\/\/www2.uepg.br\/proex\/wp-content\/uploads\/sites\/8\/2023\/03\/proex-G-39-1-768x512-1-300x200.jpg\" alt=\"\" width=\"356\" height=\"237\" srcset=\"https:\/\/www2.uepg.br\/proex\/wp-content\/uploads\/sites\/8\/2023\/03\/proex-G-39-1-768x512-1-300x200.jpg 300w, https:\/\/www2.uepg.br\/proex\/wp-content\/uploads\/sites\/8\/2023\/03\/proex-G-39-1-768x512-1-272x182.jpg 272w, https:\/\/www2.uepg.br\/proex\/wp-content\/uploads\/sites\/8\/2023\/03\/proex-G-39-1-768x512-1.jpg 768w\" sizes=\"(max-width: 356px) 100vw, 356px\" \/><\/a> <a href=\"https:\/\/www2.uepg.br\/proex\/wp-content\/uploads\/sites\/8\/2023\/03\/proex-G-45-1-768x512-1.jpg\"><img loading=\"lazy\" class=\"alignnone  wp-image-7357\" src=\"https:\/\/www2.uepg.br\/proex\/wp-content\/uploads\/sites\/8\/2023\/03\/proex-G-45-1-768x512-1-300x200.jpg\" alt=\"\" width=\"359\" height=\"239\" srcset=\"https:\/\/www2.uepg.br\/proex\/wp-content\/uploads\/sites\/8\/2023\/03\/proex-G-45-1-768x512-1-300x200.jpg 300w, https:\/\/www2.uepg.br\/proex\/wp-content\/uploads\/sites\/8\/2023\/03\/proex-G-45-1-768x512-1-272x182.jpg 272w, https:\/\/www2.uepg.br\/proex\/wp-content\/uploads\/sites\/8\/2023\/03\/proex-G-45-1-768x512-1.jpg 768w\" sizes=\"(max-width: 359px) 100vw, 359px\" \/><\/a><\/p>\n<p>A valoriza\u00e7\u00e3o n\u00e3o \u00e9 sentida apenas por professoras. A acad\u00eamica de matem\u00e1tica, Juliana Prique, est\u00e1 no terceiro ano e nota aumento da presen\u00e7a feminina no curso. \u201cA maioria que faz matem\u00e1tica \u00e9 homem, mas na minha sala a maioria \u00e9 de mulheres e desde o primeiro ano pude ver que h\u00e1 bastante mulheres professoras na sala em projetos de extens\u00e3o do meu curso\u201d. Juliana citou os projetos organizadas por mulheres no curso, como a\u00a0<span class=\"is-highlight term-0\">Olimp\u00edada<\/span>\u00a0Ponta-Grossense de Matem\u00e1tica. \u201cHoje podemos ver que as \u00e1reas est\u00e3o sendo ocupadas por mulheres e isso \u00e9 muito motivador para que mais e mais ocupem espa\u00e7os que antes eram de maioria masculina\u201d.<\/p>\n<p><strong>Debate e exposi\u00e7\u00e3o<\/strong><\/p>\n<p>O dia seguiu com arte e debate, no pr\u00e9dio da Proex. O p\u00fablico conferiu a inaugura\u00e7\u00e3o da exposi\u00e7\u00e3o \u201cOlhares\u201d, que reuniu quadros pintados por dezesseis artistas mulheres de Ponta Grossa e que comp\u00f5em o acervo da Pr\u00f3-Reitoria. A professora Leila In\u00eas Follmann Freire, da Diretoria de Assuntos Culturais, destaca que o acervo de obras conta com mais trabalhos produzidos por artistas mulheres do que por homens. \u201cCriar esta exposi\u00e7\u00e3o \u00e9 muito importante para mostrar que mulheres tamb\u00e9m produzem arte, que muitas vezes pode passar despercebidas em meio ao trabalho feito por homens\u201d.\u00a0 A artista Silvana Passos, cujos trabalhos comp\u00f5em a exposi\u00e7\u00e3o, esteve presente na abertura. Para ela, espa\u00e7os criados para artistas mulheres s\u00e3o importantes, pois \u201cpermite mostrar para as pessoas a contribui\u00e7\u00e3o que as mulheres podem dar \u00e0 arte\u201d.<\/p>\n<p>Ap\u00f3s a abertura da exposi\u00e7\u00e3o, ocorreu uma apresenta\u00e7\u00e3o de piano e canto, no Espa\u00e7o Gabriel de Paula Machado, com m\u00fasicas que homenageiam as mulheres. A programa\u00e7\u00e3o encerrou com a mesa redonda \u2018Mulheres, Olhares e Di\u00e1logos\u2019, no Audit\u00f3rio da Proex, que contou com seis participantes para debater temas relacionados \u00e0 viv\u00eancia de mulheres sob diferentes perspectivas.<\/p>\n<p>\u201cN\u00f3s nos deparamos com o fato incompreens\u00edvel de que, mesmo ap\u00f3s tantos avan\u00e7os, continuamos enfrentando altos \u00edndices de viol\u00eancia contra a mulher. Por isso, \u00e9 importante que o debate de hoje seja marcante para a data\u201d, comenta a pr\u00f3-reitora de Extens\u00e3o e Assuntos Culturais, professora Maria Salete Marcon Gomes Vaz, na abertura do debate. Ela destaca que a programa\u00e7\u00e3o da Proex para o Dia 8 de Mar\u00e7o n\u00e3o tem o intuito de ser apenas comemorativa, mas trazer reflex\u00f5es sobre problemas que precisam ser superados.<\/p>\n<p><a href=\"https:\/\/www2.uepg.br\/proex\/wp-content\/uploads\/sites\/8\/2023\/03\/poeticas-J-50-scaled-1.jpg\"><img loading=\"lazy\" class=\"alignnone  wp-image-7356\" src=\"https:\/\/www2.uepg.br\/proex\/wp-content\/uploads\/sites\/8\/2023\/03\/poeticas-J-50-scaled-1-300x200.jpg\" alt=\"\" width=\"372\" height=\"248\" srcset=\"https:\/\/www2.uepg.br\/proex\/wp-content\/uploads\/sites\/8\/2023\/03\/poeticas-J-50-scaled-1-300x200.jpg 300w, https:\/\/www2.uepg.br\/proex\/wp-content\/uploads\/sites\/8\/2023\/03\/poeticas-J-50-scaled-1-1024x683.jpg 1024w, https:\/\/www2.uepg.br\/proex\/wp-content\/uploads\/sites\/8\/2023\/03\/poeticas-J-50-scaled-1-768x512.jpg 768w, https:\/\/www2.uepg.br\/proex\/wp-content\/uploads\/sites\/8\/2023\/03\/poeticas-J-50-scaled-1-1536x1024.jpg 1536w, https:\/\/www2.uepg.br\/proex\/wp-content\/uploads\/sites\/8\/2023\/03\/poeticas-J-50-scaled-1-1232x821.jpg 1232w, https:\/\/www2.uepg.br\/proex\/wp-content\/uploads\/sites\/8\/2023\/03\/poeticas-J-50-scaled-1-1620x1080.jpg 1620w, https:\/\/www2.uepg.br\/proex\/wp-content\/uploads\/sites\/8\/2023\/03\/poeticas-J-50-scaled-1-272x182.jpg 272w, https:\/\/www2.uepg.br\/proex\/wp-content\/uploads\/sites\/8\/2023\/03\/poeticas-J-50-scaled-1.jpg 1920w\" sizes=\"(max-width: 372px) 100vw, 372px\" \/><\/a> <a href=\"https:\/\/www2.uepg.br\/proex\/wp-content\/uploads\/sites\/8\/2023\/03\/poeticas-J-27-scaled-1.jpg\"><img loading=\"lazy\" class=\"alignnone  wp-image-7355\" src=\"https:\/\/www2.uepg.br\/proex\/wp-content\/uploads\/sites\/8\/2023\/03\/poeticas-J-27-scaled-1-300x200.jpg\" alt=\"\" width=\"372\" height=\"248\" srcset=\"https:\/\/www2.uepg.br\/proex\/wp-content\/uploads\/sites\/8\/2023\/03\/poeticas-J-27-scaled-1-300x200.jpg 300w, https:\/\/www2.uepg.br\/proex\/wp-content\/uploads\/sites\/8\/2023\/03\/poeticas-J-27-scaled-1-1024x683.jpg 1024w, https:\/\/www2.uepg.br\/proex\/wp-content\/uploads\/sites\/8\/2023\/03\/poeticas-J-27-scaled-1-768x512.jpg 768w, https:\/\/www2.uepg.br\/proex\/wp-content\/uploads\/sites\/8\/2023\/03\/poeticas-J-27-scaled-1-1536x1024.jpg 1536w, https:\/\/www2.uepg.br\/proex\/wp-content\/uploads\/sites\/8\/2023\/03\/poeticas-J-27-scaled-1-1232x821.jpg 1232w, https:\/\/www2.uepg.br\/proex\/wp-content\/uploads\/sites\/8\/2023\/03\/poeticas-J-27-scaled-1-1620x1080.jpg 1620w, https:\/\/www2.uepg.br\/proex\/wp-content\/uploads\/sites\/8\/2023\/03\/poeticas-J-27-scaled-1-272x182.jpg 272w, https:\/\/www2.uepg.br\/proex\/wp-content\/uploads\/sites\/8\/2023\/03\/poeticas-J-27-scaled-1.jpg 1920w\" sizes=\"(max-width: 372px) 100vw, 372px\" \/><\/a> \u00a0<a href=\"https:\/\/www2.uepg.br\/proex\/wp-content\/uploads\/sites\/8\/2023\/03\/poeticas-J-12-scaled-1.jpg\"><img loading=\"lazy\" class=\"alignnone  wp-image-7353\" src=\"https:\/\/www2.uepg.br\/proex\/wp-content\/uploads\/sites\/8\/2023\/03\/poeticas-J-12-scaled-1-300x200.jpg\" alt=\"\" width=\"368\" height=\"245\" srcset=\"https:\/\/www2.uepg.br\/proex\/wp-content\/uploads\/sites\/8\/2023\/03\/poeticas-J-12-scaled-1-300x200.jpg 300w, https:\/\/www2.uepg.br\/proex\/wp-content\/uploads\/sites\/8\/2023\/03\/poeticas-J-12-scaled-1-1024x683.jpg 1024w, https:\/\/www2.uepg.br\/proex\/wp-content\/uploads\/sites\/8\/2023\/03\/poeticas-J-12-scaled-1-768x512.jpg 768w, https:\/\/www2.uepg.br\/proex\/wp-content\/uploads\/sites\/8\/2023\/03\/poeticas-J-12-scaled-1-1536x1024.jpg 1536w, https:\/\/www2.uepg.br\/proex\/wp-content\/uploads\/sites\/8\/2023\/03\/poeticas-J-12-scaled-1-1232x821.jpg 1232w, https:\/\/www2.uepg.br\/proex\/wp-content\/uploads\/sites\/8\/2023\/03\/poeticas-J-12-scaled-1-1620x1080.jpg 1620w, https:\/\/www2.uepg.br\/proex\/wp-content\/uploads\/sites\/8\/2023\/03\/poeticas-J-12-scaled-1-272x182.jpg 272w, https:\/\/www2.uepg.br\/proex\/wp-content\/uploads\/sites\/8\/2023\/03\/poeticas-J-12-scaled-1.jpg 1920w\" sizes=\"(max-width: 368px) 100vw, 368px\" \/><\/a> <a href=\"https:\/\/www2.uepg.br\/proex\/wp-content\/uploads\/sites\/8\/2023\/03\/poeticas-J-8-scaled-1.jpg\"><img loading=\"lazy\" class=\"alignnone  wp-image-7352\" src=\"https:\/\/www2.uepg.br\/proex\/wp-content\/uploads\/sites\/8\/2023\/03\/poeticas-J-8-scaled-1-300x200.jpg\" alt=\"\" width=\"374\" height=\"249\" srcset=\"https:\/\/www2.uepg.br\/proex\/wp-content\/uploads\/sites\/8\/2023\/03\/poeticas-J-8-scaled-1-300x200.jpg 300w, https:\/\/www2.uepg.br\/proex\/wp-content\/uploads\/sites\/8\/2023\/03\/poeticas-J-8-scaled-1-1024x683.jpg 1024w, https:\/\/www2.uepg.br\/proex\/wp-content\/uploads\/sites\/8\/2023\/03\/poeticas-J-8-scaled-1-768x512.jpg 768w, https:\/\/www2.uepg.br\/proex\/wp-content\/uploads\/sites\/8\/2023\/03\/poeticas-J-8-scaled-1-1536x1024.jpg 1536w, https:\/\/www2.uepg.br\/proex\/wp-content\/uploads\/sites\/8\/2023\/03\/poeticas-J-8-scaled-1-1232x821.jpg 1232w, https:\/\/www2.uepg.br\/proex\/wp-content\/uploads\/sites\/8\/2023\/03\/poeticas-J-8-scaled-1-1620x1080.jpg 1620w, https:\/\/www2.uepg.br\/proex\/wp-content\/uploads\/sites\/8\/2023\/03\/poeticas-J-8-scaled-1-272x182.jpg 272w, https:\/\/www2.uepg.br\/proex\/wp-content\/uploads\/sites\/8\/2023\/03\/poeticas-J-8-scaled-1.jpg 1920w\" sizes=\"(max-width: 374px) 100vw, 374px\" \/><\/a> <a href=\"https:\/\/www2.uepg.br\/proex\/wp-content\/uploads\/sites\/8\/2023\/03\/proex-G-19-scaled-1.jpg\"><img loading=\"lazy\" class=\"alignnone  wp-image-7351\" src=\"https:\/\/www2.uepg.br\/proex\/wp-content\/uploads\/sites\/8\/2023\/03\/proex-G-19-scaled-1-300x200.jpg\" alt=\"\" width=\"372\" height=\"248\" srcset=\"https:\/\/www2.uepg.br\/proex\/wp-content\/uploads\/sites\/8\/2023\/03\/proex-G-19-scaled-1-300x200.jpg 300w, https:\/\/www2.uepg.br\/proex\/wp-content\/uploads\/sites\/8\/2023\/03\/proex-G-19-scaled-1-1024x683.jpg 1024w, https:\/\/www2.uepg.br\/proex\/wp-content\/uploads\/sites\/8\/2023\/03\/proex-G-19-scaled-1-768x512.jpg 768w, https:\/\/www2.uepg.br\/proex\/wp-content\/uploads\/sites\/8\/2023\/03\/proex-G-19-scaled-1-1536x1024.jpg 1536w, https:\/\/www2.uepg.br\/proex\/wp-content\/uploads\/sites\/8\/2023\/03\/proex-G-19-scaled-1-1232x821.jpg 1232w, https:\/\/www2.uepg.br\/proex\/wp-content\/uploads\/sites\/8\/2023\/03\/proex-G-19-scaled-1-1620x1080.jpg 1620w, https:\/\/www2.uepg.br\/proex\/wp-content\/uploads\/sites\/8\/2023\/03\/proex-G-19-scaled-1-272x182.jpg 272w, https:\/\/www2.uepg.br\/proex\/wp-content\/uploads\/sites\/8\/2023\/03\/proex-G-19-scaled-1.jpg 1920w\" sizes=\"(max-width: 372px) 100vw, 372px\" \/><\/a> <a href=\"https:\/\/www2.uepg.br\/proex\/wp-content\/uploads\/sites\/8\/2023\/03\/proex-G-20-scaled-1.jpg\"><img loading=\"lazy\" class=\"alignnone  wp-image-7350\" src=\"https:\/\/www2.uepg.br\/proex\/wp-content\/uploads\/sites\/8\/2023\/03\/proex-G-20-scaled-1-300x200.jpg\" alt=\"\" width=\"374\" height=\"249\" srcset=\"https:\/\/www2.uepg.br\/proex\/wp-content\/uploads\/sites\/8\/2023\/03\/proex-G-20-scaled-1-300x200.jpg 300w, https:\/\/www2.uepg.br\/proex\/wp-content\/uploads\/sites\/8\/2023\/03\/proex-G-20-scaled-1-1024x683.jpg 1024w, https:\/\/www2.uepg.br\/proex\/wp-content\/uploads\/sites\/8\/2023\/03\/proex-G-20-scaled-1-768x512.jpg 768w, https:\/\/www2.uepg.br\/proex\/wp-content\/uploads\/sites\/8\/2023\/03\/proex-G-20-scaled-1-1536x1024.jpg 1536w, https:\/\/www2.uepg.br\/proex\/wp-content\/uploads\/sites\/8\/2023\/03\/proex-G-20-scaled-1-1232x821.jpg 1232w, https:\/\/www2.uepg.br\/proex\/wp-content\/uploads\/sites\/8\/2023\/03\/proex-G-20-scaled-1-1620x1080.jpg 1620w, https:\/\/www2.uepg.br\/proex\/wp-content\/uploads\/sites\/8\/2023\/03\/proex-G-20-scaled-1-272x182.jpg 272w, https:\/\/www2.uepg.br\/proex\/wp-content\/uploads\/sites\/8\/2023\/03\/proex-G-20-scaled-1.jpg 1920w\" sizes=\"(max-width: 374px) 100vw, 374px\" \/><\/a> <a href=\"https:\/\/www2.uepg.br\/proex\/wp-content\/uploads\/sites\/8\/2023\/03\/proex-G-25-scaled-1.jpg\"><img loading=\"lazy\" class=\"alignnone  wp-image-7349\" src=\"https:\/\/www2.uepg.br\/proex\/wp-content\/uploads\/sites\/8\/2023\/03\/proex-G-25-scaled-1-300x200.jpg\" alt=\"\" width=\"372\" height=\"248\" srcset=\"https:\/\/www2.uepg.br\/proex\/wp-content\/uploads\/sites\/8\/2023\/03\/proex-G-25-scaled-1-300x200.jpg 300w, https:\/\/www2.uepg.br\/proex\/wp-content\/uploads\/sites\/8\/2023\/03\/proex-G-25-scaled-1-1024x683.jpg 1024w, https:\/\/www2.uepg.br\/proex\/wp-content\/uploads\/sites\/8\/2023\/03\/proex-G-25-scaled-1-768x512.jpg 768w, https:\/\/www2.uepg.br\/proex\/wp-content\/uploads\/sites\/8\/2023\/03\/proex-G-25-scaled-1-1536x1024.jpg 1536w, https:\/\/www2.uepg.br\/proex\/wp-content\/uploads\/sites\/8\/2023\/03\/proex-G-25-scaled-1-1232x821.jpg 1232w, https:\/\/www2.uepg.br\/proex\/wp-content\/uploads\/sites\/8\/2023\/03\/proex-G-25-scaled-1-1620x1080.jpg 1620w, https:\/\/www2.uepg.br\/proex\/wp-content\/uploads\/sites\/8\/2023\/03\/proex-G-25-scaled-1-272x182.jpg 272w, https:\/\/www2.uepg.br\/proex\/wp-content\/uploads\/sites\/8\/2023\/03\/proex-G-25-scaled-1.jpg 1920w\" sizes=\"(max-width: 372px) 100vw, 372px\" \/><\/a> <a href=\"https:\/\/www2.uepg.br\/proex\/wp-content\/uploads\/sites\/8\/2023\/03\/proex-G-27-scaled-1.jpg\"><img loading=\"lazy\" class=\"alignnone  wp-image-7348\" src=\"https:\/\/www2.uepg.br\/proex\/wp-content\/uploads\/sites\/8\/2023\/03\/proex-G-27-scaled-1-300x200.jpg\" alt=\"\" width=\"372\" height=\"248\" srcset=\"https:\/\/www2.uepg.br\/proex\/wp-content\/uploads\/sites\/8\/2023\/03\/proex-G-27-scaled-1-300x200.jpg 300w, https:\/\/www2.uepg.br\/proex\/wp-content\/uploads\/sites\/8\/2023\/03\/proex-G-27-scaled-1-1024x683.jpg 1024w, https:\/\/www2.uepg.br\/proex\/wp-content\/uploads\/sites\/8\/2023\/03\/proex-G-27-scaled-1-768x512.jpg 768w, https:\/\/www2.uepg.br\/proex\/wp-content\/uploads\/sites\/8\/2023\/03\/proex-G-27-scaled-1-1536x1024.jpg 1536w, https:\/\/www2.uepg.br\/proex\/wp-content\/uploads\/sites\/8\/2023\/03\/proex-G-27-scaled-1-1232x821.jpg 1232w, https:\/\/www2.uepg.br\/proex\/wp-content\/uploads\/sites\/8\/2023\/03\/proex-G-27-scaled-1-1620x1080.jpg 1620w, https:\/\/www2.uepg.br\/proex\/wp-content\/uploads\/sites\/8\/2023\/03\/proex-G-27-scaled-1-272x182.jpg 272w, https:\/\/www2.uepg.br\/proex\/wp-content\/uploads\/sites\/8\/2023\/03\/proex-G-27-scaled-1.jpg 1920w\" sizes=\"(max-width: 372px) 100vw, 372px\" \/><\/a> <a href=\"https:\/\/www2.uepg.br\/proex\/wp-content\/uploads\/sites\/8\/2023\/03\/proex-G-28-scaled-1.jpg\"><img loading=\"lazy\" class=\"alignnone  wp-image-7347\" src=\"https:\/\/www2.uepg.br\/proex\/wp-content\/uploads\/sites\/8\/2023\/03\/proex-G-28-scaled-1-300x200.jpg\" alt=\"\" width=\"372\" height=\"248\" srcset=\"https:\/\/www2.uepg.br\/proex\/wp-content\/uploads\/sites\/8\/2023\/03\/proex-G-28-scaled-1-300x200.jpg 300w, https:\/\/www2.uepg.br\/proex\/wp-content\/uploads\/sites\/8\/2023\/03\/proex-G-28-scaled-1-1024x683.jpg 1024w, https:\/\/www2.uepg.br\/proex\/wp-content\/uploads\/sites\/8\/2023\/03\/proex-G-28-scaled-1-768x512.jpg 768w, https:\/\/www2.uepg.br\/proex\/wp-content\/uploads\/sites\/8\/2023\/03\/proex-G-28-scaled-1-1536x1024.jpg 1536w, https:\/\/www2.uepg.br\/proex\/wp-content\/uploads\/sites\/8\/2023\/03\/proex-G-28-scaled-1-1232x821.jpg 1232w, https:\/\/www2.uepg.br\/proex\/wp-content\/uploads\/sites\/8\/2023\/03\/proex-G-28-scaled-1-1620x1080.jpg 1620w, https:\/\/www2.uepg.br\/proex\/wp-content\/uploads\/sites\/8\/2023\/03\/proex-G-28-scaled-1-272x182.jpg 272w, https:\/\/www2.uepg.br\/proex\/wp-content\/uploads\/sites\/8\/2023\/03\/proex-G-28-scaled-1.jpg 1920w\" sizes=\"(max-width: 372px) 100vw, 372px\" \/><\/a> <a href=\"https:\/\/www2.uepg.br\/proex\/wp-content\/uploads\/sites\/8\/2023\/03\/proex-G-39-scaled-1.jpg\"><img loading=\"lazy\" class=\"alignnone  wp-image-7346\" src=\"https:\/\/www2.uepg.br\/proex\/wp-content\/uploads\/sites\/8\/2023\/03\/proex-G-39-scaled-1-300x200.jpg\" alt=\"\" width=\"369\" height=\"246\" srcset=\"https:\/\/www2.uepg.br\/proex\/wp-content\/uploads\/sites\/8\/2023\/03\/proex-G-39-scaled-1-300x200.jpg 300w, https:\/\/www2.uepg.br\/proex\/wp-content\/uploads\/sites\/8\/2023\/03\/proex-G-39-scaled-1-1024x683.jpg 1024w, https:\/\/www2.uepg.br\/proex\/wp-content\/uploads\/sites\/8\/2023\/03\/proex-G-39-scaled-1-768x512.jpg 768w, https:\/\/www2.uepg.br\/proex\/wp-content\/uploads\/sites\/8\/2023\/03\/proex-G-39-scaled-1-1536x1024.jpg 1536w, https:\/\/www2.uepg.br\/proex\/wp-content\/uploads\/sites\/8\/2023\/03\/proex-G-39-scaled-1-1232x821.jpg 1232w, https:\/\/www2.uepg.br\/proex\/wp-content\/uploads\/sites\/8\/2023\/03\/proex-G-39-scaled-1-1620x1080.jpg 1620w, https:\/\/www2.uepg.br\/proex\/wp-content\/uploads\/sites\/8\/2023\/03\/proex-G-39-scaled-1-272x182.jpg 272w, https:\/\/www2.uepg.br\/proex\/wp-content\/uploads\/sites\/8\/2023\/03\/proex-G-39-scaled-1.jpg 1920w\" sizes=\"(max-width: 369px) 100vw, 369px\" \/><\/a> <a href=\"https:\/\/www2.uepg.br\/proex\/wp-content\/uploads\/sites\/8\/2023\/03\/proex-G-45-scaled-1.jpg\"><img loading=\"lazy\" class=\"alignnone  wp-image-7345\" src=\"https:\/\/www2.uepg.br\/proex\/wp-content\/uploads\/sites\/8\/2023\/03\/proex-G-45-scaled-1-300x200.jpg\" alt=\"\" width=\"369\" height=\"246\" srcset=\"https:\/\/www2.uepg.br\/proex\/wp-content\/uploads\/sites\/8\/2023\/03\/proex-G-45-scaled-1-300x200.jpg 300w, https:\/\/www2.uepg.br\/proex\/wp-content\/uploads\/sites\/8\/2023\/03\/proex-G-45-scaled-1-1024x683.jpg 1024w, https:\/\/www2.uepg.br\/proex\/wp-content\/uploads\/sites\/8\/2023\/03\/proex-G-45-scaled-1-768x512.jpg 768w, https:\/\/www2.uepg.br\/proex\/wp-content\/uploads\/sites\/8\/2023\/03\/proex-G-45-scaled-1-1536x1024.jpg 1536w, https:\/\/www2.uepg.br\/proex\/wp-content\/uploads\/sites\/8\/2023\/03\/proex-G-45-scaled-1-1232x821.jpg 1232w, https:\/\/www2.uepg.br\/proex\/wp-content\/uploads\/sites\/8\/2023\/03\/proex-G-45-scaled-1-1620x1080.jpg 1620w, https:\/\/www2.uepg.br\/proex\/wp-content\/uploads\/sites\/8\/2023\/03\/proex-G-45-scaled-1-272x182.jpg 272w, https:\/\/www2.uepg.br\/proex\/wp-content\/uploads\/sites\/8\/2023\/03\/proex-G-45-scaled-1.jpg 1920w\" sizes=\"(max-width: 369px) 100vw, 369px\" \/><\/a> <a href=\"https:\/\/www2.uepg.br\/proex\/wp-content\/uploads\/sites\/8\/2023\/03\/mulherHU-A-42-scaled-1.jpg\"><img loading=\"lazy\" class=\"alignnone  wp-image-7344\" src=\"https:\/\/www2.uepg.br\/proex\/wp-content\/uploads\/sites\/8\/2023\/03\/mulherHU-A-42-scaled-1-300x200.jpg\" alt=\"\" width=\"369\" height=\"246\" srcset=\"https:\/\/www2.uepg.br\/proex\/wp-content\/uploads\/sites\/8\/2023\/03\/mulherHU-A-42-scaled-1-300x200.jpg 300w, https:\/\/www2.uepg.br\/proex\/wp-content\/uploads\/sites\/8\/2023\/03\/mulherHU-A-42-scaled-1-1024x683.jpg 1024w, https:\/\/www2.uepg.br\/proex\/wp-content\/uploads\/sites\/8\/2023\/03\/mulherHU-A-42-scaled-1-768x512.jpg 768w, https:\/\/www2.uepg.br\/proex\/wp-content\/uploads\/sites\/8\/2023\/03\/mulherHU-A-42-scaled-1-1536x1024.jpg 1536w, https:\/\/www2.uepg.br\/proex\/wp-content\/uploads\/sites\/8\/2023\/03\/mulherHU-A-42-scaled-1-1232x821.jpg 1232w, https:\/\/www2.uepg.br\/proex\/wp-content\/uploads\/sites\/8\/2023\/03\/mulherHU-A-42-scaled-1-1620x1080.jpg 1620w, https:\/\/www2.uepg.br\/proex\/wp-content\/uploads\/sites\/8\/2023\/03\/mulherHU-A-42-scaled-1-272x182.jpg 272w, https:\/\/www2.uepg.br\/proex\/wp-content\/uploads\/sites\/8\/2023\/03\/mulherHU-A-42-scaled-1.jpg 1920w\" sizes=\"(max-width: 369px) 100vw, 369px\" \/><\/a> <a href=\"https:\/\/www2.uepg.br\/proex\/wp-content\/uploads\/sites\/8\/2023\/03\/mulherHU-A-14-scaled-1.jpg\"><img loading=\"lazy\" class=\"alignnone  wp-image-7343\" src=\"https:\/\/www2.uepg.br\/proex\/wp-content\/uploads\/sites\/8\/2023\/03\/mulherHU-A-14-scaled-1-300x200.jpg\" alt=\"\" width=\"369\" height=\"246\" srcset=\"https:\/\/www2.uepg.br\/proex\/wp-content\/uploads\/sites\/8\/2023\/03\/mulherHU-A-14-scaled-1-300x200.jpg 300w, https:\/\/www2.uepg.br\/proex\/wp-content\/uploads\/sites\/8\/2023\/03\/mulherHU-A-14-scaled-1-1024x683.jpg 1024w, https:\/\/www2.uepg.br\/proex\/wp-content\/uploads\/sites\/8\/2023\/03\/mulherHU-A-14-scaled-1-768x512.jpg 768w, https:\/\/www2.uepg.br\/proex\/wp-content\/uploads\/sites\/8\/2023\/03\/mulherHU-A-14-scaled-1-1536x1024.jpg 1536w, https:\/\/www2.uepg.br\/proex\/wp-content\/uploads\/sites\/8\/2023\/03\/mulherHU-A-14-scaled-1-1232x821.jpg 1232w, https:\/\/www2.uepg.br\/proex\/wp-content\/uploads\/sites\/8\/2023\/03\/mulherHU-A-14-scaled-1-1620x1080.jpg 1620w, https:\/\/www2.uepg.br\/proex\/wp-content\/uploads\/sites\/8\/2023\/03\/mulherHU-A-14-scaled-1-272x182.jpg 272w, https:\/\/www2.uepg.br\/proex\/wp-content\/uploads\/sites\/8\/2023\/03\/mulherHU-A-14-scaled-1.jpg 1920w\" sizes=\"(max-width: 369px) 100vw, 369px\" \/><\/a> <a href=\"https:\/\/www2.uepg.br\/proex\/wp-content\/uploads\/sites\/8\/2023\/03\/mulherHU-A-21-scaled-1.jpg\"><img loading=\"lazy\" class=\"alignnone  wp-image-7342\" src=\"https:\/\/www2.uepg.br\/proex\/wp-content\/uploads\/sites\/8\/2023\/03\/mulherHU-A-21-scaled-1-300x200.jpg\" alt=\"\" width=\"373\" height=\"248\" srcset=\"https:\/\/www2.uepg.br\/proex\/wp-content\/uploads\/sites\/8\/2023\/03\/mulherHU-A-21-scaled-1-300x200.jpg 300w, https:\/\/www2.uepg.br\/proex\/wp-content\/uploads\/sites\/8\/2023\/03\/mulherHU-A-21-scaled-1-1024x683.jpg 1024w, https:\/\/www2.uepg.br\/proex\/wp-content\/uploads\/sites\/8\/2023\/03\/mulherHU-A-21-scaled-1-768x512.jpg 768w, https:\/\/www2.uepg.br\/proex\/wp-content\/uploads\/sites\/8\/2023\/03\/mulherHU-A-21-scaled-1-1536x1024.jpg 1536w, https:\/\/www2.uepg.br\/proex\/wp-content\/uploads\/sites\/8\/2023\/03\/mulherHU-A-21-scaled-1-1232x821.jpg 1232w, https:\/\/www2.uepg.br\/proex\/wp-content\/uploads\/sites\/8\/2023\/03\/mulherHU-A-21-scaled-1-1620x1080.jpg 1620w, https:\/\/www2.uepg.br\/proex\/wp-content\/uploads\/sites\/8\/2023\/03\/mulherHU-A-21-scaled-1-272x182.jpg 272w, https:\/\/www2.uepg.br\/proex\/wp-content\/uploads\/sites\/8\/2023\/03\/mulherHU-A-21-scaled-1.jpg 1920w\" sizes=\"(max-width: 373px) 100vw, 373px\" \/><\/a><\/p>\n<blockquote><p>Texto: J\u00e9ssica Natal e Gabriel Miguel | Fotos: Aline Jasper, J\u00e9ssica Natal e Gabriel Miguel<\/p><\/blockquote>\n","protected":false},"excerpt":{"rendered":"<p>Homenagem foi a palavra da vez na Universidade Estadual de Ponta Grossa, nesta quarta-feira (08). Em comemora\u00e7\u00e3o ao Dia Internacional da Mulher, a institui\u00e7\u00e3o organizou atividades para professoras, servidoras e alunas, por meio da Pr\u00f3-Reitoria de Recursos Humanos (ProRH), Pr\u00f3-Reitoria de Extens\u00e3o e Assuntos Culturais (Proex) e Hospital Universit\u00e1rio (HU). O dia come\u00e7ou com m\u00fasica&nbsp;&hellip;<\/p>\n","protected":false},"author":590,"featured_media":7362,"comment_status":"closed","ping_status":"closed","sticky":false,"template":"","format":"standard","meta":[],"categories":[8],"tags":[],"_links":{"self":[{"href":"https:\/\/www2.uepg.br\/proex\/wp-json\/wp\/v2\/posts\/7340"}],"collection":[{"href":"https:\/\/www2.uepg.br\/proex\/wp-json\/wp\/v2\/posts"}],"about":[{"href":"https:\/\/www2.uepg.br\/proex\/wp-json\/wp\/v2\/types\/post"}],"author":[{"embeddable":true,"href":"https:\/\/www2.uepg.br\/proex\/wp-json\/wp\/v2\/users\/590"}],"replies":[{"embeddable":true,"href":"https:\/\/www2.uepg.br\/proex\/wp-json\/wp\/v2\/comments?post=7340"}],"version-history":[{"count":3,"href":"https:\/\/www2.uepg.br\/proex\/wp-json\/wp\/v2\/posts\/7340\/revisions"}],"predecessor-version":[{"id":7365,"href":"https:\/\/www2.uepg.br\/proex\/wp-json\/wp\/v2\/posts\/7340\/revisions\/7365"}],"wp:featuredmedia":[{"embeddable":true,"href":"https:\/\/www2.uepg.br\/proex\/wp-json\/wp\/v2\/media\/7362"}],"wp:attachment":[{"href":"https:\/\/www2.uepg.br\/proex\/wp-json\/wp\/v2\/media?parent=7340"}],"wp:term":[{"taxonomy":"category","embeddable":true,"href":"https:\/\/www2.uepg.br\/proex\/wp-json\/wp\/v2\/categories?post=7340"},{"taxonomy":"post_tag","embeddable":true,"href":"https:\/\/www2.uepg.br\/proex\/wp-json\/wp\/v2\/tags?post=7340"}],"curies":[{"name":"wp","href":"https:\/\/api.w.org\/{rel}","templated":true}]}}