{"id":7366,"date":"2023-03-10T16:51:55","date_gmt":"2023-03-10T19:51:55","guid":{"rendered":"https:\/\/www2.uepg.br\/proex\/?p=7366"},"modified":"2023-03-10T16:51:55","modified_gmt":"2023-03-10T19:51:55","slug":"parana-fala-frances-segue-com-inscricoes-abertas-ate-segunda-feira-13","status":"publish","type":"post","link":"https:\/\/www2.uepg.br\/proex\/parana-fala-frances-segue-com-inscricoes-abertas-ate-segunda-feira-13\/","title":{"rendered":"Paran\u00e1 Fala Franc\u00eas segue com inscri\u00e7\u00f5es abertas at\u00e9 segunda-feira (13)"},"content":{"rendered":"<p>O Programa Paran\u00e1 Fala Idiomas est\u00e1 com inscri\u00e7\u00f5es abertas at\u00e9 a pr\u00f3xima segunda-feira (13) para cursos de Franc\u00eas na Universidade Estadual de Ponta Grossa (UEPG). O projeto \u00e9 vinculado \u00e0 Secretaria de Ci\u00eancia, Tecnologia e Ensino Superior do Paran\u00e1 (Seti) e tem como objetivo apoiar o aprimoramento e internacionaliza\u00e7\u00e3o da comunidade interna das universidades vinculadas. O curso \u00e9 ofertado de forma gratuita, com certifica\u00e7\u00e3o final de 60h e tem previs\u00e3o de in\u00edcio na terceira semana de mar\u00e7o.<\/p>\n<p>Est\u00e3o aptos a se inscrever os alunos de gradua\u00e7\u00e3o ou especializa\u00e7\u00e3o, docentes e agentes universit\u00e1rios. Ser\u00e3o seis turmas, que abrangem do n\u00edvel iniciante (A1.1) at\u00e9 o pr\u00e9-intermedi\u00e1rio (A2.2). Os hor\u00e1rios variam de acordo com os n\u00edveis dispon\u00edveis, com turmas na UEPG Centro e Campus Uvaranas. Ap\u00f3s as inscri\u00e7\u00f5es encerradas, os classificados para as vagas ser\u00e3o chamados via edital para in\u00edcio das aulas ainda na semana que vem. Caso todas as vagas n\u00e3o sejam preenchidas os formul\u00e1rios de inscri\u00e7\u00e3o continuar\u00e3o abertos.<\/p>\n<p>Para fazer a inscri\u00e7\u00e3o, basta comprovar o v\u00ednculo com a institui\u00e7\u00e3o. Inscri\u00e7\u00f5es do\u00a0Paran\u00e1\u00a0<a role=\"link\" href=\"https:\/\/www2.uepg.br\/parana-fala-idiomas\/wp-content\/uploads\/sites\/37\/2023\/02\/EDITAL-FORMULARIOS-PFF-2023.pdf\">Fala Franc\u00eas aqui<\/a>.<\/p>\n<pre>Texto: Amanda Santos | Foto: Aline Jasper<\/pre>\n","protected":false},"excerpt":{"rendered":"<p>O Programa Paran\u00e1 Fala Idiomas est\u00e1 com inscri\u00e7\u00f5es abertas at\u00e9 a pr\u00f3xima segunda-feira (13) para cursos de Franc\u00eas na Universidade Estadual de Ponta Grossa (UEPG). O projeto \u00e9 vinculado \u00e0 Secretaria de Ci\u00eancia, Tecnologia e Ensino Superior do Paran\u00e1 (Seti) e tem como objetivo apoiar o aprimoramento e internacionaliza\u00e7\u00e3o da comunidade interna das universidades vinculadas.&nbsp;&hellip;<\/p>\n","protected":false},"author":590,"featured_media":7367,"comment_status":"closed","ping_status":"closed","sticky":false,"template":"","format":"standard","meta":[],"categories":[8],"tags":[],"_links":{"self":[{"href":"https:\/\/www2.uepg.br\/proex\/wp-json\/wp\/v2\/posts\/7366"}],"collection":[{"href":"https:\/\/www2.uepg.br\/proex\/wp-json\/wp\/v2\/posts"}],"about":[{"href":"https:\/\/www2.uepg.br\/proex\/wp-json\/wp\/v2\/types\/post"}],"author":[{"embeddable":true,"href":"https:\/\/www2.uepg.br\/proex\/wp-json\/wp\/v2\/users\/590"}],"replies":[{"embeddable":true,"href":"https:\/\/www2.uepg.br\/proex\/wp-json\/wp\/v2\/comments?post=7366"}],"version-history":[{"count":1,"href":"https:\/\/www2.uepg.br\/proex\/wp-json\/wp\/v2\/posts\/7366\/revisions"}],"predecessor-version":[{"id":7368,"href":"https:\/\/www2.uepg.br\/proex\/wp-json\/wp\/v2\/posts\/7366\/revisions\/7368"}],"wp:featuredmedia":[{"embeddable":true,"href":"https:\/\/www2.uepg.br\/proex\/wp-json\/wp\/v2\/media\/7367"}],"wp:attachment":[{"href":"https:\/\/www2.uepg.br\/proex\/wp-json\/wp\/v2\/media?parent=7366"}],"wp:term":[{"taxonomy":"category","embeddable":true,"href":"https:\/\/www2.uepg.br\/proex\/wp-json\/wp\/v2\/categories?post=7366"},{"taxonomy":"post_tag","embeddable":true,"href":"https:\/\/www2.uepg.br\/proex\/wp-json\/wp\/v2\/tags?post=7366"}],"curies":[{"name":"wp","href":"https:\/\/api.w.org\/{rel}","templated":true}]}}