{"id":7412,"date":"2023-03-15T16:26:11","date_gmt":"2023-03-15T19:26:11","guid":{"rendered":"https:\/\/www2.uepg.br\/proex\/?p=7412"},"modified":"2023-03-15T16:26:11","modified_gmt":"2023-03-15T19:26:11","slug":"projeto-educanto-abre-inscricoes-para-corais","status":"publish","type":"post","link":"https:\/\/www2.uepg.br\/proex\/projeto-educanto-abre-inscricoes-para-corais\/","title":{"rendered":"Projeto Educanto abre inscri\u00e7\u00f5es para corais"},"content":{"rendered":"<p>O projeto de extens\u00e3o Educanto, do curso de Licenciatura em M\u00fasica da Universidade Estadual de Ponta Grossa\u00a0 (UEPG), est\u00e1 com inscri\u00e7\u00f5es abertas para novas turmas do Coro Infantojuvenil Tons e Cores. As inscri\u00e7\u00f5es podem ser feitas at\u00e9 esta sexta-feira (17), por meio de\u00a0<a role=\"link\" href=\"https:\/\/docs.google.com\/forms\/d\/e\/1FAIpQLScKYb7vjNa_P6oSzcCXgaZdkqbDnpTzqpDo0WxOKsBwza5OSQ\/viewform\">formul\u00e1rio<\/a>. As audi\u00e7\u00f5es acontecer\u00e3o no pr\u00e9dio da Pr\u00f3-Reitoria de Extens\u00e3o e Assuntos Culturais, em 20 de mar\u00e7o, durante a primeira aula do coral.<\/p>\n<p>O Coro Infantojuvenil Tons e Cores \u00e9 formado por crian\u00e7as entre 7 e 13 anos.\u00a0O professor Ronaldo Silva, um dos coordenadores do projeto Educanto, explica como ser\u00e1 o processo de audi\u00e7\u00e3o. \u201cNesse primeiro momento, os professores ouvir\u00e3o a voz da crian\u00e7a para saber qual sua extens\u00e3o vocal, timbre e afina\u00e7\u00e3o\u201d. O coordenador refor\u00e7a que o encontro n\u00e3o trata-se de um teste.\u00a0\u201cS\u00e3o v\u00e1rios os benef\u00edcios para a crian\u00e7a. Al\u00e9m do desenvolvimento musical, como afina\u00e7\u00e3o, t\u00e9cnica vocal, ritmo e leitura musical, tamb\u00e9m desenvolvem a coordena\u00e7\u00e3o motora, concentra\u00e7\u00e3o e aprendem a trabalhar em equipe\u201d, comenta.<\/p>\n<p>Al\u00e9m do Coro Tons e Cores, tamb\u00e9m est\u00e3o abertas vagas para o Coral Entre Tons, para o qual basta os candidatos comparecerem no pr\u00e9dio da Proex, no dia 15, \u00e0s 19h, sem necessidade de inscri\u00e7\u00e3o. O Coral EntreTons \u00e9 destinado a jovens entre 13 a 25 anos.<\/p>\n<p><strong><a href=\"https:\/\/www2.uepg.br\/proex\/wp-content\/uploads\/sites\/8\/2023\/03\/WhatsApp-Image-2023-03-15-at-09.47.14-scaled-1.jpg\"><img loading=\"lazy\" class=\"size-medium wp-image-7413 alignleft\" src=\"https:\/\/www2.uepg.br\/proex\/wp-content\/uploads\/sites\/8\/2023\/03\/WhatsApp-Image-2023-03-15-at-09.47.14-scaled-1-300x300.jpg\" alt=\"\" width=\"300\" height=\"300\" srcset=\"https:\/\/www2.uepg.br\/proex\/wp-content\/uploads\/sites\/8\/2023\/03\/WhatsApp-Image-2023-03-15-at-09.47.14-scaled-1-300x300.jpg 300w, https:\/\/www2.uepg.br\/proex\/wp-content\/uploads\/sites\/8\/2023\/03\/WhatsApp-Image-2023-03-15-at-09.47.14-scaled-1-1024x1024.jpg 1024w, https:\/\/www2.uepg.br\/proex\/wp-content\/uploads\/sites\/8\/2023\/03\/WhatsApp-Image-2023-03-15-at-09.47.14-scaled-1-150x150.jpg 150w, https:\/\/www2.uepg.br\/proex\/wp-content\/uploads\/sites\/8\/2023\/03\/WhatsApp-Image-2023-03-15-at-09.47.14-scaled-1-768x768.jpg 768w, https:\/\/www2.uepg.br\/proex\/wp-content\/uploads\/sites\/8\/2023\/03\/WhatsApp-Image-2023-03-15-at-09.47.14-scaled-1-1536x1536.jpg 1536w, https:\/\/www2.uepg.br\/proex\/wp-content\/uploads\/sites\/8\/2023\/03\/WhatsApp-Image-2023-03-15-at-09.47.14-scaled-1-1232x1232.jpg 1232w, https:\/\/www2.uepg.br\/proex\/wp-content\/uploads\/sites\/8\/2023\/03\/WhatsApp-Image-2023-03-15-at-09.47.14-scaled-1-1080x1080.jpg 1080w, https:\/\/www2.uepg.br\/proex\/wp-content\/uploads\/sites\/8\/2023\/03\/WhatsApp-Image-2023-03-15-at-09.47.14-scaled-1.jpg 1920w\" sizes=\"(max-width: 300px) 100vw, 300px\" \/><\/a>Reconhecimento<\/strong><\/p>\n<p>O Coro Infanto Juvenil recebeu nesta segunda-feira (13) uma mo\u00e7\u00e3o de aplauso na C\u00e2mara Municipal de Ponta Grossa pelo trabalho realizado h\u00e1 oito anos no Centro de Aten\u00e7\u00e3o Integral \u00e0 Crian\u00e7a e ao Adolescente (Caic-UEPG). \u201cRepresentamos os professores, acad\u00eamicos, cantores, diretores, pedagogas, pais e uma infinidade de pessoas que fazem que o Educanto seja uma realidade\u201d, comemorou o professor Ronaldo. \u201cAgradecemos ao vereador dr. Erick pela gentileza e reconhecimento\u201d.<\/p>\n<p>Mais informa\u00e7\u00f5es sobre o Educanto e os seus corais est\u00e3o dispon\u00edveis na\u00a0<a role=\"link\" href=\"https:\/\/www2.uepg.br\/educanto\/\">p\u00e1gina<\/a>\u00a0do projeto.<\/p>\n<blockquote><p>\nTexto: Gabriel Miguel I Fotos: acervo pessoal e Maur\u00edcio Bollete<\/p><\/blockquote>\n","protected":false},"excerpt":{"rendered":"<p>O projeto de extens\u00e3o Educanto, do curso de Licenciatura em M\u00fasica da Universidade Estadual de Ponta Grossa\u00a0 (UEPG), est\u00e1 com inscri\u00e7\u00f5es abertas para novas turmas do Coro Infantojuvenil Tons e Cores. As inscri\u00e7\u00f5es podem ser feitas at\u00e9 esta sexta-feira (17), por meio de\u00a0formul\u00e1rio. As audi\u00e7\u00f5es acontecer\u00e3o no pr\u00e9dio da Pr\u00f3-Reitoria de Extens\u00e3o e Assuntos Culturais,&nbsp;&hellip;<\/p>\n","protected":false},"author":590,"featured_media":7414,"comment_status":"closed","ping_status":"closed","sticky":false,"template":"","format":"standard","meta":[],"categories":[8],"tags":[],"_links":{"self":[{"href":"https:\/\/www2.uepg.br\/proex\/wp-json\/wp\/v2\/posts\/7412"}],"collection":[{"href":"https:\/\/www2.uepg.br\/proex\/wp-json\/wp\/v2\/posts"}],"about":[{"href":"https:\/\/www2.uepg.br\/proex\/wp-json\/wp\/v2\/types\/post"}],"author":[{"embeddable":true,"href":"https:\/\/www2.uepg.br\/proex\/wp-json\/wp\/v2\/users\/590"}],"replies":[{"embeddable":true,"href":"https:\/\/www2.uepg.br\/proex\/wp-json\/wp\/v2\/comments?post=7412"}],"version-history":[{"count":1,"href":"https:\/\/www2.uepg.br\/proex\/wp-json\/wp\/v2\/posts\/7412\/revisions"}],"predecessor-version":[{"id":7415,"href":"https:\/\/www2.uepg.br\/proex\/wp-json\/wp\/v2\/posts\/7412\/revisions\/7415"}],"wp:featuredmedia":[{"embeddable":true,"href":"https:\/\/www2.uepg.br\/proex\/wp-json\/wp\/v2\/media\/7414"}],"wp:attachment":[{"href":"https:\/\/www2.uepg.br\/proex\/wp-json\/wp\/v2\/media?parent=7412"}],"wp:term":[{"taxonomy":"category","embeddable":true,"href":"https:\/\/www2.uepg.br\/proex\/wp-json\/wp\/v2\/categories?post=7412"},{"taxonomy":"post_tag","embeddable":true,"href":"https:\/\/www2.uepg.br\/proex\/wp-json\/wp\/v2\/tags?post=7412"}],"curies":[{"name":"wp","href":"https:\/\/api.w.org\/{rel}","templated":true}]}}