{"id":7416,"date":"2023-03-15T17:09:42","date_gmt":"2023-03-15T20:09:42","guid":{"rendered":"https:\/\/www2.uepg.br\/proex\/?p=7416"},"modified":"2023-03-15T17:12:25","modified_gmt":"2023-03-15T20:12:25","slug":"hospitais-da-uepg-lancam-protocolo-de-atendimento-a-vitimas-de-violencia","status":"publish","type":"post","link":"https:\/\/www2.uepg.br\/proex\/hospitais-da-uepg-lancam-protocolo-de-atendimento-a-vitimas-de-violencia\/","title":{"rendered":"Hospitais da UEPG lan\u00e7am protocolo de atendimento a v\u00edtimas de viol\u00eancia"},"content":{"rendered":"<p>Nesta segunda (13), o\u00a0<em>hall<\/em>\u00a0interno do Hospital Universit\u00e1rio foi um espa\u00e7o para falar sobre viol\u00eancia. O lan\u00e7amento do Protocolo de Atendimento \u00e0s V\u00edtimas de Viol\u00eancia, organizado pela Universidade Estadual de Ponta Grossa (UEPG), reuniu representantes das Secretarias de Estado de Sa\u00fade; da Mulher e Igualdade Racial; e da Fam\u00edlia e Desenvolvimento Social; da 3\u00aa Regional de Sa\u00fade; e de secretarias municipais de doze munic\u00edpios dos Campos Gerais.<\/p>\n<p><a href=\"https:\/\/www2.uepg.br\/proex\/wp-content\/uploads\/sites\/8\/2023\/03\/violencia-A-34-768x512-1.jpg\"><img loading=\"lazy\" class=\"alignnone wp-image-7441\" src=\"https:\/\/www2.uepg.br\/proex\/wp-content\/uploads\/sites\/8\/2023\/03\/violencia-A-34-768x512-1-300x200.jpg\" alt=\"\" width=\"390\" height=\"260\" srcset=\"https:\/\/www2.uepg.br\/proex\/wp-content\/uploads\/sites\/8\/2023\/03\/violencia-A-34-768x512-1-300x200.jpg 300w, https:\/\/www2.uepg.br\/proex\/wp-content\/uploads\/sites\/8\/2023\/03\/violencia-A-34-768x512-1-272x182.jpg 272w, https:\/\/www2.uepg.br\/proex\/wp-content\/uploads\/sites\/8\/2023\/03\/violencia-A-34-768x512-1.jpg 768w\" sizes=\"(max-width: 390px) 100vw, 390px\" \/><\/a> <a href=\"https:\/\/www2.uepg.br\/proex\/wp-content\/uploads\/sites\/8\/2023\/03\/violencia-A-35-scaled-1.jpg\"><img loading=\"lazy\" class=\"alignnone wp-image-7433\" src=\"https:\/\/www2.uepg.br\/proex\/wp-content\/uploads\/sites\/8\/2023\/03\/violencia-A-35-scaled-1-300x200.jpg\" alt=\"\" width=\"390\" height=\"260\" srcset=\"https:\/\/www2.uepg.br\/proex\/wp-content\/uploads\/sites\/8\/2023\/03\/violencia-A-35-scaled-1-300x200.jpg 300w, https:\/\/www2.uepg.br\/proex\/wp-content\/uploads\/sites\/8\/2023\/03\/violencia-A-35-scaled-1-1024x683.jpg 1024w, https:\/\/www2.uepg.br\/proex\/wp-content\/uploads\/sites\/8\/2023\/03\/violencia-A-35-scaled-1-768x512.jpg 768w, https:\/\/www2.uepg.br\/proex\/wp-content\/uploads\/sites\/8\/2023\/03\/violencia-A-35-scaled-1-1536x1024.jpg 1536w, https:\/\/www2.uepg.br\/proex\/wp-content\/uploads\/sites\/8\/2023\/03\/violencia-A-35-scaled-1-1232x821.jpg 1232w, https:\/\/www2.uepg.br\/proex\/wp-content\/uploads\/sites\/8\/2023\/03\/violencia-A-35-scaled-1-1620x1080.jpg 1620w, https:\/\/www2.uepg.br\/proex\/wp-content\/uploads\/sites\/8\/2023\/03\/violencia-A-35-scaled-1-272x182.jpg 272w, https:\/\/www2.uepg.br\/proex\/wp-content\/uploads\/sites\/8\/2023\/03\/violencia-A-35-scaled-1.jpg 1920w\" sizes=\"(max-width: 390px) 100vw, 390px\" \/><\/a><\/p>\n<p><a href=\"https:\/\/www2.uepg.br\/proex\/wp-content\/uploads\/sites\/8\/2023\/03\/violencia-A-22-300x200-1.jpg\"><img loading=\"lazy\" class=\"alignnone wp-image-7440\" src=\"https:\/\/www2.uepg.br\/proex\/wp-content\/uploads\/sites\/8\/2023\/03\/violencia-A-22-300x200-1.jpg\" alt=\"\" width=\"389\" height=\"259\" srcset=\"https:\/\/www2.uepg.br\/proex\/wp-content\/uploads\/sites\/8\/2023\/03\/violencia-A-22-300x200-1.jpg 300w, https:\/\/www2.uepg.br\/proex\/wp-content\/uploads\/sites\/8\/2023\/03\/violencia-A-22-300x200-1-272x182.jpg 272w\" sizes=\"(max-width: 389px) 100vw, 389px\" \/> <\/a><a href=\"https:\/\/www2.uepg.br\/proex\/wp-content\/uploads\/sites\/8\/2023\/03\/violencia-A-19-scaled-1.jpg\"><img loading=\"lazy\" class=\"alignnone wp-image-7431\" src=\"https:\/\/www2.uepg.br\/proex\/wp-content\/uploads\/sites\/8\/2023\/03\/violencia-A-19-scaled-1-300x200.jpg\" alt=\"\" width=\"386\" height=\"257\" srcset=\"https:\/\/www2.uepg.br\/proex\/wp-content\/uploads\/sites\/8\/2023\/03\/violencia-A-19-scaled-1-300x200.jpg 300w, https:\/\/www2.uepg.br\/proex\/wp-content\/uploads\/sites\/8\/2023\/03\/violencia-A-19-scaled-1-1024x683.jpg 1024w, https:\/\/www2.uepg.br\/proex\/wp-content\/uploads\/sites\/8\/2023\/03\/violencia-A-19-scaled-1-768x512.jpg 768w, https:\/\/www2.uepg.br\/proex\/wp-content\/uploads\/sites\/8\/2023\/03\/violencia-A-19-scaled-1-1536x1024.jpg 1536w, https:\/\/www2.uepg.br\/proex\/wp-content\/uploads\/sites\/8\/2023\/03\/violencia-A-19-scaled-1-1232x821.jpg 1232w, https:\/\/www2.uepg.br\/proex\/wp-content\/uploads\/sites\/8\/2023\/03\/violencia-A-19-scaled-1-1620x1080.jpg 1620w, https:\/\/www2.uepg.br\/proex\/wp-content\/uploads\/sites\/8\/2023\/03\/violencia-A-19-scaled-1-272x182.jpg 272w, https:\/\/www2.uepg.br\/proex\/wp-content\/uploads\/sites\/8\/2023\/03\/violencia-A-19-scaled-1.jpg 1920w\" sizes=\"(max-width: 386px) 100vw, 386px\" \/><\/a><\/p>\n<p><a href=\"https:\/\/www2.uepg.br\/proex\/wp-content\/uploads\/sites\/8\/2023\/03\/violencia-A-11-768x512-1.jpg\"><img loading=\"lazy\" class=\"alignnone wp-image-7437\" src=\"https:\/\/www2.uepg.br\/proex\/wp-content\/uploads\/sites\/8\/2023\/03\/violencia-A-11-768x512-1-300x200.jpg\" alt=\"\" width=\"387\" height=\"258\" srcset=\"https:\/\/www2.uepg.br\/proex\/wp-content\/uploads\/sites\/8\/2023\/03\/violencia-A-11-768x512-1-300x200.jpg 300w, https:\/\/www2.uepg.br\/proex\/wp-content\/uploads\/sites\/8\/2023\/03\/violencia-A-11-768x512-1-272x182.jpg 272w, https:\/\/www2.uepg.br\/proex\/wp-content\/uploads\/sites\/8\/2023\/03\/violencia-A-11-768x512-1.jpg 768w\" sizes=\"(max-width: 387px) 100vw, 387px\" \/> <\/a><a href=\"https:\/\/www2.uepg.br\/proex\/wp-content\/uploads\/sites\/8\/2023\/03\/violencia-A-14-scaled-1.jpg\"><img loading=\"lazy\" class=\"alignnone wp-image-7427\" src=\"https:\/\/www2.uepg.br\/proex\/wp-content\/uploads\/sites\/8\/2023\/03\/violencia-A-14-scaled-1-300x200.jpg\" alt=\"\" width=\"384\" height=\"256\" srcset=\"https:\/\/www2.uepg.br\/proex\/wp-content\/uploads\/sites\/8\/2023\/03\/violencia-A-14-scaled-1-300x200.jpg 300w, https:\/\/www2.uepg.br\/proex\/wp-content\/uploads\/sites\/8\/2023\/03\/violencia-A-14-scaled-1-1024x683.jpg 1024w, https:\/\/www2.uepg.br\/proex\/wp-content\/uploads\/sites\/8\/2023\/03\/violencia-A-14-scaled-1-768x512.jpg 768w, https:\/\/www2.uepg.br\/proex\/wp-content\/uploads\/sites\/8\/2023\/03\/violencia-A-14-scaled-1-1536x1024.jpg 1536w, https:\/\/www2.uepg.br\/proex\/wp-content\/uploads\/sites\/8\/2023\/03\/violencia-A-14-scaled-1-1232x821.jpg 1232w, https:\/\/www2.uepg.br\/proex\/wp-content\/uploads\/sites\/8\/2023\/03\/violencia-A-14-scaled-1-1620x1080.jpg 1620w, https:\/\/www2.uepg.br\/proex\/wp-content\/uploads\/sites\/8\/2023\/03\/violencia-A-14-scaled-1-272x182.jpg 272w, https:\/\/www2.uepg.br\/proex\/wp-content\/uploads\/sites\/8\/2023\/03\/violencia-A-14-scaled-1.jpg 1920w\" sizes=\"(max-width: 384px) 100vw, 384px\" \/><\/a><\/p>\n<p><a href=\"https:\/\/www2.uepg.br\/proex\/wp-content\/uploads\/sites\/8\/2023\/03\/violencia-A-15-scaled-1.jpg\"><img loading=\"lazy\" class=\"alignnone wp-image-7428\" src=\"https:\/\/www2.uepg.br\/proex\/wp-content\/uploads\/sites\/8\/2023\/03\/violencia-A-15-scaled-1-300x200.jpg\" alt=\"\" width=\"386\" height=\"257\" srcset=\"https:\/\/www2.uepg.br\/proex\/wp-content\/uploads\/sites\/8\/2023\/03\/violencia-A-15-scaled-1-300x200.jpg 300w, https:\/\/www2.uepg.br\/proex\/wp-content\/uploads\/sites\/8\/2023\/03\/violencia-A-15-scaled-1-1024x683.jpg 1024w, https:\/\/www2.uepg.br\/proex\/wp-content\/uploads\/sites\/8\/2023\/03\/violencia-A-15-scaled-1-768x512.jpg 768w, https:\/\/www2.uepg.br\/proex\/wp-content\/uploads\/sites\/8\/2023\/03\/violencia-A-15-scaled-1-1536x1024.jpg 1536w, https:\/\/www2.uepg.br\/proex\/wp-content\/uploads\/sites\/8\/2023\/03\/violencia-A-15-scaled-1-1232x821.jpg 1232w, https:\/\/www2.uepg.br\/proex\/wp-content\/uploads\/sites\/8\/2023\/03\/violencia-A-15-scaled-1-1620x1080.jpg 1620w, https:\/\/www2.uepg.br\/proex\/wp-content\/uploads\/sites\/8\/2023\/03\/violencia-A-15-scaled-1-272x182.jpg 272w, https:\/\/www2.uepg.br\/proex\/wp-content\/uploads\/sites\/8\/2023\/03\/violencia-A-15-scaled-1.jpg 1920w\" sizes=\"(max-width: 386px) 100vw, 386px\" \/> <\/a><a href=\"https:\/\/www2.uepg.br\/proex\/wp-content\/uploads\/sites\/8\/2023\/03\/violencia-A-8-scaled-1.jpg\"><img loading=\"lazy\" class=\"alignnone wp-image-7424\" src=\"https:\/\/www2.uepg.br\/proex\/wp-content\/uploads\/sites\/8\/2023\/03\/violencia-A-8-scaled-1-300x200.jpg\" alt=\"\" width=\"387\" height=\"258\" srcset=\"https:\/\/www2.uepg.br\/proex\/wp-content\/uploads\/sites\/8\/2023\/03\/violencia-A-8-scaled-1-300x200.jpg 300w, https:\/\/www2.uepg.br\/proex\/wp-content\/uploads\/sites\/8\/2023\/03\/violencia-A-8-scaled-1-1024x683.jpg 1024w, https:\/\/www2.uepg.br\/proex\/wp-content\/uploads\/sites\/8\/2023\/03\/violencia-A-8-scaled-1-768x512.jpg 768w, https:\/\/www2.uepg.br\/proex\/wp-content\/uploads\/sites\/8\/2023\/03\/violencia-A-8-scaled-1-1536x1024.jpg 1536w, https:\/\/www2.uepg.br\/proex\/wp-content\/uploads\/sites\/8\/2023\/03\/violencia-A-8-scaled-1-1232x821.jpg 1232w, https:\/\/www2.uepg.br\/proex\/wp-content\/uploads\/sites\/8\/2023\/03\/violencia-A-8-scaled-1-1620x1080.jpg 1620w, https:\/\/www2.uepg.br\/proex\/wp-content\/uploads\/sites\/8\/2023\/03\/violencia-A-8-scaled-1-272x182.jpg 272w, https:\/\/www2.uepg.br\/proex\/wp-content\/uploads\/sites\/8\/2023\/03\/violencia-A-8-scaled-1.jpg 1920w\" sizes=\"(max-width: 387px) 100vw, 387px\" \/><\/a><\/p>\n<p>O protocolo, <a role=\"link\" href=\"https:\/\/drive.google.com\/file\/d\/1YGK6J3HQe2WxmuJQOPWCXE35cUI7ecCq\/view\">dispon\u00edvel online<\/a>, descreve as diferentes formas de viol\u00eancia, com base na legisla\u00e7\u00e3o e na literatura sobre o tema; traz os principais sinais de viol\u00eancia que podem ser identificados em grupos vulner\u00e1veis (crian\u00e7as, adolescentes, mulheres, pessoas idosas e popula\u00e7\u00e3o LGBTQIA+); e apresenta os fluxos para atendimento das v\u00edtimas de viol\u00eancia, desde o acolhimento, atendimento cl\u00ednico, notifica\u00e7\u00e3o compuls\u00f3ria, at\u00e9 a continuidade do cuidado pela rede de assist\u00eancia em sa\u00fade.\u00a0O documento, em sua segunda edi\u00e7\u00e3o, foi organizado pelas assistentes sociais Cleide Lavoratti, Kelly Krezinski Crivoi e Lucimara Nabozny.<\/p>\n<p>O reitor da UEPG, professor Miguel Sanches Neto, salienta que a preocupa\u00e7\u00e3o com o combate \u00e0 viol\u00eancia e as quest\u00f5es de g\u00eanero parte de um esfor\u00e7o especial dos profissionais, professores e alunos de Servi\u00e7o Social, curso que completa 50 anos em 2023. \u201cCom a nova edi\u00e7\u00e3o do Protocolo de Atendimento, a UEPG e os seus Hospitais Universit\u00e1rios, por meio do curso de Servi\u00e7o Social, reafirma o compromisso de contribuir com o combate \u00e0 viol\u00eancia decorrente de quest\u00f5es de g\u00eanero, ra\u00e7a, etnia, classe social, sexualidade e outras\u201d.\u00a0 O reitor destacou a\u00e7\u00f5es que buscam a igualdade e o exerc\u00edcio dos direitos humanos, ao mesmo tempo em que criam uma cultura de cuidado para com aqueles que est\u00e3o mais suscet\u00edveis \u00e0 viol\u00eancia.<\/p>\n<p>Como explica a professora\u00a0Cleide Lavoratti, a demanda foi identificada em 2017, no pr\u00f3prio cotidiano dos atendimentos das assistentes sociais do Hospital Universit\u00e1rio. \u201cForam dois anos de capacita\u00e7\u00e3o e de constru\u00e7\u00e3o coletiva da primeira edi\u00e7\u00e3o deste documento interno para orientar as a\u00e7\u00f5es de acolhimento, exames, atendimento psicol\u00f3gico e social e o encaminhamento para a rede de prote\u00e7\u00e3o\u201d, lembra. Em 01 de abril de 2022, os Hospitais da UEPG se tornaram refer\u00eancia no atendimento de pessoas em situa\u00e7\u00e3o de viol\u00eancia, por meio de um pacto entre a 3\u00aa Regional de Sa\u00fade, a UEPG e os munic\u00edpios dos Campos Gerais.<\/p>\n<p>O Hospital Universit\u00e1rio Materno-Infantil (Humai) \u00e9 refer\u00eancia regional para atender crian\u00e7as de 0 a 11 anos v\u00edtimas de viol\u00eancia f\u00edsica, sexual e neglig\u00eancia severa que demandem atendimento hospitalar. J\u00e1 o Hospital Universit\u00e1rio (HU-UEPG) atende adolescentes (12 a 18 anos) ou adultos.<\/p>\n<p><a href=\"https:\/\/www2.uepg.br\/proex\/wp-content\/uploads\/sites\/8\/2023\/03\/violencia-A-13-scaled-1.jpg\"><img loading=\"lazy\" class=\"alignnone wp-image-7432\" src=\"https:\/\/www2.uepg.br\/proex\/wp-content\/uploads\/sites\/8\/2023\/03\/violencia-A-13-scaled-1-300x200.jpg\" alt=\"\" width=\"390\" height=\"260\" srcset=\"https:\/\/www2.uepg.br\/proex\/wp-content\/uploads\/sites\/8\/2023\/03\/violencia-A-13-scaled-1-300x200.jpg 300w, https:\/\/www2.uepg.br\/proex\/wp-content\/uploads\/sites\/8\/2023\/03\/violencia-A-13-scaled-1-1024x683.jpg 1024w, https:\/\/www2.uepg.br\/proex\/wp-content\/uploads\/sites\/8\/2023\/03\/violencia-A-13-scaled-1-768x512.jpg 768w, https:\/\/www2.uepg.br\/proex\/wp-content\/uploads\/sites\/8\/2023\/03\/violencia-A-13-scaled-1-1536x1024.jpg 1536w, https:\/\/www2.uepg.br\/proex\/wp-content\/uploads\/sites\/8\/2023\/03\/violencia-A-13-scaled-1-1232x821.jpg 1232w, https:\/\/www2.uepg.br\/proex\/wp-content\/uploads\/sites\/8\/2023\/03\/violencia-A-13-scaled-1-1620x1080.jpg 1620w, https:\/\/www2.uepg.br\/proex\/wp-content\/uploads\/sites\/8\/2023\/03\/violencia-A-13-scaled-1-272x182.jpg 272w, https:\/\/www2.uepg.br\/proex\/wp-content\/uploads\/sites\/8\/2023\/03\/violencia-A-13-scaled-1.jpg 1920w\" sizes=\"(max-width: 390px) 100vw, 390px\" \/> <\/a><a href=\"https:\/\/www2.uepg.br\/proex\/wp-content\/uploads\/sites\/8\/2023\/03\/violencia-A-12-scaled-1.jpg\"><img loading=\"lazy\" class=\"alignnone wp-image-7426\" src=\"https:\/\/www2.uepg.br\/proex\/wp-content\/uploads\/sites\/8\/2023\/03\/violencia-A-12-scaled-1-300x200.jpg\" alt=\"\" width=\"390\" height=\"260\" srcset=\"https:\/\/www2.uepg.br\/proex\/wp-content\/uploads\/sites\/8\/2023\/03\/violencia-A-12-scaled-1-300x200.jpg 300w, https:\/\/www2.uepg.br\/proex\/wp-content\/uploads\/sites\/8\/2023\/03\/violencia-A-12-scaled-1-1024x683.jpg 1024w, https:\/\/www2.uepg.br\/proex\/wp-content\/uploads\/sites\/8\/2023\/03\/violencia-A-12-scaled-1-768x512.jpg 768w, https:\/\/www2.uepg.br\/proex\/wp-content\/uploads\/sites\/8\/2023\/03\/violencia-A-12-scaled-1-1536x1024.jpg 1536w, https:\/\/www2.uepg.br\/proex\/wp-content\/uploads\/sites\/8\/2023\/03\/violencia-A-12-scaled-1-1232x821.jpg 1232w, https:\/\/www2.uepg.br\/proex\/wp-content\/uploads\/sites\/8\/2023\/03\/violencia-A-12-scaled-1-1620x1080.jpg 1620w, https:\/\/www2.uepg.br\/proex\/wp-content\/uploads\/sites\/8\/2023\/03\/violencia-A-12-scaled-1-272x182.jpg 272w, https:\/\/www2.uepg.br\/proex\/wp-content\/uploads\/sites\/8\/2023\/03\/violencia-A-12-scaled-1.jpg 1920w\" sizes=\"(max-width: 390px) 100vw, 390px\" \/><\/a><\/p>\n<p><a href=\"https:\/\/www2.uepg.br\/proex\/wp-content\/uploads\/sites\/8\/2023\/03\/violencia-A-5-scaled-1.jpg\"><img loading=\"lazy\" class=\"alignnone wp-image-7420\" src=\"https:\/\/www2.uepg.br\/proex\/wp-content\/uploads\/sites\/8\/2023\/03\/violencia-A-5-scaled-1-300x200.jpg\" alt=\"\" width=\"389\" height=\"259\" srcset=\"https:\/\/www2.uepg.br\/proex\/wp-content\/uploads\/sites\/8\/2023\/03\/violencia-A-5-scaled-1-300x200.jpg 300w, https:\/\/www2.uepg.br\/proex\/wp-content\/uploads\/sites\/8\/2023\/03\/violencia-A-5-scaled-1-1024x683.jpg 1024w, https:\/\/www2.uepg.br\/proex\/wp-content\/uploads\/sites\/8\/2023\/03\/violencia-A-5-scaled-1-768x512.jpg 768w, https:\/\/www2.uepg.br\/proex\/wp-content\/uploads\/sites\/8\/2023\/03\/violencia-A-5-scaled-1-1536x1024.jpg 1536w, https:\/\/www2.uepg.br\/proex\/wp-content\/uploads\/sites\/8\/2023\/03\/violencia-A-5-scaled-1-1232x821.jpg 1232w, https:\/\/www2.uepg.br\/proex\/wp-content\/uploads\/sites\/8\/2023\/03\/violencia-A-5-scaled-1-1620x1080.jpg 1620w, https:\/\/www2.uepg.br\/proex\/wp-content\/uploads\/sites\/8\/2023\/03\/violencia-A-5-scaled-1-272x182.jpg 272w, https:\/\/www2.uepg.br\/proex\/wp-content\/uploads\/sites\/8\/2023\/03\/violencia-A-5-scaled-1.jpg 1920w\" sizes=\"(max-width: 389px) 100vw, 389px\" \/> <\/a><a href=\"https:\/\/www2.uepg.br\/proex\/wp-content\/uploads\/sites\/8\/2023\/03\/violencia-A-6-scaled-1.jpg\"><img loading=\"lazy\" class=\"alignnone wp-image-7422\" src=\"https:\/\/www2.uepg.br\/proex\/wp-content\/uploads\/sites\/8\/2023\/03\/violencia-A-6-scaled-1-300x200.jpg\" alt=\"\" width=\"395\" height=\"263\" srcset=\"https:\/\/www2.uepg.br\/proex\/wp-content\/uploads\/sites\/8\/2023\/03\/violencia-A-6-scaled-1-300x200.jpg 300w, https:\/\/www2.uepg.br\/proex\/wp-content\/uploads\/sites\/8\/2023\/03\/violencia-A-6-scaled-1-1024x683.jpg 1024w, https:\/\/www2.uepg.br\/proex\/wp-content\/uploads\/sites\/8\/2023\/03\/violencia-A-6-scaled-1-768x512.jpg 768w, https:\/\/www2.uepg.br\/proex\/wp-content\/uploads\/sites\/8\/2023\/03\/violencia-A-6-scaled-1-1536x1024.jpg 1536w, https:\/\/www2.uepg.br\/proex\/wp-content\/uploads\/sites\/8\/2023\/03\/violencia-A-6-scaled-1-1232x821.jpg 1232w, https:\/\/www2.uepg.br\/proex\/wp-content\/uploads\/sites\/8\/2023\/03\/violencia-A-6-scaled-1-1620x1080.jpg 1620w, https:\/\/www2.uepg.br\/proex\/wp-content\/uploads\/sites\/8\/2023\/03\/violencia-A-6-scaled-1-272x182.jpg 272w, https:\/\/www2.uepg.br\/proex\/wp-content\/uploads\/sites\/8\/2023\/03\/violencia-A-6-scaled-1.jpg 1920w\" sizes=\"(max-width: 395px) 100vw, 395px\" \/><\/a><\/p>\n<p><a href=\"https:\/\/www2.uepg.br\/proex\/wp-content\/uploads\/sites\/8\/2023\/03\/violencia-A-9-scaled-1.jpg\"><img loading=\"lazy\" class=\"alignnone wp-image-7425\" src=\"https:\/\/www2.uepg.br\/proex\/wp-content\/uploads\/sites\/8\/2023\/03\/violencia-A-9-scaled-1-300x200.jpg\" alt=\"\" width=\"390\" height=\"260\" srcset=\"https:\/\/www2.uepg.br\/proex\/wp-content\/uploads\/sites\/8\/2023\/03\/violencia-A-9-scaled-1-300x200.jpg 300w, https:\/\/www2.uepg.br\/proex\/wp-content\/uploads\/sites\/8\/2023\/03\/violencia-A-9-scaled-1-1024x683.jpg 1024w, https:\/\/www2.uepg.br\/proex\/wp-content\/uploads\/sites\/8\/2023\/03\/violencia-A-9-scaled-1-768x512.jpg 768w, https:\/\/www2.uepg.br\/proex\/wp-content\/uploads\/sites\/8\/2023\/03\/violencia-A-9-scaled-1-1536x1024.jpg 1536w, https:\/\/www2.uepg.br\/proex\/wp-content\/uploads\/sites\/8\/2023\/03\/violencia-A-9-scaled-1-1232x821.jpg 1232w, https:\/\/www2.uepg.br\/proex\/wp-content\/uploads\/sites\/8\/2023\/03\/violencia-A-9-scaled-1-1620x1080.jpg 1620w, https:\/\/www2.uepg.br\/proex\/wp-content\/uploads\/sites\/8\/2023\/03\/violencia-A-9-scaled-1-272x182.jpg 272w, https:\/\/www2.uepg.br\/proex\/wp-content\/uploads\/sites\/8\/2023\/03\/violencia-A-9-scaled-1.jpg 1920w\" sizes=\"(max-width: 390px) 100vw, 390px\" \/> <\/a><a href=\"https:\/\/www2.uepg.br\/proex\/wp-content\/uploads\/sites\/8\/2023\/03\/violencia-A-4-scaled-1.jpg\"><img loading=\"lazy\" class=\"alignnone wp-image-7419\" src=\"https:\/\/www2.uepg.br\/proex\/wp-content\/uploads\/sites\/8\/2023\/03\/violencia-A-4-scaled-1-300x200.jpg\" alt=\"\" width=\"389\" height=\"259\" srcset=\"https:\/\/www2.uepg.br\/proex\/wp-content\/uploads\/sites\/8\/2023\/03\/violencia-A-4-scaled-1-300x200.jpg 300w, https:\/\/www2.uepg.br\/proex\/wp-content\/uploads\/sites\/8\/2023\/03\/violencia-A-4-scaled-1-1024x683.jpg 1024w, https:\/\/www2.uepg.br\/proex\/wp-content\/uploads\/sites\/8\/2023\/03\/violencia-A-4-scaled-1-768x512.jpg 768w, https:\/\/www2.uepg.br\/proex\/wp-content\/uploads\/sites\/8\/2023\/03\/violencia-A-4-scaled-1-1536x1024.jpg 1536w, https:\/\/www2.uepg.br\/proex\/wp-content\/uploads\/sites\/8\/2023\/03\/violencia-A-4-scaled-1-1232x821.jpg 1232w, https:\/\/www2.uepg.br\/proex\/wp-content\/uploads\/sites\/8\/2023\/03\/violencia-A-4-scaled-1-1620x1080.jpg 1620w, https:\/\/www2.uepg.br\/proex\/wp-content\/uploads\/sites\/8\/2023\/03\/violencia-A-4-scaled-1-272x182.jpg 272w, https:\/\/www2.uepg.br\/proex\/wp-content\/uploads\/sites\/8\/2023\/03\/violencia-A-4-scaled-1.jpg 1920w\" sizes=\"(max-width: 389px) 100vw, 389px\" \/><\/a><\/p>\n<p><strong>Trabalho em rede<\/strong><\/p>\n<p>Para Cleide, a participa\u00e7\u00e3o dos munic\u00edpios da regi\u00e3o \u00e9 um ponto importante. \u201cForam muitos anos de sensibiliza\u00e7\u00e3o, de capta\u00e7\u00e3o. O segundo protocolo, atualizado, revisado e ampliado de acordo com a legisla\u00e7\u00e3o vigente, \u00e9 uma refer\u00eancia muito grande n\u00e3o s\u00f3 para o trabalho do HU e do Humai, mas para toda a regi\u00e3o, que pode usar este documento como ponto de partida para construir seus protocolos, seus fluxos de atendimento, pensando na continuidade do atendimento \u00e0s v\u00edtimas de viol\u00eancia e suas fam\u00edlias\u201d, reflete.<\/p>\n<p>\u201cEsse protocolo fornece uma refer\u00eancia para o trabalho no atendimento e acolhimento das v\u00edtimas\u201d, resume a diretora geral dos HUs, professora Fabiana Postiglione Mansani. Para ela, a publica\u00e7\u00e3o do protocolo \u00e9 impactante por nortear o trabalho n\u00e3o somente dos Hospitais da UEPG, mas tamb\u00e9m dos munic\u00edpios atendidos por eles. \u201cEssa publica\u00e7\u00e3o demonstra que o ensino e assist\u00eancia integrados podem gerar excelentes resultados para a comunidade\u201d, finaliza.<\/p>\n<p>Trabalhando em rede, \u00e9 poss\u00edvel atender melhor \u00e0 popula\u00e7\u00e3o. \u201cEsse protocolo uniformiza a aten\u00e7\u00e3o na nossa regi\u00e3o, refor\u00e7a o papel que os hospitais da UEPG t\u00eam nesse processo e principalmente orienta como as v\u00edtimas podem e devem ser encaminhadas\u201d, explica o diretor da 3\u00aa Regional de Sa\u00fade, Robson Xavier. Ele destacou a import\u00e2ncia da articula\u00e7\u00e3o entre as institui\u00e7\u00f5es para que o atendimento \u00e0s v\u00edtimas de viol\u00eancia seja humanizado e para garantir que, em todos os pontos da rede de assist\u00eancia em sa\u00fade, a v\u00edtima seja acolhida.<\/p>\n<p><a href=\"https:\/\/www2.uepg.br\/proex\/wp-content\/uploads\/sites\/8\/2023\/03\/violencia-A-38-scaled-1.jpg\"><img loading=\"lazy\" class=\"wp-image-7439 alignleft\" src=\"https:\/\/www2.uepg.br\/proex\/wp-content\/uploads\/sites\/8\/2023\/03\/violencia-A-38-scaled-1-300x200.jpg\" alt=\"\" width=\"454\" height=\"302\" srcset=\"https:\/\/www2.uepg.br\/proex\/wp-content\/uploads\/sites\/8\/2023\/03\/violencia-A-38-scaled-1-300x200.jpg 300w, https:\/\/www2.uepg.br\/proex\/wp-content\/uploads\/sites\/8\/2023\/03\/violencia-A-38-scaled-1-1024x683.jpg 1024w, https:\/\/www2.uepg.br\/proex\/wp-content\/uploads\/sites\/8\/2023\/03\/violencia-A-38-scaled-1-768x512.jpg 768w, https:\/\/www2.uepg.br\/proex\/wp-content\/uploads\/sites\/8\/2023\/03\/violencia-A-38-scaled-1-1536x1024.jpg 1536w, https:\/\/www2.uepg.br\/proex\/wp-content\/uploads\/sites\/8\/2023\/03\/violencia-A-38-scaled-1-1232x821.jpg 1232w, https:\/\/www2.uepg.br\/proex\/wp-content\/uploads\/sites\/8\/2023\/03\/violencia-A-38-scaled-1-1620x1080.jpg 1620w, https:\/\/www2.uepg.br\/proex\/wp-content\/uploads\/sites\/8\/2023\/03\/violencia-A-38-scaled-1-272x182.jpg 272w, https:\/\/www2.uepg.br\/proex\/wp-content\/uploads\/sites\/8\/2023\/03\/violencia-A-38-scaled-1.jpg 1920w\" sizes=\"(max-width: 454px) 100vw, 454px\" \/><\/a><\/p>\n<p>\u201cO que n\u00f3s n\u00e3o estamos vendo? O que eles n\u00e3o puderam nos contar?\u201d, questiona a coordenadora da Pol\u00edtica Estadual de Defesa dos Direitos da Crian\u00e7a e do Adolescente, Juliana Muller Sabbag, que na solenidade representou a Secretaria de Estado da Fam\u00edlia e Desenvolvimento Social. Quando se fala do atendimento a crian\u00e7as e adolescentes v\u00edtimas de viol\u00eancia, \u00e9 preciso potencializar os protocolos e fluxos de atendimento que promovem um acolhimento. \u201cUma rede s\u00f3 se faz de m\u00e3os dadas\u201d. A assistente social Carla Konieczniak Aguiar, chefe da Divis\u00e3o de Promo\u00e7\u00e3o da Cultura de Paz e A\u00e7\u00f5es Intersetoriais da Secretaria de Estado da Sa\u00fade, parabenizou \u00e0 equipe pela elabora\u00e7\u00e3o de um instrumento t\u00e3o importante para o cotidiano dos atendimentos em sa\u00fade.<\/p>\n<p>Juliane Santos, representante da Secretaria de Estado da Mulher e Igualdade Racial, enfatizou que \u00e9 momento de enfrentar as viol\u00eancias e promover os direitos. \u201cNossa miss\u00e3o nos traz uma enorme responsabilidade e um compromisso\u201d, diz. \u201cPrecisamos nos direcionar \u00e0 mudan\u00e7a de uma cultura que precisa acabar\u201d.<\/p>\n<p><strong>O que voc\u00ea estava vestindo?\u00a0<\/strong><\/p>\n<p>Araras com roupas chamam a aten\u00e7\u00e3o no hall do Hospital Universit\u00e1rio. Quem chega mais perto logo percebe, no ch\u00e3o, pap\u00e9is com hist\u00f3rias. S\u00e3o casos reais de viol\u00eancia sexual vividos por mulheres, meninas, homens, beb\u00eas, senhoras. A exposi\u00e7\u00e3o provoca: \u201cO que voc\u00ea estava vestindo?\u201d \u2013 uma refer\u00eancia \u00e0 pergunta mais comum recebida por v\u00edtimas de viol\u00eancia sexual quando relatam suas viv\u00eancias.<\/p>\n<p>Como explica a professora Marcela Godoy, organizadora da exposi\u00e7\u00e3o, o projeto surgiu a partir do trabalho em escolas da cidade, com escuta ativa e acolhimento sem julgamento. \u201cComecei a receber muitos relatos de viol\u00eancia sexual e precisei me preparar psicologicamente para lidar com isso\u201d, conta. \u201cA viol\u00eancia sexual n\u00e3o escolhe grupo \u00e9tnico, cor, orienta\u00e7\u00e3o sexual, idade\u201d.<\/p>\n<p>A exposi\u00e7\u00e3o foi inaugurada em 2019, na Galeria de Arte da Proex, e passou por outros eventos em todo o pa\u00eds. O projeto iniciou na Universidade de Arkansas, nos Estados Unidos, em 2014, e foi adaptado para contar hist\u00f3rias em Ponta Grossa. Em contato com a produ\u00e7\u00e3o original, foram disponibilizados os conte\u00fados utilizados na mostra dos Estados Unidos, como o poema escrito em 2000 por Mary Simmerling, estudante que relembrou o que vestia no momento do abuso sexual, reflex\u00e3o que originou o projeto.<\/p>\n<p>\u201cA viol\u00eancia sexual \u00e9 a ponta do\u00a0<em>iceberg<\/em>. A base desse\u00a0<em>iceberg<\/em>\u00a0tem aquelas frases que a gente \u00e0s vezes nem para pra pensar\u201d. Por isso, \u201cO que voc\u00ea estava vestindo?\u201d convida a cada um e cada uma que se sente impactado pela exposi\u00e7\u00e3o, que est\u00e1 exposta no hall do HU-UEPG at\u00e9 sexta-feira (17), para repensar as pequenas e grandes viol\u00eancias cotidianas.<\/p>\n<blockquote><p>Texto e fotos: Aline Jasper<\/p>\n<p><a href=\"https:\/\/www2.uepg.br\/proex\/wp-content\/uploads\/sites\/8\/2023\/03\/violencia-A-39-scaled-1.jpg\">\u00a0<\/a><a href=\"https:\/\/www2.uepg.br\/proex\/wp-content\/uploads\/sites\/8\/2023\/03\/violencia-A-17-768x512-1.jpg\"><img loading=\"lazy\" class=\"alignnone wp-image-7435\" src=\"https:\/\/www2.uepg.br\/proex\/wp-content\/uploads\/sites\/8\/2023\/03\/violencia-A-17-768x512-1-300x200.jpg\" alt=\"\" width=\"387\" height=\"258\" srcset=\"https:\/\/www2.uepg.br\/proex\/wp-content\/uploads\/sites\/8\/2023\/03\/violencia-A-17-768x512-1-300x200.jpg 300w, https:\/\/www2.uepg.br\/proex\/wp-content\/uploads\/sites\/8\/2023\/03\/violencia-A-17-768x512-1-272x182.jpg 272w, https:\/\/www2.uepg.br\/proex\/wp-content\/uploads\/sites\/8\/2023\/03\/violencia-A-17-768x512-1.jpg 768w\" sizes=\"(max-width: 387px) 100vw, 387px\" \/> <\/a><a href=\"https:\/\/www2.uepg.br\/proex\/wp-content\/uploads\/sites\/8\/2023\/03\/violencia-A-47-scaled-1.jpg\"><img loading=\"lazy\" class=\"alignnone wp-image-7434\" src=\"https:\/\/www2.uepg.br\/proex\/wp-content\/uploads\/sites\/8\/2023\/03\/violencia-A-47-scaled-1-300x200.jpg\" alt=\"\" width=\"386\" height=\"257\" srcset=\"https:\/\/www2.uepg.br\/proex\/wp-content\/uploads\/sites\/8\/2023\/03\/violencia-A-47-scaled-1-300x200.jpg 300w, https:\/\/www2.uepg.br\/proex\/wp-content\/uploads\/sites\/8\/2023\/03\/violencia-A-47-scaled-1-1024x683.jpg 1024w, https:\/\/www2.uepg.br\/proex\/wp-content\/uploads\/sites\/8\/2023\/03\/violencia-A-47-scaled-1-768x512.jpg 768w, https:\/\/www2.uepg.br\/proex\/wp-content\/uploads\/sites\/8\/2023\/03\/violencia-A-47-scaled-1-1536x1024.jpg 1536w, https:\/\/www2.uepg.br\/proex\/wp-content\/uploads\/sites\/8\/2023\/03\/violencia-A-47-scaled-1-1232x821.jpg 1232w, https:\/\/www2.uepg.br\/proex\/wp-content\/uploads\/sites\/8\/2023\/03\/violencia-A-47-scaled-1-1620x1080.jpg 1620w, https:\/\/www2.uepg.br\/proex\/wp-content\/uploads\/sites\/8\/2023\/03\/violencia-A-47-scaled-1-272x182.jpg 272w, https:\/\/www2.uepg.br\/proex\/wp-content\/uploads\/sites\/8\/2023\/03\/violencia-A-47-scaled-1.jpg 1920w\" sizes=\"(max-width: 386px) 100vw, 386px\" \/><\/a><\/p>\n<p><a href=\"https:\/\/www2.uepg.br\/proex\/wp-content\/uploads\/sites\/8\/2023\/03\/violencia-A-36-scaled-1.jpg\"><img loading=\"lazy\" class=\"alignnone wp-image-7430\" src=\"https:\/\/www2.uepg.br\/proex\/wp-content\/uploads\/sites\/8\/2023\/03\/violencia-A-36-scaled-1-300x200.jpg\" alt=\"\" width=\"389\" height=\"259\" srcset=\"https:\/\/www2.uepg.br\/proex\/wp-content\/uploads\/sites\/8\/2023\/03\/violencia-A-36-scaled-1-300x200.jpg 300w, https:\/\/www2.uepg.br\/proex\/wp-content\/uploads\/sites\/8\/2023\/03\/violencia-A-36-scaled-1-1024x683.jpg 1024w, https:\/\/www2.uepg.br\/proex\/wp-content\/uploads\/sites\/8\/2023\/03\/violencia-A-36-scaled-1-768x512.jpg 768w, https:\/\/www2.uepg.br\/proex\/wp-content\/uploads\/sites\/8\/2023\/03\/violencia-A-36-scaled-1-1536x1024.jpg 1536w, https:\/\/www2.uepg.br\/proex\/wp-content\/uploads\/sites\/8\/2023\/03\/violencia-A-36-scaled-1-1232x821.jpg 1232w, https:\/\/www2.uepg.br\/proex\/wp-content\/uploads\/sites\/8\/2023\/03\/violencia-A-36-scaled-1-1620x1080.jpg 1620w, https:\/\/www2.uepg.br\/proex\/wp-content\/uploads\/sites\/8\/2023\/03\/violencia-A-36-scaled-1-272x182.jpg 272w, https:\/\/www2.uepg.br\/proex\/wp-content\/uploads\/sites\/8\/2023\/03\/violencia-A-36-scaled-1.jpg 1920w\" sizes=\"(max-width: 389px) 100vw, 389px\" \/> <\/a><a href=\"https:\/\/www2.uepg.br\/proex\/wp-content\/uploads\/sites\/8\/2023\/03\/violencia-A-7-scaled-1.jpg\"><img loading=\"lazy\" class=\"alignnone wp-image-7423\" src=\"https:\/\/www2.uepg.br\/proex\/wp-content\/uploads\/sites\/8\/2023\/03\/violencia-A-7-scaled-1-300x200.jpg\" alt=\"\" width=\"389\" height=\"259\" srcset=\"https:\/\/www2.uepg.br\/proex\/wp-content\/uploads\/sites\/8\/2023\/03\/violencia-A-7-scaled-1-300x200.jpg 300w, https:\/\/www2.uepg.br\/proex\/wp-content\/uploads\/sites\/8\/2023\/03\/violencia-A-7-scaled-1-1024x683.jpg 1024w, https:\/\/www2.uepg.br\/proex\/wp-content\/uploads\/sites\/8\/2023\/03\/violencia-A-7-scaled-1-768x512.jpg 768w, https:\/\/www2.uepg.br\/proex\/wp-content\/uploads\/sites\/8\/2023\/03\/violencia-A-7-scaled-1-1536x1024.jpg 1536w, https:\/\/www2.uepg.br\/proex\/wp-content\/uploads\/sites\/8\/2023\/03\/violencia-A-7-scaled-1-1232x821.jpg 1232w, https:\/\/www2.uepg.br\/proex\/wp-content\/uploads\/sites\/8\/2023\/03\/violencia-A-7-scaled-1-1620x1080.jpg 1620w, https:\/\/www2.uepg.br\/proex\/wp-content\/uploads\/sites\/8\/2023\/03\/violencia-A-7-scaled-1-272x182.jpg 272w, https:\/\/www2.uepg.br\/proex\/wp-content\/uploads\/sites\/8\/2023\/03\/violencia-A-7-scaled-1.jpg 1920w\" sizes=\"(max-width: 389px) 100vw, 389px\" \/><\/a><\/p>\n<p><a href=\"https:\/\/www2.uepg.br\/proex\/wp-content\/uploads\/sites\/8\/2023\/03\/violencia-A-33-scaled-1.jpg\"><img loading=\"lazy\" class=\"alignnone wp-image-7421\" src=\"https:\/\/www2.uepg.br\/proex\/wp-content\/uploads\/sites\/8\/2023\/03\/violencia-A-33-scaled-1-300x200.jpg\" alt=\"\" width=\"389\" height=\"259\" srcset=\"https:\/\/www2.uepg.br\/proex\/wp-content\/uploads\/sites\/8\/2023\/03\/violencia-A-33-scaled-1-300x200.jpg 300w, https:\/\/www2.uepg.br\/proex\/wp-content\/uploads\/sites\/8\/2023\/03\/violencia-A-33-scaled-1-1024x683.jpg 1024w, https:\/\/www2.uepg.br\/proex\/wp-content\/uploads\/sites\/8\/2023\/03\/violencia-A-33-scaled-1-768x512.jpg 768w, https:\/\/www2.uepg.br\/proex\/wp-content\/uploads\/sites\/8\/2023\/03\/violencia-A-33-scaled-1-1536x1024.jpg 1536w, https:\/\/www2.uepg.br\/proex\/wp-content\/uploads\/sites\/8\/2023\/03\/violencia-A-33-scaled-1-1232x821.jpg 1232w, https:\/\/www2.uepg.br\/proex\/wp-content\/uploads\/sites\/8\/2023\/03\/violencia-A-33-scaled-1-1620x1080.jpg 1620w, https:\/\/www2.uepg.br\/proex\/wp-content\/uploads\/sites\/8\/2023\/03\/violencia-A-33-scaled-1-272x182.jpg 272w, https:\/\/www2.uepg.br\/proex\/wp-content\/uploads\/sites\/8\/2023\/03\/violencia-A-33-scaled-1.jpg 1920w\" sizes=\"(max-width: 389px) 100vw, 389px\" \/> <\/a><a href=\"https:\/\/www2.uepg.br\/proex\/wp-content\/uploads\/sites\/8\/2023\/03\/violencia-A-3-scaled-1.jpg\"><img loading=\"lazy\" class=\"alignnone wp-image-7418\" src=\"https:\/\/www2.uepg.br\/proex\/wp-content\/uploads\/sites\/8\/2023\/03\/violencia-A-3-scaled-1-300x200.jpg\" alt=\"\" width=\"390\" height=\"260\" srcset=\"https:\/\/www2.uepg.br\/proex\/wp-content\/uploads\/sites\/8\/2023\/03\/violencia-A-3-scaled-1-300x200.jpg 300w, https:\/\/www2.uepg.br\/proex\/wp-content\/uploads\/sites\/8\/2023\/03\/violencia-A-3-scaled-1-1024x683.jpg 1024w, https:\/\/www2.uepg.br\/proex\/wp-content\/uploads\/sites\/8\/2023\/03\/violencia-A-3-scaled-1-768x512.jpg 768w, https:\/\/www2.uepg.br\/proex\/wp-content\/uploads\/sites\/8\/2023\/03\/violencia-A-3-scaled-1-1536x1024.jpg 1536w, https:\/\/www2.uepg.br\/proex\/wp-content\/uploads\/sites\/8\/2023\/03\/violencia-A-3-scaled-1-1232x821.jpg 1232w, https:\/\/www2.uepg.br\/proex\/wp-content\/uploads\/sites\/8\/2023\/03\/violencia-A-3-scaled-1-1620x1080.jpg 1620w, https:\/\/www2.uepg.br\/proex\/wp-content\/uploads\/sites\/8\/2023\/03\/violencia-A-3-scaled-1-272x182.jpg 272w, https:\/\/www2.uepg.br\/proex\/wp-content\/uploads\/sites\/8\/2023\/03\/violencia-A-3-scaled-1.jpg 1920w\" sizes=\"(max-width: 390px) 100vw, 390px\" \/><\/a><\/p>\n<p><a href=\"https:\/\/www2.uepg.br\/proex\/wp-content\/uploads\/sites\/8\/2023\/03\/violencia-A-2-scaled-1.jpg\">\u00a0<\/a><\/p>\n<p>&nbsp;<\/p><\/blockquote>\n<div class=\"heateor_sss_sharing_container heateor_sss_horizontal_sharing\">\n<div class=\"heateor_sss_sharing_title\"><\/div>\n<\/div>\n","protected":false},"excerpt":{"rendered":"<p>Nesta segunda (13), o\u00a0hall\u00a0interno do Hospital Universit\u00e1rio foi um espa\u00e7o para falar sobre viol\u00eancia. O lan\u00e7amento do Protocolo de Atendimento \u00e0s V\u00edtimas de Viol\u00eancia, organizado pela Universidade Estadual de Ponta Grossa (UEPG), reuniu representantes das Secretarias de Estado de Sa\u00fade; da Mulher e Igualdade Racial; e da Fam\u00edlia e Desenvolvimento Social; da 3\u00aa Regional de&nbsp;&hellip;<\/p>\n","protected":false},"author":590,"featured_media":7442,"comment_status":"closed","ping_status":"closed","sticky":false,"template":"","format":"standard","meta":[],"categories":[8],"tags":[],"_links":{"self":[{"href":"https:\/\/www2.uepg.br\/proex\/wp-json\/wp\/v2\/posts\/7416"}],"collection":[{"href":"https:\/\/www2.uepg.br\/proex\/wp-json\/wp\/v2\/posts"}],"about":[{"href":"https:\/\/www2.uepg.br\/proex\/wp-json\/wp\/v2\/types\/post"}],"author":[{"embeddable":true,"href":"https:\/\/www2.uepg.br\/proex\/wp-json\/wp\/v2\/users\/590"}],"replies":[{"embeddable":true,"href":"https:\/\/www2.uepg.br\/proex\/wp-json\/wp\/v2\/comments?post=7416"}],"version-history":[{"count":3,"href":"https:\/\/www2.uepg.br\/proex\/wp-json\/wp\/v2\/posts\/7416\/revisions"}],"predecessor-version":[{"id":7445,"href":"https:\/\/www2.uepg.br\/proex\/wp-json\/wp\/v2\/posts\/7416\/revisions\/7445"}],"wp:featuredmedia":[{"embeddable":true,"href":"https:\/\/www2.uepg.br\/proex\/wp-json\/wp\/v2\/media\/7442"}],"wp:attachment":[{"href":"https:\/\/www2.uepg.br\/proex\/wp-json\/wp\/v2\/media?parent=7416"}],"wp:term":[{"taxonomy":"category","embeddable":true,"href":"https:\/\/www2.uepg.br\/proex\/wp-json\/wp\/v2\/categories?post=7416"},{"taxonomy":"post_tag","embeddable":true,"href":"https:\/\/www2.uepg.br\/proex\/wp-json\/wp\/v2\/tags?post=7416"}],"curies":[{"name":"wp","href":"https:\/\/api.w.org\/{rel}","templated":true}]}}