{"id":7452,"date":"2023-03-17T16:29:39","date_gmt":"2023-03-17T19:29:39","guid":{"rendered":"https:\/\/www2.uepg.br\/proex\/?p=7452"},"modified":"2023-03-17T16:46:50","modified_gmt":"2023-03-17T19:46:50","slug":"revista-conexao-uepg-abre-volume-19-edicao-2023","status":"publish","type":"post","link":"https:\/\/www2.uepg.br\/proex\/revista-conexao-uepg-abre-volume-19-edicao-2023\/","title":{"rendered":"Revista Conex\u00e3o UEPG abre volume 19 \u2013 edi\u00e7\u00e3o 2023"},"content":{"rendered":"<p>A Pr\u00f3-Reitoria de Extens\u00e3o e Assuntos Culturais &#8211; PROEX, da Universidade Estadual de Ponta Grossa \u2013 UEPG, lan\u00e7ou nesta sexta-feira (17), o volume 19 &#8211; edi\u00e7\u00e3o 2023, da revista Conex\u00e3o UEPG. Com publica\u00e7\u00e3o de fluxo cont\u00ednuo, a revista recebe artigos e relatos de experi\u00eancia sobre atividades extensionistas no Brasil e exterior. O objetivo \u00e9 o fortalecimento do v\u00ednculo entre universidade e sociedade bem como a amplia\u00e7\u00e3o e divulga\u00e7\u00e3o de atividades de extens\u00e3o atrav\u00e9s de publica\u00e7\u00e3o de artigos cient\u00edficos resultantes de pr\u00e1ticas extensionistas nas diferentes \u00e1reas de conhecimento.<\/p>\n<p>A curriculariza\u00e7\u00e3o da extens\u00e3o \u00e9 o tema do primeiro artigo publicado no volume 19 da Conex\u00e3o UEPG. Os autores Darlan Pez Wociechoski e Afr\u00e2nio Mendes Catani fazem uma an\u00e1lise do processo de implementa\u00e7\u00e3o da curriculariza\u00e7\u00e3o da extens\u00e3o nos cursos de gradua\u00e7\u00e3o da Universidade Federal do Rio de Janeiro (UFRJ), com base nos autores da \u00e1rea de educa\u00e7\u00e3o.<\/p>\n<p>QUALIS<\/p>\n<p>Em janeiro deste ano, a Conex\u00e3o UEPG obteve a classifica\u00e7\u00e3o \u2018A3\u2019, no Qualis Peri\u00f3dicos, divulgado pela Coordenadoria de Aperfei\u00e7oamento de Pessoal de N\u00edvel Superior (Capes). O Qualis \u00e9 um sistema de classifica\u00e7\u00e3o que avalia exclusivamente as publica\u00e7\u00f5es informadas na Plataforma Sucupira pelos programas de p\u00f3s-gradua\u00e7\u00e3o. A lista preliminar anunciada no final de 2022 foi consolidada a partir das apura\u00e7\u00f5es realizadas no \u00e2mbito da\u00a0<a href=\"https:\/\/www.gov.br\/capes\/pt-br\/acesso-a-informacao\/acoes-e-programas\/avaliacao\/avaliacao-quadrienal\">Avalia\u00e7\u00e3o Quadrienal 2017\/2020<\/a>\u00a0pelas 49 \u00e1reas de avalia\u00e7\u00e3o.<\/p>\n<p>A partir de nova metodologia adotada pela Capes, a Conex\u00e3o UEPG registra o Qualis A3 para todas as \u00e1reas de abrang\u00eancia da publica\u00e7\u00e3o que tem car\u00e1ter multidisciplinar. Pelo novo sistema, os peri\u00f3dicos s\u00e3o classificados em nove n\u00edveis, de A1 a A4; de B1 a B4; e C. Cada peri\u00f3dico foi avaliado pela chamada \u00e1rea-m\u00e3e, definida pelo maior n\u00famero de publica\u00e7\u00f5es registradas na Plataforma Sucupira no per\u00edodo 2013\/2019, de forma que a classifica\u00e7\u00e3o atribu\u00edda \u00e9 a mesma para as demais \u00e1reas.<\/p>\n<p>No caso da Conex\u00e3o UEPG, Educa\u00e7\u00e3o foi definida como \u00e1rea-m\u00e3e. Em sua linha editorial, a revista tem como p\u00fablico alvo profissionais, professores e acad\u00eamicos que participam de atividades extensionistas no Brasil e no exterior. Al\u00e9m da \u00e1rea de Educa\u00e7\u00e3o, a revista recebe submiss\u00f5es nas \u00e1reas de Ensino, Administra\u00e7\u00e3o, Ci\u00eancias Cont\u00e1beis, Turismo, Educa\u00e7\u00e3o F\u00edsica,\u00a0Enfermagem, Geografia, Odontologia, Psicologia, Sociologia, Arquitetura, Urbanismo e Design, Ci\u00eancias Agr\u00e1rias, Ci\u00eancias Ambientais, Engenharia, Hist\u00f3ria, Letras, Lingu\u00edstica e Interdisciplinar.<\/p>\n<p>Conhe\u00e7a a <a href=\"https:\/\/revistas.uepg.br\/index.php\/conexao\/index\">Revista Conex\u00e3o UEPG<\/a><\/p>\n","protected":false},"excerpt":{"rendered":"<p>A Pr\u00f3-Reitoria de Extens\u00e3o e Assuntos Culturais &#8211; PROEX, da Universidade Estadual de Ponta Grossa \u2013 UEPG, lan\u00e7ou nesta sexta-feira (17), o volume 19 &#8211; edi\u00e7\u00e3o 2023, da revista Conex\u00e3o UEPG. Com publica\u00e7\u00e3o de fluxo cont\u00ednuo, a revista recebe artigos e relatos de experi\u00eancia sobre atividades extensionistas no Brasil e exterior. O objetivo \u00e9 o&nbsp;&hellip;<\/p>\n","protected":false},"author":590,"featured_media":7459,"comment_status":"closed","ping_status":"closed","sticky":false,"template":"","format":"standard","meta":[],"categories":[8],"tags":[],"_links":{"self":[{"href":"https:\/\/www2.uepg.br\/proex\/wp-json\/wp\/v2\/posts\/7452"}],"collection":[{"href":"https:\/\/www2.uepg.br\/proex\/wp-json\/wp\/v2\/posts"}],"about":[{"href":"https:\/\/www2.uepg.br\/proex\/wp-json\/wp\/v2\/types\/post"}],"author":[{"embeddable":true,"href":"https:\/\/www2.uepg.br\/proex\/wp-json\/wp\/v2\/users\/590"}],"replies":[{"embeddable":true,"href":"https:\/\/www2.uepg.br\/proex\/wp-json\/wp\/v2\/comments?post=7452"}],"version-history":[{"count":3,"href":"https:\/\/www2.uepg.br\/proex\/wp-json\/wp\/v2\/posts\/7452\/revisions"}],"predecessor-version":[{"id":7460,"href":"https:\/\/www2.uepg.br\/proex\/wp-json\/wp\/v2\/posts\/7452\/revisions\/7460"}],"wp:featuredmedia":[{"embeddable":true,"href":"https:\/\/www2.uepg.br\/proex\/wp-json\/wp\/v2\/media\/7459"}],"wp:attachment":[{"href":"https:\/\/www2.uepg.br\/proex\/wp-json\/wp\/v2\/media?parent=7452"}],"wp:term":[{"taxonomy":"category","embeddable":true,"href":"https:\/\/www2.uepg.br\/proex\/wp-json\/wp\/v2\/categories?post=7452"},{"taxonomy":"post_tag","embeddable":true,"href":"https:\/\/www2.uepg.br\/proex\/wp-json\/wp\/v2\/tags?post=7452"}],"curies":[{"name":"wp","href":"https:\/\/api.w.org\/{rel}","templated":true}]}}