{"id":7479,"date":"2023-03-21T17:20:44","date_gmt":"2023-03-21T20:20:44","guid":{"rendered":"https:\/\/www2.uepg.br\/proex\/?p=7479"},"modified":"2023-03-21T17:20:44","modified_gmt":"2023-03-21T20:20:44","slug":"grupo-de-teatro-da-uepg-reencontra-os-palcos-depois-de-37-anos","status":"publish","type":"post","link":"https:\/\/www2.uepg.br\/proex\/grupo-de-teatro-da-uepg-reencontra-os-palcos-depois-de-37-anos\/","title":{"rendered":"Grupo de Teatro da UEPG reencontra os palcos depois de 37 anos"},"content":{"rendered":"<p>S\u00e1bado (18) foi dia de reencontro. O Grupo de Teatro da Universidade Estadual de Ponta Grossa (GTU-UEPG) retomou as atividades, depois de 37 anos de pausa. A primeira a\u00e7\u00e3o de retorno aconteceu no Grande Audit\u00f3rio e reuniu a nova equipe, que ter\u00e1 oficinas formativas sobre teatro. A previs\u00e3o \u00e9 que o novo Grupo apresente pe\u00e7as de teatro nos pr\u00f3ximos meses.<\/p>\n<p>A nova hist\u00f3ria do GTU prev\u00ea aulas sobre elementos teatrais, como cenografia, figurino, sonoplastia, ilumina\u00e7\u00e3o, dramaturgia e maquiagem, para as cerca de 80 pessoas que compareceram no primeiro dia de atividades. \u201cEsse reencontro foi algo extremamente emocionante, de encher os olhos de l\u00e1grimas de todos que conviveram com o GTU dos primeiros anos\u201d, conta Daniel Frances, ator e novo coordenador do GTU.<\/p>\n<p><a href=\"https:\/\/www2.uepg.br\/proex\/wp-content\/uploads\/sites\/8\/2023\/03\/GTU-M-36-768x512-1.jpg\"><img loading=\"lazy\" class=\"size-medium wp-image-7484 alignleft\" src=\"https:\/\/www2.uepg.br\/proex\/wp-content\/uploads\/sites\/8\/2023\/03\/GTU-M-36-768x512-1-300x200.jpg\" alt=\"\" width=\"300\" height=\"200\" srcset=\"https:\/\/www2.uepg.br\/proex\/wp-content\/uploads\/sites\/8\/2023\/03\/GTU-M-36-768x512-1-300x200.jpg 300w, https:\/\/www2.uepg.br\/proex\/wp-content\/uploads\/sites\/8\/2023\/03\/GTU-M-36-768x512-1-272x182.jpg 272w, https:\/\/www2.uepg.br\/proex\/wp-content\/uploads\/sites\/8\/2023\/03\/GTU-M-36-768x512-1.jpg 768w\" sizes=\"(max-width: 300px) 100vw, 300px\" \/><\/a>\u00a0\u00a0 \u00a0<a href=\"https:\/\/www2.uepg.br\/proex\/wp-content\/uploads\/sites\/8\/2023\/03\/GTU-M-13-300x200-1.jpg\"><img loading=\"lazy\" class=\"size-full wp-image-7485 alignleft\" src=\"https:\/\/www2.uepg.br\/proex\/wp-content\/uploads\/sites\/8\/2023\/03\/GTU-M-13-300x200-1.jpg\" alt=\"\" width=\"300\" height=\"200\" srcset=\"https:\/\/www2.uepg.br\/proex\/wp-content\/uploads\/sites\/8\/2023\/03\/GTU-M-13-300x200-1.jpg 300w, https:\/\/www2.uepg.br\/proex\/wp-content\/uploads\/sites\/8\/2023\/03\/GTU-M-13-300x200-1-272x182.jpg 272w\" sizes=\"(max-width: 300px) 100vw, 300px\" \/><\/a> A emo\u00e7\u00e3o de Daniel \u00e9 de quem esteve presente nos primeiros anos do Grupo e aprendeu com seus idealizadores: Fernando Durante, Telmo Faria, Fl\u00e1vio Fanucchi e Gilberto Zardo. \u201cAntes das aulas come\u00e7arem, n\u00f3s apresentamos ao novo grupo o que foi o GTU e quem foram os seus principais formadores e isso foi muito emocionante\u201d, recorda.<\/p>\n<p>Logo ap\u00f3s a introdu\u00e7\u00e3o e apresenta\u00e7\u00e3o do hist\u00f3rico do GTU, os trabalhos j\u00e1 come\u00e7aram. \u201cDividimos em tr\u00eas grupos, um ficou com trabalho no palco, outro com aula te\u00f3rica sobre a hist\u00f3ria do teatro no Brasil e o terceiro grupo foi para uma aula de corpo e express\u00f5es\u201d. Os novos componentes do Grupo se reunir\u00e3o todos os s\u00e1bados, para oficinas formativas. \u201cAgora est\u00e1 lan\u00e7ado, n\u00e3o tem volta, n\u00f3s estamos com essa quantidade impressionante de pessoas inscritas e isso nos alegra muito\u201d.<\/p>\n<p>O Grupo de Teatro Universit\u00e1rio teve atividades de 1973 a 1986 e nasceu juntamente com o Festival Nacional de Teatro (Fenata). \u201cEsse reencontro superou em muito a nossa expectativa, pois as atividades estavam paradas h\u00e1 37 anos\u201d, Nelson Silva, atual diretor de Assuntos Culturais da UEPG e membro do antigo GTU. \u201cFoi um momento muito bonito de ver o renascimento de um grupo que foi t\u00e3o importante e que come\u00e7ou o Fenata\u201d.<\/p>\n<p>A expectativa \u00e9 que o Grupo se apresente no Fenata deste ano. \u201cA partir de agora, o grupo come\u00e7a a trabalhar na forma\u00e7\u00e3o dessas pessoas e o que a gente espera \u00e9 que o GTU seja muito ativo na vida cultural, n\u00e3o s\u00f3 da Universidade, mas tamb\u00e9m na comunidade como um todo\u201d, afirma Nelson, que celebra a nova fase do GTU. \u201cUma cidade que sedia um festival como o Fenata tem que ter grupos que trabalham muito bem na produ\u00e7\u00e3o art\u00edstica e teatral\u201d, completa.<\/p>\n<p><a href=\"https:\/\/www2.uepg.br\/proex\/wp-content\/uploads\/sites\/8\/2023\/03\/GTU-M-43-scaled-1.jpg\"><img loading=\"lazy\" class=\"alignnone  wp-image-7486\" src=\"https:\/\/www2.uepg.br\/proex\/wp-content\/uploads\/sites\/8\/2023\/03\/GTU-M-43-scaled-1-300x200.jpg\" alt=\"\" width=\"390\" height=\"260\" srcset=\"https:\/\/www2.uepg.br\/proex\/wp-content\/uploads\/sites\/8\/2023\/03\/GTU-M-43-scaled-1-300x200.jpg 300w, https:\/\/www2.uepg.br\/proex\/wp-content\/uploads\/sites\/8\/2023\/03\/GTU-M-43-scaled-1-1024x683.jpg 1024w, https:\/\/www2.uepg.br\/proex\/wp-content\/uploads\/sites\/8\/2023\/03\/GTU-M-43-scaled-1-768x512.jpg 768w, https:\/\/www2.uepg.br\/proex\/wp-content\/uploads\/sites\/8\/2023\/03\/GTU-M-43-scaled-1-1536x1024.jpg 1536w, https:\/\/www2.uepg.br\/proex\/wp-content\/uploads\/sites\/8\/2023\/03\/GTU-M-43-scaled-1-1232x821.jpg 1232w, https:\/\/www2.uepg.br\/proex\/wp-content\/uploads\/sites\/8\/2023\/03\/GTU-M-43-scaled-1-1620x1080.jpg 1620w, https:\/\/www2.uepg.br\/proex\/wp-content\/uploads\/sites\/8\/2023\/03\/GTU-M-43-scaled-1-272x182.jpg 272w, https:\/\/www2.uepg.br\/proex\/wp-content\/uploads\/sites\/8\/2023\/03\/GTU-M-43-scaled-1.jpg 1920w\" sizes=\"(max-width: 390px) 100vw, 390px\" \/><\/a> <a href=\"https:\/\/www2.uepg.br\/proex\/wp-content\/uploads\/sites\/8\/2023\/03\/GTU-M-46-scaled-1.jpg\"><img loading=\"lazy\" class=\"alignnone  wp-image-7483\" src=\"https:\/\/www2.uepg.br\/proex\/wp-content\/uploads\/sites\/8\/2023\/03\/GTU-M-46-scaled-1-300x200.jpg\" alt=\"\" width=\"390\" height=\"260\" srcset=\"https:\/\/www2.uepg.br\/proex\/wp-content\/uploads\/sites\/8\/2023\/03\/GTU-M-46-scaled-1-300x200.jpg 300w, https:\/\/www2.uepg.br\/proex\/wp-content\/uploads\/sites\/8\/2023\/03\/GTU-M-46-scaled-1-1024x683.jpg 1024w, https:\/\/www2.uepg.br\/proex\/wp-content\/uploads\/sites\/8\/2023\/03\/GTU-M-46-scaled-1-768x512.jpg 768w, https:\/\/www2.uepg.br\/proex\/wp-content\/uploads\/sites\/8\/2023\/03\/GTU-M-46-scaled-1-1536x1024.jpg 1536w, https:\/\/www2.uepg.br\/proex\/wp-content\/uploads\/sites\/8\/2023\/03\/GTU-M-46-scaled-1-1232x821.jpg 1232w, https:\/\/www2.uepg.br\/proex\/wp-content\/uploads\/sites\/8\/2023\/03\/GTU-M-46-scaled-1-1620x1080.jpg 1620w, https:\/\/www2.uepg.br\/proex\/wp-content\/uploads\/sites\/8\/2023\/03\/GTU-M-46-scaled-1-272x182.jpg 272w, https:\/\/www2.uepg.br\/proex\/wp-content\/uploads\/sites\/8\/2023\/03\/GTU-M-46-scaled-1.jpg 1920w\" sizes=\"(max-width: 390px) 100vw, 390px\" \/><\/a> \u00a0<a href=\"https:\/\/www2.uepg.br\/proex\/wp-content\/uploads\/sites\/8\/2023\/03\/GTU-M-17-scaled-1.jpg\"><img loading=\"lazy\" class=\"alignnone  wp-image-7481\" src=\"https:\/\/www2.uepg.br\/proex\/wp-content\/uploads\/sites\/8\/2023\/03\/GTU-M-17-scaled-1-300x200.jpg\" alt=\"\" width=\"389\" height=\"259\" srcset=\"https:\/\/www2.uepg.br\/proex\/wp-content\/uploads\/sites\/8\/2023\/03\/GTU-M-17-scaled-1-300x200.jpg 300w, https:\/\/www2.uepg.br\/proex\/wp-content\/uploads\/sites\/8\/2023\/03\/GTU-M-17-scaled-1-1024x683.jpg 1024w, https:\/\/www2.uepg.br\/proex\/wp-content\/uploads\/sites\/8\/2023\/03\/GTU-M-17-scaled-1-768x512.jpg 768w, https:\/\/www2.uepg.br\/proex\/wp-content\/uploads\/sites\/8\/2023\/03\/GTU-M-17-scaled-1-1536x1024.jpg 1536w, https:\/\/www2.uepg.br\/proex\/wp-content\/uploads\/sites\/8\/2023\/03\/GTU-M-17-scaled-1-1232x821.jpg 1232w, https:\/\/www2.uepg.br\/proex\/wp-content\/uploads\/sites\/8\/2023\/03\/GTU-M-17-scaled-1-1620x1080.jpg 1620w, https:\/\/www2.uepg.br\/proex\/wp-content\/uploads\/sites\/8\/2023\/03\/GTU-M-17-scaled-1-272x182.jpg 272w, https:\/\/www2.uepg.br\/proex\/wp-content\/uploads\/sites\/8\/2023\/03\/GTU-M-17-scaled-1.jpg 1920w\" sizes=\"(max-width: 389px) 100vw, 389px\" \/><\/a> <a href=\"https:\/\/www2.uepg.br\/proex\/wp-content\/uploads\/sites\/8\/2023\/03\/GTU-M-7-scaled-1.jpg\"><img loading=\"lazy\" class=\"alignnone  wp-image-7480\" src=\"https:\/\/www2.uepg.br\/proex\/wp-content\/uploads\/sites\/8\/2023\/03\/GTU-M-7-scaled-1-300x200.jpg\" alt=\"\" width=\"389\" height=\"259\" srcset=\"https:\/\/www2.uepg.br\/proex\/wp-content\/uploads\/sites\/8\/2023\/03\/GTU-M-7-scaled-1-300x200.jpg 300w, https:\/\/www2.uepg.br\/proex\/wp-content\/uploads\/sites\/8\/2023\/03\/GTU-M-7-scaled-1-1024x683.jpg 1024w, https:\/\/www2.uepg.br\/proex\/wp-content\/uploads\/sites\/8\/2023\/03\/GTU-M-7-scaled-1-768x512.jpg 768w, https:\/\/www2.uepg.br\/proex\/wp-content\/uploads\/sites\/8\/2023\/03\/GTU-M-7-scaled-1-1536x1024.jpg 1536w, https:\/\/www2.uepg.br\/proex\/wp-content\/uploads\/sites\/8\/2023\/03\/GTU-M-7-scaled-1-1232x821.jpg 1232w, https:\/\/www2.uepg.br\/proex\/wp-content\/uploads\/sites\/8\/2023\/03\/GTU-M-7-scaled-1-1620x1080.jpg 1620w, https:\/\/www2.uepg.br\/proex\/wp-content\/uploads\/sites\/8\/2023\/03\/GTU-M-7-scaled-1-272x182.jpg 272w, https:\/\/www2.uepg.br\/proex\/wp-content\/uploads\/sites\/8\/2023\/03\/GTU-M-7-scaled-1.jpg 1920w\" sizes=\"(max-width: 389px) 100vw, 389px\" \/><\/a><\/p>\n<p>Texto: J\u00e9ssica Natal | Fotos: Maur\u00edcio Bollete<\/p>\n","protected":false},"excerpt":{"rendered":"<p>S\u00e1bado (18) foi dia de reencontro. O Grupo de Teatro da Universidade Estadual de Ponta Grossa (GTU-UEPG) retomou as atividades, depois de 37 anos de pausa. A primeira a\u00e7\u00e3o de retorno aconteceu no Grande Audit\u00f3rio e reuniu a nova equipe, que ter\u00e1 oficinas formativas sobre teatro. A previs\u00e3o \u00e9 que o novo Grupo apresente pe\u00e7as&nbsp;&hellip;<\/p>\n","protected":false},"author":590,"featured_media":7482,"comment_status":"closed","ping_status":"closed","sticky":false,"template":"","format":"standard","meta":[],"categories":[8],"tags":[],"_links":{"self":[{"href":"https:\/\/www2.uepg.br\/proex\/wp-json\/wp\/v2\/posts\/7479"}],"collection":[{"href":"https:\/\/www2.uepg.br\/proex\/wp-json\/wp\/v2\/posts"}],"about":[{"href":"https:\/\/www2.uepg.br\/proex\/wp-json\/wp\/v2\/types\/post"}],"author":[{"embeddable":true,"href":"https:\/\/www2.uepg.br\/proex\/wp-json\/wp\/v2\/users\/590"}],"replies":[{"embeddable":true,"href":"https:\/\/www2.uepg.br\/proex\/wp-json\/wp\/v2\/comments?post=7479"}],"version-history":[{"count":1,"href":"https:\/\/www2.uepg.br\/proex\/wp-json\/wp\/v2\/posts\/7479\/revisions"}],"predecessor-version":[{"id":7487,"href":"https:\/\/www2.uepg.br\/proex\/wp-json\/wp\/v2\/posts\/7479\/revisions\/7487"}],"wp:featuredmedia":[{"embeddable":true,"href":"https:\/\/www2.uepg.br\/proex\/wp-json\/wp\/v2\/media\/7482"}],"wp:attachment":[{"href":"https:\/\/www2.uepg.br\/proex\/wp-json\/wp\/v2\/media?parent=7479"}],"wp:term":[{"taxonomy":"category","embeddable":true,"href":"https:\/\/www2.uepg.br\/proex\/wp-json\/wp\/v2\/categories?post=7479"},{"taxonomy":"post_tag","embeddable":true,"href":"https:\/\/www2.uepg.br\/proex\/wp-json\/wp\/v2\/tags?post=7479"}],"curies":[{"name":"wp","href":"https:\/\/api.w.org\/{rel}","templated":true}]}}