{"id":7489,"date":"2023-03-22T08:18:38","date_gmt":"2023-03-22T11:18:38","guid":{"rendered":"https:\/\/www2.uepg.br\/proex\/?p=7489"},"modified":"2023-03-22T08:18:38","modified_gmt":"2023-03-22T11:18:38","slug":"proex-abre-inscricoes-de-cursos-para-comunidade","status":"publish","type":"post","link":"https:\/\/www2.uepg.br\/proex\/proex-abre-inscricoes-de-cursos-para-comunidade\/","title":{"rendered":"Proex abre inscri\u00e7\u00f5es de cursos para comunidade"},"content":{"rendered":"<p>A Pr\u00f3-Reitoria de Extens\u00e3o e Assuntos Culturais da Universidade Estadual de Ponta Grossa (Proex-UEPG) est\u00e1 com inscri\u00e7\u00f5es abertas para cursos para a comunidade interna e externa. As vagas s\u00e3o para os cursos de piano, canto, flauta doce, desenho, orat\u00f3ria, lettering-caligrafia criativa, dan\u00e7a contempor\u00e2nea, yoga, artes visuais\u00a0<em>teen<\/em>\u00a0e cer\u00e2mica.\u00a0As inscri\u00e7\u00f5es est\u00e3o abertas at\u00e9 31 de mar\u00e7o, com in\u00edcio das aulas marcado para 03 de abril<\/p>\n<p>Para fazer a matricula, o interessado deve pagar taxa de inscri\u00e7\u00e3o de R$ 50,00 e apresentar o comprovante na Proex. As aulas ser\u00e3o realizadas na Rua Marechal Floriano Peixoto, 129, Centro \u2013 exceto o curso de cer\u00e2mica, que acontecer\u00e1 no Laborat\u00f3rio de Artes, no Bloco Did\u00e1tico curso de Artes, Central de Salas, Campus Uvaranas.<\/p>\n<p>Os cursos possuem mensalidade de R$ 70,00, por boleto banc\u00e1rio, com vencimento no d\u00e9cimo dia de cada m\u00eas, totalizando R$ 630,00 a t\u00edtulo de encargos educacionais e administrativos. O curso seguir\u00e1 dias letivos do calend\u00e1rio universit\u00e1rio da UEPG de 2023.\u00a0Mais informa\u00e7\u00f5es est\u00e3o no<a role=\"link\" href=\"https:\/\/www.fauepg.org.br\/wp-content\/uploads\/\/sites\/133\/2023\/03\/EDITAL-FAUEPG-No-25-2023-INSCRICOES-CURSOS-PARA-COMUNIDADE-DAC-PROEX-2023.pdf\">\u00a0link aqui\u00a0<\/a>ou podem ser consultadas pelos canais: dac@uepg.br, (42) 3220-3494 e (42) 991417556.<\/p>\n<blockquote><p>Texto e foto: J\u00e9ssica Natal<\/p><\/blockquote>\n","protected":false},"excerpt":{"rendered":"<p>A Pr\u00f3-Reitoria de Extens\u00e3o e Assuntos Culturais da Universidade Estadual de Ponta Grossa (Proex-UEPG) est\u00e1 com inscri\u00e7\u00f5es abertas para cursos para a comunidade interna e externa. As vagas s\u00e3o para os cursos de piano, canto, flauta doce, desenho, orat\u00f3ria, lettering-caligrafia criativa, dan\u00e7a contempor\u00e2nea, yoga, artes visuais\u00a0teen\u00a0e cer\u00e2mica.\u00a0As inscri\u00e7\u00f5es est\u00e3o abertas at\u00e9 31 de mar\u00e7o, com&nbsp;&hellip;<\/p>\n","protected":false},"author":590,"featured_media":7490,"comment_status":"closed","ping_status":"closed","sticky":false,"template":"","format":"standard","meta":[],"categories":[8],"tags":[],"_links":{"self":[{"href":"https:\/\/www2.uepg.br\/proex\/wp-json\/wp\/v2\/posts\/7489"}],"collection":[{"href":"https:\/\/www2.uepg.br\/proex\/wp-json\/wp\/v2\/posts"}],"about":[{"href":"https:\/\/www2.uepg.br\/proex\/wp-json\/wp\/v2\/types\/post"}],"author":[{"embeddable":true,"href":"https:\/\/www2.uepg.br\/proex\/wp-json\/wp\/v2\/users\/590"}],"replies":[{"embeddable":true,"href":"https:\/\/www2.uepg.br\/proex\/wp-json\/wp\/v2\/comments?post=7489"}],"version-history":[{"count":1,"href":"https:\/\/www2.uepg.br\/proex\/wp-json\/wp\/v2\/posts\/7489\/revisions"}],"predecessor-version":[{"id":7491,"href":"https:\/\/www2.uepg.br\/proex\/wp-json\/wp\/v2\/posts\/7489\/revisions\/7491"}],"wp:featuredmedia":[{"embeddable":true,"href":"https:\/\/www2.uepg.br\/proex\/wp-json\/wp\/v2\/media\/7490"}],"wp:attachment":[{"href":"https:\/\/www2.uepg.br\/proex\/wp-json\/wp\/v2\/media?parent=7489"}],"wp:term":[{"taxonomy":"category","embeddable":true,"href":"https:\/\/www2.uepg.br\/proex\/wp-json\/wp\/v2\/categories?post=7489"},{"taxonomy":"post_tag","embeddable":true,"href":"https:\/\/www2.uepg.br\/proex\/wp-json\/wp\/v2\/tags?post=7489"}],"curies":[{"name":"wp","href":"https:\/\/api.w.org\/{rel}","templated":true}]}}