{"id":7503,"date":"2023-03-23T15:21:10","date_gmt":"2023-03-23T18:21:10","guid":{"rendered":"https:\/\/www2.uepg.br\/proex\/?p=7503"},"modified":"2023-03-23T15:23:49","modified_gmt":"2023-03-23T18:23:49","slug":"ner-abre-inscricoes-para-participacao-na-operacao-rondon","status":"publish","type":"post","link":"https:\/\/www2.uepg.br\/proex\/ner-abre-inscricoes-para-participacao-na-operacao-rondon\/","title":{"rendered":"NER abre inscri\u00e7\u00f5es para participa\u00e7\u00e3o no Projeto Rondon"},"content":{"rendered":"<p>O N\u00facleo Extensionista Rondon da Universidade Estadual de Ponta Grossa, NER-UEPG, anuncia a abertura de inscri\u00e7\u00f5es para a participa\u00e7\u00e3o no Projeto Rondon \u2013 Opera\u00e7\u00e3o Sentinelas Avan\u00e7adas, no munic\u00edpio de S\u00e3o Felipe d\u2019Oeste, em Rond\u00f4nia, de 6 a 23 de julho. Os interessados poder\u00e3o se inscrever de 27 de mar\u00e7o a 10 de abril. Ser\u00e3o selecionados oito alunos titulares e tr\u00eas suplentes.<\/p>\n<p>Na Opera\u00e7\u00e3o Sentinelas Avan\u00e7adas, a equipe da UEPG vai desenvolver a\u00e7\u00f5es do conjunto B (comunica\u00e7\u00e3o, meio ambiente, tecnologia e produ\u00e7\u00e3o e trabalho), juntamente com a Escola de Enfermagem de Ribeir\u00e3o Preto\/Universidade de S\u00e3o Paulo (EERP\/USP), que se encarregar\u00e1 das a\u00e7\u00f5es do conjunto A (cultura, direitos humanos e justi\u00e7a, educa\u00e7\u00e3o e sa\u00fade). A opera\u00e7\u00e3o vai envolver 25 institui\u00e7\u00f5es de ensino superior, atuando em 12 munic\u00edpios do interior de Rond\u00f4nia e na capital, Porto Velho.<\/p>\n<p>Para a seletiva do NER-UEPG, podem habilitar-se alunos dos cursos de Geografia (bacharelado e licenciatura), Ci\u00eancias Biol\u00f3gicas (bacharelado e licenciatura), licenciatura em Qu\u00edmica, Qu\u00edmica Tecnol\u00f3gica, Servi\u00e7o Social, Turismo, Jornalismo, Engenharia Civil, Engenharia de Computa\u00e7\u00e3o, Engenharia de Software, Engenharia de Alimentos, Agronomia, Ci\u00eancias Econ\u00f4micas, Ci\u00eancias Cont\u00e1beis, Administra\u00e7\u00e3o, Administra\u00e7\u00e3o Com\u00e9rcio Exterior, Gest\u00e3o P\u00fablica, Artes, Letras, Direito e Zootecnia. Os interessados devem estar cursando a gradua\u00e7\u00e3o da metade para o final do curso.<\/p>\n<p>Para a inscri\u00e7\u00e3o, os candidatos dever\u00e3o apresentar a ficha devidamente preenchida; justificativa para participar do Projeto Rondon; c\u00f3pia do curr\u00edculo Lattes atualizado; c\u00f3pia do hist\u00f3rico escolar do curso de gradua\u00e7\u00e3o da UEPG (ano letivo 2023), obtido junto ao sistema acad\u00eamico da UEPG; e c\u00f3pia do Cart\u00e3o Nacional de Sa\u00fade (CNS). Ver em <a href=\"https:\/\/www2.uepg.br\/rondon\/\">www2.uepg.br\/rondon\/<\/a>.<\/p>\n<p>Na primeira fase a seletiva (eliminat\u00f3ria e classificat\u00f3ria), ser\u00e3o analisados os documentos apresentados. No dia 21 de abril, ser\u00e1 divulgada a lista de classificados para a segunda-fase, que consistir\u00e1 na defesa da justificativa para participa\u00e7\u00e3o do Projeto Rondon, por meio de entrevista presencial, em hor\u00e1rio e local a serem divulgados. No dia 1\u00ba de maio, ser\u00e1 divulgada a lista final de selecionados e suplentes.<\/p>\n<p>Para baixar o edital de inscri\u00e7\u00f5es, acesse <a href=\"https:\/\/www2.uepg.br\/rondon\/\">www2.uepg.br\/rondon\/<\/a><\/p>\n","protected":false},"excerpt":{"rendered":"<p>O N\u00facleo Extensionista Rondon da Universidade Estadual de Ponta Grossa, NER-UEPG, anuncia a abertura de inscri\u00e7\u00f5es para a participa\u00e7\u00e3o no Projeto Rondon \u2013 Opera\u00e7\u00e3o Sentinelas Avan\u00e7adas, no munic\u00edpio de S\u00e3o Felipe d\u2019Oeste, em Rond\u00f4nia, de 6 a 23 de julho. Os interessados poder\u00e3o se inscrever de 27 de mar\u00e7o a 10 de abril. Ser\u00e3o selecionados&nbsp;&hellip;<\/p>\n","protected":false},"author":590,"featured_media":7505,"comment_status":"closed","ping_status":"closed","sticky":false,"template":"","format":"standard","meta":[],"categories":[8],"tags":[],"_links":{"self":[{"href":"https:\/\/www2.uepg.br\/proex\/wp-json\/wp\/v2\/posts\/7503"}],"collection":[{"href":"https:\/\/www2.uepg.br\/proex\/wp-json\/wp\/v2\/posts"}],"about":[{"href":"https:\/\/www2.uepg.br\/proex\/wp-json\/wp\/v2\/types\/post"}],"author":[{"embeddable":true,"href":"https:\/\/www2.uepg.br\/proex\/wp-json\/wp\/v2\/users\/590"}],"replies":[{"embeddable":true,"href":"https:\/\/www2.uepg.br\/proex\/wp-json\/wp\/v2\/comments?post=7503"}],"version-history":[{"count":3,"href":"https:\/\/www2.uepg.br\/proex\/wp-json\/wp\/v2\/posts\/7503\/revisions"}],"predecessor-version":[{"id":7507,"href":"https:\/\/www2.uepg.br\/proex\/wp-json\/wp\/v2\/posts\/7503\/revisions\/7507"}],"wp:featuredmedia":[{"embeddable":true,"href":"https:\/\/www2.uepg.br\/proex\/wp-json\/wp\/v2\/media\/7505"}],"wp:attachment":[{"href":"https:\/\/www2.uepg.br\/proex\/wp-json\/wp\/v2\/media?parent=7503"}],"wp:term":[{"taxonomy":"category","embeddable":true,"href":"https:\/\/www2.uepg.br\/proex\/wp-json\/wp\/v2\/categories?post=7503"},{"taxonomy":"post_tag","embeddable":true,"href":"https:\/\/www2.uepg.br\/proex\/wp-json\/wp\/v2\/tags?post=7503"}],"curies":[{"name":"wp","href":"https:\/\/api.w.org\/{rel}","templated":true}]}}