{"id":7526,"date":"2023-03-27T10:57:32","date_gmt":"2023-03-27T13:57:32","guid":{"rendered":"https:\/\/www2.uepg.br\/proex\/?p=7526"},"modified":"2023-03-27T10:59:25","modified_gmt":"2023-03-27T13:59:25","slug":"rondon-governo-planeja-acoes-de-extensao-universitaria-em-municipios-com-baixo-idh","status":"publish","type":"post","link":"https:\/\/www2.uepg.br\/proex\/rondon-governo-planeja-acoes-de-extensao-universitaria-em-municipios-com-baixo-idh\/","title":{"rendered":"Rondon: Governo planeja a\u00e7\u00f5es de extens\u00e3o universit\u00e1ria em munic\u00edpios com baixo IDH"},"content":{"rendered":"<p>O Governo do Estado reuniu nesta semana gestores p\u00fablicos de 10 munic\u00edpios das regi\u00f5es do Litoral e Vale do Ribeira para apresentar a Opera\u00e7\u00e3o Rondon Paran\u00e1, que prev\u00ea a realiza\u00e7\u00e3o de uma s\u00e9rie de a\u00e7\u00f5es de extens\u00e3o universit\u00e1ria em 2023, voltadas \u00e0 cidadania, cultura e solidariedade.<\/p>\n<p>O objetivo \u00e9 contribuir para o bem-estar da popula\u00e7\u00e3o e a melhoria das condi\u00e7\u00f5es de vida das pessoas, preferencialmente nas localidades com baixo \u00cdndice de Desenvolvimento Humano (IDH).<\/p>\n<p>A Opera\u00e7\u00e3o Rondon Paran\u00e1 ir\u00e1 possibilitar que professores e estudantes universit\u00e1rios de v\u00e1rias \u00e1reas do conhecimento desenvolvam, voluntariamente, atividades participativas e colaborativas com as comunidades e lideran\u00e7as locais e regionais. A iniciativa \u00e9 da Secretaria de Estado da Ci\u00eancia, Tecnologia e Ensino Superior do Paran\u00e1 (Seti), em parceria com as universidades p\u00fablicas e privadas.<\/p>\n<p>Semelhante ao Projeto Rondon do governo federal, coordenado pelo Minist\u00e9rio da Defesa, a vers\u00e3o paranaense tem foco na forma\u00e7\u00e3o cidad\u00e3 dos estudantes, sem perder de vista a responsabilidade social e a sustentabilidade ambiental. As atividades abrangem cultura, direitos humanos, educa\u00e7\u00e3o, inclus\u00e3o social, meio ambiente, sa\u00fade, tecnologia, entre outros temas.<\/p>\n<p>O secret\u00e1rio da Ci\u00eancia, Tecnologia e Ensino Superior, Aldo Nelson Bona, comentou a import\u00e2ncia de estimular os universit\u00e1rios em projetos coletivos locais envolvendo as comunidades. \u201cA opera\u00e7\u00e3o Rondon Paran\u00e1 \u00e9 um grande programa de forma\u00e7\u00e3o humana, que permite o contato dos universit\u00e1rios extensionistas com diferentes realidades e atua\u00e7\u00e3o com comunidades com algumas vulnerabilidades, o que pode transformar as vidas desses extensionistas, al\u00e9m do impacto que gera nos munic\u00edpios atendidos\u201d, afirmou.<\/p>\n<p>O prazo para ades\u00e3o pelas prefeituras, com indica\u00e7\u00e3o de um coordenador local, est\u00e1 aberto at\u00e9 5 de abril. Na sequ\u00eancia, professores das institui\u00e7\u00f5es de ensino superior visitar\u00e3o os munic\u00edpios para ajustar as a\u00e7\u00f5es que ser\u00e3o realizadas e o apoio log\u00edstico que ser\u00e1 oferecido para os rondonistas, como alimenta\u00e7\u00e3o, alojamento e transporte. As despesas ser\u00e3o custeadas pelo Governo do Estado.<\/p>\n<p>O prefeito de Cerro Azul, Patrik Magari, destacou a amplia\u00e7\u00e3o e o fortalecimento da parceria que mant\u00e9m com o Estado. \u201cO Rondon estadual \u00e9 mais uma a\u00e7\u00e3o que certamente vai trazer benef\u00edcios para a nossa popula\u00e7\u00e3o. Nossa gest\u00e3o est\u00e1 \u00e0 disposi\u00e7\u00e3o das universidades para que possamos detectar as principais \u00e1reas a serem trabalhadas e nos dedicarmos para que o resultado seja positivo\u201d, afirmou.<\/p>\n<p>Para o prefeito de Morretes, Junior Brindarolli, desenvolver a\u00e7\u00f5es de extens\u00e3o universit\u00e1ria \u00e9 muito importante para o munic\u00edpio. \u201cA ideia \u00e9 buscar inova\u00e7\u00e3o e proporcionar todas as condi\u00e7\u00f5es necess\u00e1rias para recebermos os universit\u00e1rios, colaborando para agregar conhecimento e cultura, para que tenhamos uma cidade e sua coletividade cada vez melhor\u201d, sinalizou.<\/p>\n<p><strong>PRESEN\u00c7AS\u00a0\u2013<\/strong>\u00a0Tamb\u00e9m estavam presentes no encontro os deputados estaduais Anibelli Neto e\u00a0Marcia Hu\u00e7ulak; a vice-prefeita de Pontal do Paran\u00e1, Patr\u00edcia Millo Marcomini; o vice-prefeito de Rio Banco do Sul, Ailton Luiz Nodaru; e representantes dos munic\u00edpios de Antonina, Guaraque\u00e7aba,\u00a0Bocai\u00fava do Sul, Guaratuba, Matinhos e Paranagu\u00e1.<\/p>\n<p>FONTE: <a href=\"https:\/\/www.seti.pr.gov.br\/\">www.seti.pr.gov.br<\/a><\/p>\n","protected":false},"excerpt":{"rendered":"<p>O Governo do Estado reuniu nesta semana gestores p\u00fablicos de 10 munic\u00edpios das regi\u00f5es do Litoral e Vale do Ribeira para apresentar a Opera\u00e7\u00e3o Rondon Paran\u00e1, que prev\u00ea a realiza\u00e7\u00e3o de uma s\u00e9rie de a\u00e7\u00f5es de extens\u00e3o universit\u00e1ria em 2023, voltadas \u00e0 cidadania, cultura e solidariedade. O objetivo \u00e9 contribuir para o bem-estar da popula\u00e7\u00e3o&nbsp;&hellip;<\/p>\n","protected":false},"author":590,"featured_media":7527,"comment_status":"closed","ping_status":"closed","sticky":false,"template":"","format":"standard","meta":[],"categories":[8],"tags":[],"_links":{"self":[{"href":"https:\/\/www2.uepg.br\/proex\/wp-json\/wp\/v2\/posts\/7526"}],"collection":[{"href":"https:\/\/www2.uepg.br\/proex\/wp-json\/wp\/v2\/posts"}],"about":[{"href":"https:\/\/www2.uepg.br\/proex\/wp-json\/wp\/v2\/types\/post"}],"author":[{"embeddable":true,"href":"https:\/\/www2.uepg.br\/proex\/wp-json\/wp\/v2\/users\/590"}],"replies":[{"embeddable":true,"href":"https:\/\/www2.uepg.br\/proex\/wp-json\/wp\/v2\/comments?post=7526"}],"version-history":[{"count":2,"href":"https:\/\/www2.uepg.br\/proex\/wp-json\/wp\/v2\/posts\/7526\/revisions"}],"predecessor-version":[{"id":7529,"href":"https:\/\/www2.uepg.br\/proex\/wp-json\/wp\/v2\/posts\/7526\/revisions\/7529"}],"wp:featuredmedia":[{"embeddable":true,"href":"https:\/\/www2.uepg.br\/proex\/wp-json\/wp\/v2\/media\/7527"}],"wp:attachment":[{"href":"https:\/\/www2.uepg.br\/proex\/wp-json\/wp\/v2\/media?parent=7526"}],"wp:term":[{"taxonomy":"category","embeddable":true,"href":"https:\/\/www2.uepg.br\/proex\/wp-json\/wp\/v2\/categories?post=7526"},{"taxonomy":"post_tag","embeddable":true,"href":"https:\/\/www2.uepg.br\/proex\/wp-json\/wp\/v2\/tags?post=7526"}],"curies":[{"name":"wp","href":"https:\/\/api.w.org\/{rel}","templated":true}]}}