{"id":7540,"date":"2023-03-28T17:08:47","date_gmt":"2023-03-28T20:08:47","guid":{"rendered":"https:\/\/www2.uepg.br\/proex\/?p=7540"},"modified":"2023-03-28T17:12:10","modified_gmt":"2023-03-28T20:12:10","slug":"pg-100-anos-apresenta-edicoes-do-diario-dos-campos-datadas-de-1923","status":"publish","type":"post","link":"https:\/\/www2.uepg.br\/proex\/pg-100-anos-apresenta-edicoes-do-diario-dos-campos-datadas-de-1923\/","title":{"rendered":"\u2018PG: 100 anos\u2019 apresenta edi\u00e7\u00f5es do Di\u00e1rio dos Campos datadas de 1923"},"content":{"rendered":"<p>O Museu Campos Gerais inaugurou, em 25 de mar\u00e7o, a exposi\u00e7\u00e3o\u00a0<em>Ponta Grossa: 100 anos<\/em>. Os 11 cartazes em exibi\u00e7\u00e3o no hall do museu foram selecionados pela equipe do MCG entre as\u00a0edi\u00e7\u00f5es do jornal Di\u00e1rio dos Campos, de agosto e setembro de 1923.<\/p>\n<p>A exposi\u00e7\u00e3o inicia as atividades desenvolvidas pelo MCG em comemora\u00e7\u00e3o ao bicenten\u00e1rio da independ\u00eancia de Ponta Grossa, que vai ocorrer em 15 de setembro de 2023.<\/p>\n<p>As edi\u00e7\u00f5es em exposi\u00e7\u00e3o ser\u00e3o publicadas uma vez por semana nas redes sociais do MCG. At\u00e9 a data do anivers\u00e1rio do munic\u00edpio, novas edi\u00e7\u00f5es devem entrar em exposi\u00e7\u00e3o. A ideia \u00e9 que os visitantes possam acompanhar as discuss\u00f5es p\u00fablicas que se faziam sobre o centen\u00e1rio a partir da linha editorial do Di\u00e1rio dos Campos.<\/p>\n<p><a href=\"https:\/\/www2.uepg.br\/proex\/wp-content\/uploads\/sites\/8\/2023\/03\/IMG_9104-768x512-2.jpg\"><img loading=\"lazy\" class=\"wp-image-7544 alignleft\" src=\"https:\/\/www2.uepg.br\/proex\/wp-content\/uploads\/sites\/8\/2023\/03\/IMG_9104-768x512-2-300x200.jpg\" alt=\"\" width=\"552\" height=\"368\" srcset=\"https:\/\/www2.uepg.br\/proex\/wp-content\/uploads\/sites\/8\/2023\/03\/IMG_9104-768x512-2-300x200.jpg 300w, https:\/\/www2.uepg.br\/proex\/wp-content\/uploads\/sites\/8\/2023\/03\/IMG_9104-768x512-2-272x182.jpg 272w, https:\/\/www2.uepg.br\/proex\/wp-content\/uploads\/sites\/8\/2023\/03\/IMG_9104-768x512-2.jpg 768w\" sizes=\"(max-width: 552px) 100vw, 552px\" \/><\/a>\u00c0 \u00e9poca, o jornal estava sob supervis\u00e3o do jornalista Hugo Reis \u2013 articulista, chefe de reda\u00e7\u00e3o e chefe-propriet\u00e1rio do jornal \u2013, que d\u00e1 nome ao acervo documental do MCG, e que tinha uma postura de embate frente \u00e0 prefeitura. Da\u00ed porque a primeira men\u00e7\u00e3o p\u00fablica sobre o centen\u00e1rio \u00e9 uma provoca\u00e7\u00e3o: \u201cE a prefeitura nada far\u00e1 para comemora-la?\u201d.<\/p>\n<p>Nas edi\u00e7\u00f5es em exposi\u00e7\u00e3o, os visitantes tamb\u00e9m poder\u00e3o encontrar not\u00edcias da Revolu\u00e7\u00e3o Ga\u00facha de 1923, de ecos da Primeira Guerra Mundial, e tamb\u00e9m an\u00fancios da Photographi Biachi, do Cine Renascen\u00e7a, da Importadora Frederico Lange, da Cervejaria Adriatica e do Restaurante Uni\u00e3o Fascista, al\u00e9m de men\u00e7\u00f5es a sujeitos como Coronel Bras\u00edlio Ribas, Major Vitorino Antonio Batista, Caetano Munhoz da Rocha e Marechal Hermes da Fonseca.<\/p>\n<p>Digitalizados pela Casa da Mem\u00f3ria Paran\u00e1, os jornais podem ser consultados e pesquisados atrav\u00e9s da m\u00eddia digital, dispon\u00edvel no reposit\u00f3rio\u00a0<a href=\"http:\/\/memoriasdigitais.museu.uepg.br\/collections\/show\/68\">Mem\u00f3rias Digitais<\/a>.<\/p>\n<p>&nbsp;<\/p>\n<p>Fonte: MCG<\/p>\n","protected":false},"excerpt":{"rendered":"<p>O Museu Campos Gerais inaugurou, em 25 de mar\u00e7o, a exposi\u00e7\u00e3o\u00a0Ponta Grossa: 100 anos. Os 11 cartazes em exibi\u00e7\u00e3o no hall do museu foram selecionados pela equipe do MCG entre as\u00a0edi\u00e7\u00f5es do jornal Di\u00e1rio dos Campos, de agosto e setembro de 1923. A exposi\u00e7\u00e3o inicia as atividades desenvolvidas pelo MCG em comemora\u00e7\u00e3o ao bicenten\u00e1rio da&nbsp;&hellip;<\/p>\n","protected":false},"author":590,"featured_media":7543,"comment_status":"closed","ping_status":"closed","sticky":false,"template":"","format":"standard","meta":[],"categories":[8],"tags":[],"_links":{"self":[{"href":"https:\/\/www2.uepg.br\/proex\/wp-json\/wp\/v2\/posts\/7540"}],"collection":[{"href":"https:\/\/www2.uepg.br\/proex\/wp-json\/wp\/v2\/posts"}],"about":[{"href":"https:\/\/www2.uepg.br\/proex\/wp-json\/wp\/v2\/types\/post"}],"author":[{"embeddable":true,"href":"https:\/\/www2.uepg.br\/proex\/wp-json\/wp\/v2\/users\/590"}],"replies":[{"embeddable":true,"href":"https:\/\/www2.uepg.br\/proex\/wp-json\/wp\/v2\/comments?post=7540"}],"version-history":[{"count":3,"href":"https:\/\/www2.uepg.br\/proex\/wp-json\/wp\/v2\/posts\/7540\/revisions"}],"predecessor-version":[{"id":7547,"href":"https:\/\/www2.uepg.br\/proex\/wp-json\/wp\/v2\/posts\/7540\/revisions\/7547"}],"wp:featuredmedia":[{"embeddable":true,"href":"https:\/\/www2.uepg.br\/proex\/wp-json\/wp\/v2\/media\/7543"}],"wp:attachment":[{"href":"https:\/\/www2.uepg.br\/proex\/wp-json\/wp\/v2\/media?parent=7540"}],"wp:term":[{"taxonomy":"category","embeddable":true,"href":"https:\/\/www2.uepg.br\/proex\/wp-json\/wp\/v2\/categories?post=7540"},{"taxonomy":"post_tag","embeddable":true,"href":"https:\/\/www2.uepg.br\/proex\/wp-json\/wp\/v2\/tags?post=7540"}],"curies":[{"name":"wp","href":"https:\/\/api.w.org\/{rel}","templated":true}]}}