{"id":7587,"date":"2023-04-11T15:27:00","date_gmt":"2023-04-11T18:27:00","guid":{"rendered":"https:\/\/www2.uepg.br\/proex\/?p=7587"},"modified":"2023-04-12T08:43:57","modified_gmt":"2023-04-12T11:43:57","slug":"curso-de-formacao-extensionista-para-o-parana-abre-inscricoes","status":"publish","type":"post","link":"https:\/\/www2.uepg.br\/proex\/curso-de-formacao-extensionista-para-o-parana-abre-inscricoes\/","title":{"rendered":"Curso de Forma\u00e7\u00e3o Extensionista para o Paran\u00e1 abre inscri\u00e7\u00f5es"},"content":{"rendered":"<p><strong>S\u00e3o 500 vagas para docentes, t\u00e9cnicos e estudantes das Institui\u00e7\u00f5es de Ensino paranaenses.<\/strong><\/p>\n<p>&nbsp;<\/p>\n<p>O Curso de Forma\u00e7\u00e3o para A\u00e7\u00f5es Articuladoras do Trip\u00e9 Ensino, Pesquisa e Extens\u00e3o nas Universidades Paranaenses est\u00e1 com as inscri\u00e7\u00f5es abertas at\u00e9 24 de abril de 2023. O projeto \u00e9 realizado pela Secretaria de Estado, Ci\u00eancia e Tecnologia do Estado do Paran\u00e1 (SETI), Universidade Virtual do Paran\u00e1 (UVPR) e NUTEAD-UEPG, em conjunto com as Pr\u00f3-reitorias de Extens\u00e3o e Cultura das Institui\u00e7\u00f5es de Ensino Superior Paranaenses (IEES), e sob coordena\u00e7\u00e3o da Universidade Estadual de Ponta Grossa (UEPG). A proposta \u00e9 refletir e aperfei\u00e7oar o conhecimento sobre a Extens\u00e3o Universit\u00e1ria.<\/p>\n<p>As vagas ofertadas s\u00e3o voltadas para as IEES paranaenses, Secretaria de Estado, Ci\u00eancia e Tecnologia do Estado do Paran\u00e1, Funda\u00e7\u00e3o Arauc\u00e1ria, Universidade Tecnol\u00f3gica Federal do Paran\u00e1, Institutos Federal do Paran\u00e1, e Institui\u00e7\u00f5es de Ensino Superior Privadas. H\u00e1 tamb\u00e9m espa\u00e7o para professores da rede p\u00fablica do Ensino Fundamental atrav\u00e9s da Secretaria de Educa\u00e7\u00e3o do Paran\u00e1 (SEED). As inscri\u00e7\u00f5es podem ser feitas a partir da 00h00 do dia 12 de abril, at\u00e9 23h59 do dia 24 de abril de 2023, atrav\u00e9s do site da UEPG, pelo link <a href=\"https:\/\/inscricoes.apps.uepg.br\/\">https:\/\/inscricoes.apps.uepg.br\/<\/a><\/p>\n<p>A Extens\u00e3o nas universidades \u00e9 uma ferramenta primordial para a intera\u00e7\u00e3o entre a Institui\u00e7\u00e3o de Ensino Superior com a sociedade. A participa\u00e7\u00e3o no Curso Forma\u00e7\u00e3o para as A\u00e7\u00f5es Articuladoras do Trip\u00e9 Ensino, Pesquisa e Extens\u00e3o nas Universidades Paranaenses \u00e9 no formato de ensino \u00e0 dist\u00e2ncia, com atividades remotas e ass\u00edncronas e s\u00edncronas, que atrav\u00e9s de sete m\u00f3dulos totalizam 180 horas. Ao final, ser\u00e1 emitido um certificado para aqueles que tiverem 75% de participa\u00e7\u00e3o no curso.<\/p>\n<p>O curso \u00e9 coordenado pela Universidade Estadual de Ponta Grossa,\u00a0 com apoio das Pr\u00f3-reitorias de Extens\u00e3o e Cultura da UEPG, UEL, UEM, UNICENTRO, UNESPAR, UNIOESTE E UENP.<\/p>\n<p>&nbsp;<\/p>\n<p><strong>Confira a divis\u00e3o das vagas e conte\u00fados dos m\u00f3dulos<\/strong><\/p>\n<p>&nbsp;<\/p>\n<p>Institui\u00e7\u00f5es de Ensino Superior<\/p>\n<p>Universidade Estadual de Ponta Grossa, Universidade Estadual de Londrina, Universidade Estadual de Maring\u00e1, Universidade Virtual do Paran\u00e1, UNICENTRO, UNESPAR e UNIOESTE<\/p>\n<p><strong>&#8211; 40 vagas para professores, 10 vagas para t\u00e9cnicos e 15 vagas para estudantes (total \u2013 455 vagas)<\/strong><\/p>\n<p>Institui\u00e7\u00f5es Federais<\/p>\n<p>Universidade Tecnol\u00f3gica Federal do Paran\u00e1 e Instituto Federal do Paran\u00e1<\/p>\n<p><strong>&#8211; 15 vagas<\/strong><\/p>\n<p>Secretaria de Educa\u00e7\u00e3o do Parar\u00e1 (SEED)<\/p>\n<p>Apenas para professores do\u00a0\u00a0 Ensino Fundamental da rede p\u00fablica<\/p>\n<p><strong>&#8211; 15 vagas<\/strong><\/p>\n<p>Institui\u00e7\u00f5es de Ensino Superior Privadas<\/p>\n<p><strong>&#8211; 8 vagas<\/strong><\/p>\n<p>Secretaria de Estado da Ci\u00eancia Tecnologia e Ensino Superior (SETI)\/ Funda\u00e7\u00e3o Arauc\u00e1ria<\/p>\n<p><strong>&#8211; 7 vagas<\/strong><\/p>\n<p>&nbsp;<\/p>\n<p>Conte\u00fado Program\u00e1tico<\/p>\n<p>M\u00f3dulo 1 &#8211; Extens\u00e3o Universit\u00e1ria Origens e Hist\u00f3rico<\/p>\n<p>M\u00f3dulo 2 &#8211; A Extens\u00e3o como Ferramenta Pedag\u00f3gica e Cient\u00edfica de Transforma\u00e7\u00e3o Social<\/p>\n<p>M\u00f3dulo 3 &#8211; Extens\u00e3o Universit\u00e1ria, Ci\u00eancia e Concep\u00e7\u00f5es Metodol\u00f3gicas<\/p>\n<p>M\u00f3dulo 4 &#8211; Planejamento, Desenvolvimento e Avalia\u00e7\u00e3o de Pr\u00e1ticas Extensionistas<\/p>\n<p>M\u00f3dulo 5 &#8211; Gest\u00e3o de Pol\u00edticas para a Extens\u00e3o Universit\u00e1ria<\/p>\n<p>M\u00f3dulo 6 &#8211; Extens\u00e3o e Inser\u00e7\u00e3o Curricular<\/p>\n<p>M\u00f3dulo 7 -Desafios Atuais da Extens\u00e3o<\/p>\n<p>&nbsp;<\/p>\n<p>Em casos de d\u00favidas, entrar em contato pelo e-mail <a href=\"mailto:tripeextensao@ead.uepg.br\">tripeextensao@ead.uepg.br<\/a>.<\/p>\n","protected":false},"excerpt":{"rendered":"<p>S\u00e3o 500 vagas para docentes, t\u00e9cnicos e estudantes das Institui\u00e7\u00f5es de Ensino paranaenses. &nbsp; O Curso de Forma\u00e7\u00e3o para A\u00e7\u00f5es Articuladoras do Trip\u00e9 Ensino, Pesquisa e Extens\u00e3o nas Universidades Paranaenses est\u00e1 com as inscri\u00e7\u00f5es abertas at\u00e9 24 de abril de 2023. O projeto \u00e9 realizado pela Secretaria de Estado, Ci\u00eancia e Tecnologia do Estado do&nbsp;&hellip;<\/p>\n","protected":false},"author":590,"featured_media":7588,"comment_status":"closed","ping_status":"closed","sticky":false,"template":"","format":"standard","meta":[],"categories":[8],"tags":[],"_links":{"self":[{"href":"https:\/\/www2.uepg.br\/proex\/wp-json\/wp\/v2\/posts\/7587"}],"collection":[{"href":"https:\/\/www2.uepg.br\/proex\/wp-json\/wp\/v2\/posts"}],"about":[{"href":"https:\/\/www2.uepg.br\/proex\/wp-json\/wp\/v2\/types\/post"}],"author":[{"embeddable":true,"href":"https:\/\/www2.uepg.br\/proex\/wp-json\/wp\/v2\/users\/590"}],"replies":[{"embeddable":true,"href":"https:\/\/www2.uepg.br\/proex\/wp-json\/wp\/v2\/comments?post=7587"}],"version-history":[{"count":2,"href":"https:\/\/www2.uepg.br\/proex\/wp-json\/wp\/v2\/posts\/7587\/revisions"}],"predecessor-version":[{"id":7593,"href":"https:\/\/www2.uepg.br\/proex\/wp-json\/wp\/v2\/posts\/7587\/revisions\/7593"}],"wp:featuredmedia":[{"embeddable":true,"href":"https:\/\/www2.uepg.br\/proex\/wp-json\/wp\/v2\/media\/7588"}],"wp:attachment":[{"href":"https:\/\/www2.uepg.br\/proex\/wp-json\/wp\/v2\/media?parent=7587"}],"wp:term":[{"taxonomy":"category","embeddable":true,"href":"https:\/\/www2.uepg.br\/proex\/wp-json\/wp\/v2\/categories?post=7587"},{"taxonomy":"post_tag","embeddable":true,"href":"https:\/\/www2.uepg.br\/proex\/wp-json\/wp\/v2\/tags?post=7587"}],"curies":[{"name":"wp","href":"https:\/\/api.w.org\/{rel}","templated":true}]}}