{"id":7777,"date":"2023-05-18T13:31:16","date_gmt":"2023-05-18T16:31:16","guid":{"rendered":"https:\/\/www2.uepg.br\/proex\/?p=7777"},"modified":"2023-05-18T13:32:11","modified_gmt":"2023-05-18T16:32:11","slug":"tve-uepg-exibe-apresentacoes-do-fuc","status":"publish","type":"post","link":"https:\/\/www2.uepg.br\/proex\/tve-uepg-exibe-apresentacoes-do-fuc\/","title":{"rendered":"TVE UEPG exibe apresenta\u00e7\u00f5es do FUC"},"content":{"rendered":"<p>Com os preparativos para o 35\u00ba Festival Universit\u00e1rio da Can\u00e7\u00e3o (FUC), a TV Educativa da Universidade Estadual de Ponta Grossa (TVE-UEPG) come\u00e7ou a transmitir as apresenta\u00e7\u00f5es que passaram pelo festival nos anos de 2021 e 2022. A exibi\u00e7\u00e3o acontece at\u00e9 31 de maio, sempre \u00e0s 19h, de segunda a sexta-feira. Ser\u00e3o sempre duas m\u00fasicas por noite, todas de artistas de Ponta Grossa.<\/p>\n<p>Em 2021, na 33\u00aa edi\u00e7\u00e3o do festival, n\u00e3o houve apresenta\u00e7\u00e3o ao vivo, por conta das restri\u00e7\u00f5es impostas pela pandemia. Os 10 concorrentes fizeram a grava\u00e7\u00e3o das m\u00fasicas no Tarcisio Marenda Studio, com produ\u00e7\u00e3o audiovisual da ALB V\u00eddeo. Os v\u00eddeos foram exibidos em um evento h\u00edbrido no Cine-Teatro Pax. Os jurados foram a cantora e compositora Estrela Leminski (Curitiba\/PR); a musicista e presidenta da Associa\u00e7\u00e3o Brasileira de Festivais Independentes, Ana Morena (Natal\/RN) e o ex-parceiro de Rita Lee na banda Tutti Frutti, o m\u00fasico Luiz Carlini (S\u00e3o Paulo\/SP).<\/p>\n<p>J\u00e1 em 2022, de volta a seu formato presencial no palco do Cine-Teatro \u00d3pera, o 34\u00ba FUC continuou com foco na m\u00fasica produzida regionalmente. Foram 12 apresenta\u00e7\u00f5es, com registro audiovisual da Coordenadoria de Comunica\u00e7\u00e3o da UEPG (Ccom). Atuaram na Comiss\u00e3o Julgadora a atriz e vocalista d\u2019A Banda Mais Bonita da Cidade, Uyara Torrente (Curitiba\/PR); a cantora, core\u00f3grafa e parceira musical de Carlinhos Brown, K\u00e1tia Drummond (Curitiba\/PR); e o professor e m\u00fasico da Skafandros Orkestra, Thiago Xavier de Abreu (Campinas\/SP).<\/p>\n<p>O 35\u00ba FUC acontece em 17 de junho, no Cine-Teatro \u00d3pera. Ap\u00f3s a apresenta\u00e7\u00e3o das 12 m\u00fasicas concorrentes do Festival, banda convidada \u201cFrancisco, el Hombre\u201d se apresenta no encerramento.<\/p>\n<p><strong>Confira a agenda:<\/strong><\/p>\n<p><strong>17\/05 (quarta):<\/strong><\/p>\n<p>Fios de Baiano \u2013 Pobre Chavinho (3\u00ba lugar \u2013 FUC 2021)<\/p>\n<p>Scilas \u2013 Acende a luz do lampi\u00e3o (2\u00ba lugar e Pr\u00eamio Juri Popular \u2013 FUC 2022)<\/p>\n<p><strong>18\/05 (quinta):<\/strong><\/p>\n<p>Luizinho \u2013 O eterno \u00e9 o presente (1\u00ba lugar \u2013 FUC 2021)<\/p>\n<p>Lilo \u2013 Fuga (Melhor Int\u00e9rprete \u2013 FUC 2022)<\/p>\n<p><strong>19\/05 (sexta):<\/strong><\/p>\n<p>Banda Crioulo Cant\u00e1 \u2013 Crioulo Cantou (FUC 2021)<\/p>\n<p>Raylan Marinho \u2013 Peda\u00e7os (FUC 2022)<\/p>\n<p><strong>22\/05 (segunda)<\/strong><\/p>\n<p>Augusto Aguieiras \u2013 A luz que leva (FUC 2021)<\/p>\n<p>Fabinho Ribeiro \u2013 Mundo afora (FUC 2022)<\/p>\n<p><strong>23\/05 (ter\u00e7a)<\/strong><\/p>\n<p>Scilas \u2013 Um b\u00eabado iluminado (2\u00ba lugar e Melhor Int\u00e9rprete \u2013 FUC 2021)<\/p>\n<p>Alisson Camargo \u2013 Aquilo que podemos ser (FUC 2022)<\/p>\n<p><strong>24\/05 (quarta)<\/strong><\/p>\n<p>Lucas Cabral \u2013 Constantemente contato (Pr\u00eamio Juri Popular \u2013 FUC 2021)<\/p>\n<p>Banda Voc\u00ea, Eu e os Isqueiros \u2013 F\u00e9 menino (1\u00ba lugar \u2013 FUC 2022)<\/p>\n<p><strong>25\/05 (quinta):<\/strong><\/p>\n<p>Phayga Gruber, Melissa Garabeli e Phellip William \u2013 Uma saga rolim\u00e3 (FUC 2021)<\/p>\n<p>Jefferson Maia \u2013 Carta para Ti\u00e3o (FUC 2022)<\/p>\n<p><strong>26\/05 (sexta):<\/strong><\/p>\n<p>Banda Zero Meia \u2013 Num estalo (Melhor Letra \u2013 FUC 2021)<\/p>\n<p>Luizinho \u2013 Sil\u00eancio (3\u00ba lugar \u2013 FUC 2022)<\/p>\n<p><strong>29\/05 (segunda):<\/strong><\/p>\n<p>Guilherme Santos \u2013 Plantar e colher (FUC 2021)<\/p>\n<p>Camilo Fink e os Rivos \u2013 Ladeiras da minha cabe\u00e7a (FUC 2022)<\/p>\n<p><strong>30\/05 (ter\u00e7a):<\/strong><\/p>\n<p>Babim \u2013 O \u00faltimo dia da Terra (FUC 2021)<\/p>\n<p>Matheus Vaz \u2013 Longe (FUC 2022)<\/p>\n<p><strong>31\/05 (quarta):<\/strong><\/p>\n<p>Vicco \u2013 Terra \u00e0 vista (FUC 2022)<\/p>\n<p>Zero Meia &amp; Swolom \u2013 Luz dos nossos (Melhor Letra \u2013 FUC 2022)<\/p>\n<blockquote>\n<p align=\"justify\">Texto: Eduardo Godoy | Foto: Fabio Ansolin &#8211; CCOM\/UEPG<\/p>\n<\/blockquote>\n","protected":false},"excerpt":{"rendered":"<p>Com os preparativos para o 35\u00ba Festival Universit\u00e1rio da Can\u00e7\u00e3o (FUC), a TV Educativa da Universidade Estadual de Ponta Grossa (TVE-UEPG) come\u00e7ou a transmitir as apresenta\u00e7\u00f5es que passaram pelo festival nos anos de 2021 e 2022. A exibi\u00e7\u00e3o acontece at\u00e9 31 de maio, sempre \u00e0s 19h, de segunda a sexta-feira. Ser\u00e3o sempre duas m\u00fasicas por&nbsp;&hellip;<\/p>\n","protected":false},"author":590,"featured_media":7778,"comment_status":"closed","ping_status":"closed","sticky":false,"template":"","format":"standard","meta":[],"categories":[8],"tags":[],"_links":{"self":[{"href":"https:\/\/www2.uepg.br\/proex\/wp-json\/wp\/v2\/posts\/7777"}],"collection":[{"href":"https:\/\/www2.uepg.br\/proex\/wp-json\/wp\/v2\/posts"}],"about":[{"href":"https:\/\/www2.uepg.br\/proex\/wp-json\/wp\/v2\/types\/post"}],"author":[{"embeddable":true,"href":"https:\/\/www2.uepg.br\/proex\/wp-json\/wp\/v2\/users\/590"}],"replies":[{"embeddable":true,"href":"https:\/\/www2.uepg.br\/proex\/wp-json\/wp\/v2\/comments?post=7777"}],"version-history":[{"count":2,"href":"https:\/\/www2.uepg.br\/proex\/wp-json\/wp\/v2\/posts\/7777\/revisions"}],"predecessor-version":[{"id":7780,"href":"https:\/\/www2.uepg.br\/proex\/wp-json\/wp\/v2\/posts\/7777\/revisions\/7780"}],"wp:featuredmedia":[{"embeddable":true,"href":"https:\/\/www2.uepg.br\/proex\/wp-json\/wp\/v2\/media\/7778"}],"wp:attachment":[{"href":"https:\/\/www2.uepg.br\/proex\/wp-json\/wp\/v2\/media?parent=7777"}],"wp:term":[{"taxonomy":"category","embeddable":true,"href":"https:\/\/www2.uepg.br\/proex\/wp-json\/wp\/v2\/categories?post=7777"},{"taxonomy":"post_tag","embeddable":true,"href":"https:\/\/www2.uepg.br\/proex\/wp-json\/wp\/v2\/tags?post=7777"}],"curies":[{"name":"wp","href":"https:\/\/api.w.org\/{rel}","templated":true}]}}