{"id":7825,"date":"2023-05-25T13:56:55","date_gmt":"2023-05-25T16:56:55","guid":{"rendered":"https:\/\/www2.uepg.br\/proex\/?p=7825"},"modified":"2023-05-25T13:56:55","modified_gmt":"2023-05-25T16:56:55","slug":"atividades-de-extensao-inseridas-no-curriculo-contribuicoes-sobre-o-fazer-pedagogico","status":"publish","type":"post","link":"https:\/\/www2.uepg.br\/proex\/atividades-de-extensao-inseridas-no-curriculo-contribuicoes-sobre-o-fazer-pedagogico\/","title":{"rendered":"ATIVIDADES DE EXTENS\u00c3O INSERIDAS NO CURR\u00cdCULO: CONTRIBUI\u00c7\u00d5ES SOBRE O FAZER PEDAG\u00d3GICO"},"content":{"rendered":"<p><a href=\"https:\/\/drive.google.com\/file\/d\/1RVSMonWhgQKZS5JEYH2MJeAA0WiJ92iJ\/view?usp=drive_link\">ATIVIDADES DE EXTENS\u00c3O INSERIDAS NO CURR\u00cdCULO: CONTRIBUI\u00c7\u00d5ES SOBRE O FAZER PEDAG\u00d3GICO<\/a><\/p>\n","protected":false},"excerpt":{"rendered":"<p>ATIVIDADES DE EXTENS\u00c3O INSERIDAS NO CURR\u00cdCULO: CONTRIBUI\u00c7\u00d5ES SOBRE O FAZER PEDAG\u00d3GICO<\/p>\n","protected":false},"author":590,"featured_media":7826,"comment_status":"closed","ping_status":"closed","sticky":false,"template":"","format":"standard","meta":[],"categories":[3],"tags":[],"_links":{"self":[{"href":"https:\/\/www2.uepg.br\/proex\/wp-json\/wp\/v2\/posts\/7825"}],"collection":[{"href":"https:\/\/www2.uepg.br\/proex\/wp-json\/wp\/v2\/posts"}],"about":[{"href":"https:\/\/www2.uepg.br\/proex\/wp-json\/wp\/v2\/types\/post"}],"author":[{"embeddable":true,"href":"https:\/\/www2.uepg.br\/proex\/wp-json\/wp\/v2\/users\/590"}],"replies":[{"embeddable":true,"href":"https:\/\/www2.uepg.br\/proex\/wp-json\/wp\/v2\/comments?post=7825"}],"version-history":[{"count":2,"href":"https:\/\/www2.uepg.br\/proex\/wp-json\/wp\/v2\/posts\/7825\/revisions"}],"predecessor-version":[{"id":7828,"href":"https:\/\/www2.uepg.br\/proex\/wp-json\/wp\/v2\/posts\/7825\/revisions\/7828"}],"wp:featuredmedia":[{"embeddable":true,"href":"https:\/\/www2.uepg.br\/proex\/wp-json\/wp\/v2\/media\/7826"}],"wp:attachment":[{"href":"https:\/\/www2.uepg.br\/proex\/wp-json\/wp\/v2\/media?parent=7825"}],"wp:term":[{"taxonomy":"category","embeddable":true,"href":"https:\/\/www2.uepg.br\/proex\/wp-json\/wp\/v2\/categories?post=7825"},{"taxonomy":"post_tag","embeddable":true,"href":"https:\/\/www2.uepg.br\/proex\/wp-json\/wp\/v2\/tags?post=7825"}],"curies":[{"name":"wp","href":"https:\/\/api.w.org\/{rel}","templated":true}]}}