{"id":7837,"date":"2023-05-26T17:04:29","date_gmt":"2023-05-26T20:04:29","guid":{"rendered":"https:\/\/www2.uepg.br\/proex\/?p=7837"},"modified":"2023-05-26T17:06:53","modified_gmt":"2023-05-26T20:06:53","slug":"fuc-reverbera-abre-inscricoes-de-oficinas-gratuitas-para-musicos","status":"publish","type":"post","link":"https:\/\/www2.uepg.br\/proex\/fuc-reverbera-abre-inscricoes-de-oficinas-gratuitas-para-musicos\/","title":{"rendered":"FUC Reverbera abre inscri\u00e7\u00f5es de oficinas gratuitas para m\u00fasicos"},"content":{"rendered":"<p class=\"p1\">\u00a0Universidade Estadual de Ponta Grossa (UEPG) e a Funda\u00e7\u00e3o de Apoio \u00e0 UEPG (FAUEPG) abrem, nesta sexta-feira (26), as inscri\u00e7\u00f5es para o FUC Reverbera, programa de acelera\u00e7\u00e3o de carreiras musicais, vinculado ao 35\u00ba Festival Universit\u00e1rio da Can\u00e7\u00e3o (FUC). Os interessados podem participar gratuitamente de tr\u00eas oficinas de forma\u00e7\u00e3o, que acontecer\u00e3o em 30 de maio, 01 e 07 de junho, \u00e0s 19h, no Conservat\u00f3rio Maestro Paulino. O 35\u00b0 FUC acontece no dia 17 de junho, \u00e0s 19h, no Cine-Teatro \u00d3pera, com apresenta\u00e7\u00e3o das 12 m\u00fasicas concorrentes e show com a banda Francisco, el Hombre.<\/p>\n<p>As inscri\u00e7\u00f5es podem ser feitas pelo\u00a0<a role=\"link\" href=\"http:\/\/www.uepg.br\/fuc\"><span class=\"s1\">www.uepg.br\/fuc<\/span><\/a>, com limite de 30 vagas por oficina, sem a obrigatoriedade de participar das oficinas nos tr\u00eas dias. Em sua terceira edi\u00e7\u00e3o, o FUC Reverbera \u00e9 aberto a qualquer interessado, com foco em profissionais e estudantes de m\u00fasica. \u201cEste programa vai ao encontro dos objetivos da Extens\u00e3o e da Cultura na UEPG, oferecendo aperfei\u00e7oamento t\u00e9cnico e art\u00edstico na \u00e1rea da m\u00fasica para a comunidade. Assim, o FUC deixa seu rastro em Ponta Grossa,FA colaborando para o aprimoramento do mercado musical na cidade\u201d, explica o Diretor de Assuntos Culturais da UEPG, professor Nelson Silva Junior.<\/p>\n<p class=\"p1\">Na primeira noite, 30 de maio, o tema ser\u00e1 \u2018Cuidados e orienta\u00e7\u00f5es para a voz de cantores amadores e profissionais\u2019, com a fonoaudi\u00f3loga e\u00a0<em>coach<\/em>\u00a0vocal Angelita Rocha. Cantora e professora de canto h\u00e1 mais de 20 anos, Angelita \u00e9 p\u00f3s-graduada em Educa\u00e7\u00e3o Musical, com cursos em Eletroestimula\u00e7\u00e3o para Fonoaudi\u00f3logos e Aprimoramento Vocal.<\/p>\n<p class=\"p1\">Em 01 de junho, o foco ser\u00e1 \u2018Performance musical e presen\u00e7a de palco\u2019, com o professor de canto e diretor teatral Eziquiel Ramos. Diretor da Di\u00e1logos Culturais, Eziquiel tem mais de 25 anos de experi\u00eancia nos palcos e recebeu o t\u00edtulo de Professor Criativo do Brasil pelo Pr\u00eamio Perestroika 2022.<\/p>\n<p class=\"p1\">Fechando a agenda, em 07 de junho, a tem\u00e1tica ser\u00e1 \u2018Estrat\u00e9gias para lan\u00e7amento de singles e \u00e1lbuns\u2019, com a jornalista Daiani Martins Machado. S\u00f3cia da Scream.me, atua na \u00e1rea de assessoria e consultoria em Economia Criativa e produ\u00e7\u00e3o de eventos, com experi\u00eancia em propriedade intelectual e marketing digital.<\/p>\n<div id=\"gallery-1\" class=\"gallery galleryid-48642 gallery-columns-3 gallery-size-full\"><a role=\"link\" href=\"https:\/\/www.uepg.br\/inscricoes-reverbera\/angelita-rocha\/\"><img loading=\"lazy\" class=\"attachment-full  lazyloaded\" src=\"https:\/\/www.uepg.br\/wp-content\/uploads\/2023\/05\/Angelita-Rocha.jpg\" alt=\"\" width=\"279\" height=\"279\" data-srcset=\"https:\/\/www.uepg.br\/wp-content\/uploads\/2023\/05\/Angelita-Rocha.jpg 640w, https:\/\/www.uepg.br\/wp-content\/uploads\/2023\/05\/Angelita-Rocha-300x300.jpg 300w, https:\/\/www.uepg.br\/wp-content\/uploads\/2023\/05\/Angelita-Rocha-150x150.jpg 150w\" data-src=\"https:\/\/www.uepg.br\/wp-content\/uploads\/2023\/05\/Angelita-Rocha.jpg\" data-sizes=\"(max-width: 640px) 100vw, 640px\" \/><\/a><\/p>\n<dl class=\"gallery-item\">\n<dt class=\"gallery-icon landscape\"><a role=\"link\" href=\"https:\/\/www.uepg.br\/inscricoes-reverbera\/daiani-martins-1\/\"><img loading=\"lazy\" class=\"attachment-full  lazyloaded\" src=\"https:\/\/www.uepg.br\/wp-content\/uploads\/2023\/05\/Daiani-Martins-1-scaled.jpg\" alt=\"\" width=\"272\" height=\"272\" data-srcset=\"https:\/\/www.uepg.br\/wp-content\/uploads\/2023\/05\/Daiani-Martins-1-scaled.jpg 1920w, https:\/\/www.uepg.br\/wp-content\/uploads\/2023\/05\/Daiani-Martins-1-300x300.jpg 300w, https:\/\/www.uepg.br\/wp-content\/uploads\/2023\/05\/Daiani-Martins-1-1024x1024.jpg 1024w, https:\/\/www.uepg.br\/wp-content\/uploads\/2023\/05\/Daiani-Martins-1-150x150.jpg 150w, https:\/\/www.uepg.br\/wp-content\/uploads\/2023\/05\/Daiani-Martins-1-768x768.jpg 768w, https:\/\/www.uepg.br\/wp-content\/uploads\/2023\/05\/Daiani-Martins-1-1536x1536.jpg 1536w, https:\/\/www.uepg.br\/wp-content\/uploads\/2023\/05\/Daiani-Martins-1-2048x2048.jpg 2048w, https:\/\/www.uepg.br\/wp-content\/uploads\/2023\/05\/Daiani-Martins-1-1232x1232.jpg 1232w, https:\/\/www.uepg.br\/wp-content\/uploads\/2023\/05\/Daiani-Martins-1-1080x1080.jpg 1080w\" data-src=\"https:\/\/www.uepg.br\/wp-content\/uploads\/2023\/05\/Daiani-Martins-1-scaled.jpg\" data-sizes=\"(max-width: 1920px) 100vw, 1920px\" \/><\/a><\/dt>\n<\/dl>\n<dl class=\"gallery-item\">\n<dt class=\"gallery-icon landscape\"><a role=\"link\" href=\"https:\/\/www.uepg.br\/inscricoes-reverbera\/eziquiel-ramos\/\"><img loading=\"lazy\" class=\"attachment-full  lazyloaded alignnone\" src=\"https:\/\/www.uepg.br\/wp-content\/uploads\/2023\/05\/Eziquiel-Ramos.jpg\" alt=\"\" width=\"269\" height=\"269\" data-srcset=\"https:\/\/www.uepg.br\/wp-content\/uploads\/2023\/05\/Eziquiel-Ramos.jpg 901w, https:\/\/www.uepg.br\/wp-content\/uploads\/2023\/05\/Eziquiel-Ramos-300x300.jpg 300w, https:\/\/www.uepg.br\/wp-content\/uploads\/2023\/05\/Eziquiel-Ramos-150x150.jpg 150w, https:\/\/www.uepg.br\/wp-content\/uploads\/2023\/05\/Eziquiel-Ramos-768x768.jpg 768w\" data-src=\"https:\/\/www.uepg.br\/wp-content\/uploads\/2023\/05\/Eziquiel-Ramos.jpg\" data-sizes=\"(max-width: 901px) 100vw, 901px\" \/><\/a><\/dt>\n<\/dl>\n<\/div>\n<p><strong>O 35\u00ba FUC<\/strong><\/p>\n<p class=\"p2\">O Festival tem o patroc\u00ednio master da Belgotex do Brasil e patroc\u00ednio da Unimed Ponta Grossa, Premium Vila Velha Hotel e Cresol, com incentivo da Prefeitura de Ponta Grossa por meio do Programa Municipal de Incentivo Fiscal \u00e0 Cultura (Promific), da Secretaria Municipal de Cultura e Conselho Municipal de Pol\u00edtica Cultural; e da Lei de Incentivo a Eventos Geradores de Fluxo Tur\u00edstico, da Secretaria Municipal de Turismo e Conselho Municipal de Turismo. A produ\u00e7\u00e3o \u00e9 da Estrat\u00e9gia Projetos Criativos e a promo\u00e7\u00e3o da RPC.<\/p>\n<blockquote><p>Texto: Eduardo Godoy | Foto de Capa: Fabio Ansolin | Fotos Internas: Divulga\u00e7\u00e3o<\/p><\/blockquote>\n","protected":false},"excerpt":{"rendered":"<p>\u00a0Universidade Estadual de Ponta Grossa (UEPG) e a Funda\u00e7\u00e3o de Apoio \u00e0 UEPG (FAUEPG) abrem, nesta sexta-feira (26), as inscri\u00e7\u00f5es para o FUC Reverbera, programa de acelera\u00e7\u00e3o de carreiras musicais, vinculado ao 35\u00ba Festival Universit\u00e1rio da Can\u00e7\u00e3o (FUC). Os interessados podem participar gratuitamente de tr\u00eas oficinas de forma\u00e7\u00e3o, que acontecer\u00e3o em 30 de maio, 01&nbsp;&hellip;<\/p>\n","protected":false},"author":590,"featured_media":7838,"comment_status":"closed","ping_status":"closed","sticky":false,"template":"","format":"standard","meta":[],"categories":[8],"tags":[],"_links":{"self":[{"href":"https:\/\/www2.uepg.br\/proex\/wp-json\/wp\/v2\/posts\/7837"}],"collection":[{"href":"https:\/\/www2.uepg.br\/proex\/wp-json\/wp\/v2\/posts"}],"about":[{"href":"https:\/\/www2.uepg.br\/proex\/wp-json\/wp\/v2\/types\/post"}],"author":[{"embeddable":true,"href":"https:\/\/www2.uepg.br\/proex\/wp-json\/wp\/v2\/users\/590"}],"replies":[{"embeddable":true,"href":"https:\/\/www2.uepg.br\/proex\/wp-json\/wp\/v2\/comments?post=7837"}],"version-history":[{"count":3,"href":"https:\/\/www2.uepg.br\/proex\/wp-json\/wp\/v2\/posts\/7837\/revisions"}],"predecessor-version":[{"id":7840,"href":"https:\/\/www2.uepg.br\/proex\/wp-json\/wp\/v2\/posts\/7837\/revisions\/7840"}],"wp:featuredmedia":[{"embeddable":true,"href":"https:\/\/www2.uepg.br\/proex\/wp-json\/wp\/v2\/media\/7838"}],"wp:attachment":[{"href":"https:\/\/www2.uepg.br\/proex\/wp-json\/wp\/v2\/media?parent=7837"}],"wp:term":[{"taxonomy":"category","embeddable":true,"href":"https:\/\/www2.uepg.br\/proex\/wp-json\/wp\/v2\/categories?post=7837"},{"taxonomy":"post_tag","embeddable":true,"href":"https:\/\/www2.uepg.br\/proex\/wp-json\/wp\/v2\/tags?post=7837"}],"curies":[{"name":"wp","href":"https:\/\/api.w.org\/{rel}","templated":true}]}}