{"id":7850,"date":"2023-05-30T10:39:07","date_gmt":"2023-05-30T13:39:07","guid":{"rendered":"https:\/\/www2.uepg.br\/proex\/?p=7850"},"modified":"2023-05-30T10:39:07","modified_gmt":"2023-05-30T13:39:07","slug":"uepg-abre-inscricoes-para-voluntarios-atuarem-no-35o-fuc","status":"publish","type":"post","link":"https:\/\/www2.uepg.br\/proex\/uepg-abre-inscricoes-para-voluntarios-atuarem-no-35o-fuc\/","title":{"rendered":"UEPG abre inscri\u00e7\u00f5es para volunt\u00e1rios atuarem no 35\u00ba FUC"},"content":{"rendered":"<p>Est\u00e3o abertas as inscri\u00e7\u00f5es para estudantes universit\u00e1rios que desejam atuar como volunt\u00e1rios no 35\u00ba Festival Universit\u00e1rio da Can\u00e7\u00e3o (FUC), realizado pela Universidade Estadual de Ponta Grossa (UEPG), por meio da Diretoria de Assuntos Culturais (DAC\/Proex) e Funda\u00e7\u00e3o de Apoio \u00e0 UEPG (FAUEPG). As inscri\u00e7\u00f5es seguem at\u00e9 esta sexta-feira (02), pelo <a role=\"link\" href=\"http:\/\/www.uepg.br\/fuc\">site do FUC<\/a>, na aba Editais. O Festival acontece no dia 17 de junho, \u00e0s 19h, no Cine-Teatro \u00d3pera, com apresenta\u00e7\u00e3o das 12 can\u00e7\u00f5es concorrentes e show com a banda Francisco, el Hombre.<\/p>\n<p>Podem se inscrever acad\u00eamicos de todos os cursos de gradua\u00e7\u00e3o e p\u00f3s-gradua\u00e7\u00e3o da UEPG e outras institui\u00e7\u00f5es de ensino superior dos Campos Gerais. O objetivo \u00e9 incentivar a participa\u00e7\u00e3o dos estudantes na produ\u00e7\u00e3o do Festival, estimulando o contato com a m\u00fasica e seus bastidores, o relacionamento estudantil e o aprimoramento na forma\u00e7\u00e3o dos futuros profissionais, nas mais diversas \u00e1reas. Ser\u00e3o selecionados at\u00e9 10 volunt\u00e1rios, que receber\u00e3o crach\u00e1 para acesso gratuito ao festival e certificado de participa\u00e7\u00e3o em evento de extens\u00e3o universit\u00e1ria.<\/p>\n<p>As atividades ser\u00e3o desenvolvidas entre os dias 06 e 19 de junho, de forma n\u00e3o cont\u00ednua, em dias, hor\u00e1rios e locais definidos pela coordena\u00e7\u00e3o do evento, sendo que o volunt\u00e1rio deve ter disponibilidade principalmente nos dias 16 e 17 de junho. Entre as atribui\u00e7\u00f5es, estar\u00e3o a assist\u00eancia de palco (exclusivamente para alunos do curso de Licenciatura em M\u00fasica da UEPG), divulga\u00e7\u00e3o do evento, recep\u00e7\u00e3o e acompanhamento de autoridades e do p\u00fablico, aplica\u00e7\u00e3o de question\u00e1rio de demanda tur\u00edstica, recolhimento e contagem de ingressos, organiza\u00e7\u00e3o de kits, entre outras demandas.<\/p>\n<p>Os interessados devem preencher o Termo de Ades\u00e3o dispon\u00edvel no site, informando dados de contato, disponibilidade de hor\u00e1rio e o porqu\u00ea deseja atuar como volunt\u00e1rio no FUC. A sele\u00e7\u00e3o ser\u00e1 feita pela coordena\u00e7\u00e3o do evento, levando em considera\u00e7\u00e3o a demanda, disponibilidade e motiva\u00e7\u00e3o do inscrito. Mais informa\u00e7\u00f5es podem ser obtidas pelo e-mail fuc@uepg.br.<\/p>\n<p>O 35\u00b0 FUC tem o patroc\u00ednio master da Belgotex do Brasil e patroc\u00ednio da Unimed Ponta Grossa, Premium Vila Velha Hotel e Cresol, com incentivo da Prefeitura de Ponta Grossa por meio do Programa Municipal de Incentivo Fiscal \u00e0 Cultura (Promific), da Secretaria Municipal de Cultura e Conselho Municipal de Pol\u00edtica Cultural; e da Lei de Incentivo a Eventos Geradores de Fluxo Tur\u00edstico, da Secretaria Municipal de Turismo e Conselho Municipal de Turismo. A produ\u00e7\u00e3o \u00e9 da Estrat\u00e9gia Projetos Criativos e a promo\u00e7\u00e3o da RPC.<\/p>\n<blockquote><p>Texto: Eduardo Godoy | Foto: Cristina Gresele &#8211; CCOM\/UEPG<\/p><\/blockquote>\n","protected":false},"excerpt":{"rendered":"<p>Est\u00e3o abertas as inscri\u00e7\u00f5es para estudantes universit\u00e1rios que desejam atuar como volunt\u00e1rios no 35\u00ba Festival Universit\u00e1rio da Can\u00e7\u00e3o (FUC), realizado pela Universidade Estadual de Ponta Grossa (UEPG), por meio da Diretoria de Assuntos Culturais (DAC\/Proex) e Funda\u00e7\u00e3o de Apoio \u00e0 UEPG (FAUEPG). As inscri\u00e7\u00f5es seguem at\u00e9 esta sexta-feira (02), pelo site do FUC, na aba&nbsp;&hellip;<\/p>\n","protected":false},"author":590,"featured_media":7851,"comment_status":"closed","ping_status":"closed","sticky":false,"template":"","format":"standard","meta":[],"categories":[8],"tags":[],"_links":{"self":[{"href":"https:\/\/www2.uepg.br\/proex\/wp-json\/wp\/v2\/posts\/7850"}],"collection":[{"href":"https:\/\/www2.uepg.br\/proex\/wp-json\/wp\/v2\/posts"}],"about":[{"href":"https:\/\/www2.uepg.br\/proex\/wp-json\/wp\/v2\/types\/post"}],"author":[{"embeddable":true,"href":"https:\/\/www2.uepg.br\/proex\/wp-json\/wp\/v2\/users\/590"}],"replies":[{"embeddable":true,"href":"https:\/\/www2.uepg.br\/proex\/wp-json\/wp\/v2\/comments?post=7850"}],"version-history":[{"count":1,"href":"https:\/\/www2.uepg.br\/proex\/wp-json\/wp\/v2\/posts\/7850\/revisions"}],"predecessor-version":[{"id":7852,"href":"https:\/\/www2.uepg.br\/proex\/wp-json\/wp\/v2\/posts\/7850\/revisions\/7852"}],"wp:featuredmedia":[{"embeddable":true,"href":"https:\/\/www2.uepg.br\/proex\/wp-json\/wp\/v2\/media\/7851"}],"wp:attachment":[{"href":"https:\/\/www2.uepg.br\/proex\/wp-json\/wp\/v2\/media?parent=7850"}],"wp:term":[{"taxonomy":"category","embeddable":true,"href":"https:\/\/www2.uepg.br\/proex\/wp-json\/wp\/v2\/categories?post=7850"},{"taxonomy":"post_tag","embeddable":true,"href":"https:\/\/www2.uepg.br\/proex\/wp-json\/wp\/v2\/tags?post=7850"}],"curies":[{"name":"wp","href":"https:\/\/api.w.org\/{rel}","templated":true}]}}