{"id":7856,"date":"2023-06-01T10:02:13","date_gmt":"2023-06-01T13:02:13","guid":{"rendered":"https:\/\/www2.uepg.br\/proex\/?p=7856"},"modified":"2023-06-01T10:02:13","modified_gmt":"2023-06-01T13:02:13","slug":"livro-de-fotos-retrata-diversidade-cultural-em-ponta-grossa","status":"publish","type":"post","link":"https:\/\/www2.uepg.br\/proex\/livro-de-fotos-retrata-diversidade-cultural-em-ponta-grossa\/","title":{"rendered":"Livro de fotos retrata diversidade cultural em Ponta Grossa"},"content":{"rendered":"<h4 id=\"viewer-foo\" class=\"xVISr Y9Dpf WkT0MK OZy-3 _40ACk qEvi6J WkT0MK public-DraftStyleDefault-block-depth0 fixed-tab-size public-DraftStyleDefault-text-ltr\" style=\"text-align: center\"><span class=\"B2EFF public-DraftStyleDefault-ltr\"><strong>Projeto &#8220;Lente Quente&#8221; realiza lan\u00e7amento na pr\u00f3xima quarta, 7 de junho, \u00e0s 18h<\/strong><\/span><\/h4>\n<p>&nbsp;<\/p>\n<p id=\"viewer-9b8sc\" class=\"xVISr Y9Dpf WkT0MK OZy-3 _40ACk qEvi6J WkT0MK public-DraftStyleDefault-block-depth0 fixed-tab-size public-DraftStyleDefault-text-ltr\"><span class=\"B2EFF public-DraftStyleDefault-ltr\">O Curso de Jornalismo da Universidade Estadual de Ponta Grossa (UEPG) e o selo Lambrequim convidam para o lan\u00e7amento do mais novo livro do projeto Lente Quente, em evento no Sesc Esta\u00e7\u00e3o Saudade, na quarta-feira, dia 7 de junho, a partir das 18h. <\/span><\/p>\n<p id=\"viewer-8bcks\" class=\"xVISr Y9Dpf WkT0MK OZy-3 _40ACk qEvi6J WkT0MK public-DraftStyleDefault-block-depth0 fixed-tab-size public-DraftStyleDefault-text-ltr\"><span class=\"B2EFF public-DraftStyleDefault-ltr\">A colet\u00e2nea de fotos \u201cFotojornalismo e Cultura (2010-2019)\u201d re\u00fane imagens produzidas por estudantes extensionistas na primeira d\u00e9cada de atividades do grupo no acompanhamento informativo do circuito cultural local. A obra resulta de pesquisa em acervo digital e soma-se \u00e0s comemora\u00e7\u00f5es dos 200 anos do munic\u00edpio.<\/span><\/p>\n<p id=\"viewer-3h9v6\" class=\"xVISr Y9Dpf WkT0MK OZy-3 _40ACk qEvi6J WkT0MK public-DraftStyleDefault-block-depth0 fixed-tab-size public-DraftStyleDefault-text-ltr\"><span class=\"B2EFF public-DraftStyleDefault-ltr\">A produ\u00e7\u00e3o tem apoio do Departamento de Jornalismo (Dejor), do Programa de P\u00f3s-Gradua\u00e7\u00e3o em Jornalismo (PPGJor) e da Pr\u00f3-Reitoria de Extens\u00e3o e Assuntos Culturais (Proex), por meio de bolsas Pibis e Pibex com recursos da Funda\u00e7\u00e3o Arauc\u00e1ria. <\/span><\/p>\n<p id=\"viewer-d643v\" class=\"xVISr Y9Dpf WkT0MK OZy-3 _40ACk qEvi6J WkT0MK public-DraftStyleDefault-block-depth0 fixed-tab-size public-DraftStyleDefault-text-ltr\"><span class=\"B2EFF public-DraftStyleDefault-ltr\">As 132 p\u00e1ginas apresentam, em formato pocket, 150 fotos que registram eventos, espa\u00e7os, iniciativas e acontecimentos que marcaram o per\u00edodo pelo olhar do fotojornalismo especializado em cultura.<\/span><\/p>\n<p id=\"viewer-d49\" class=\"xVISr Y9Dpf WkT0MK OZy-3 _40ACk qEvi6J WkT0MK public-DraftStyleDefault-block-depth0 fixed-tab-size public-DraftStyleDefault-text-ltr\"><span class=\"B2EFF public-DraftStyleDefault-ltr\"> &#8220;A colet\u00e2nea funciona como s\u00edntese da diversidade cultural em Ponta Grossa. As fotos v\u00e3o do campinho de futebol de v\u00e1rzea aos campeonatos de skate, da passagem de artistas renomados pelos palcos da cidade aos festivais locais. Tem espet\u00e1culo, mas tamb\u00e9m o cotidiano, um pouco de religi\u00e3o e tamb\u00e9m do patrim\u00f4nio hist\u00f3rico\u201d, explica o organizador da publica\u00e7\u00e3o, Rafael Schoenherr. O professor coordena a iniciativa de extens\u00e3o, ao lado dos professores supervisores Marcelo Bronosky e Manoel Moabis. <\/span><\/p>\n<p id=\"viewer-82opc\" class=\"xVISr Y9Dpf WkT0MK OZy-3 _40ACk qEvi6J WkT0MK public-DraftStyleDefault-block-depth0 fixed-tab-size public-DraftStyleDefault-text-ltr\"><span class=\"B2EFF public-DraftStyleDefault-ltr\">Estima-se que mais de 80 estudantes tenham passado pelo Lente Quente, sendo que v\u00e1rios deles hoje atuam profissionalmente na fotografia. \u201cEste livro convida a um percurso pelo acervo fotogr\u00e1fico do projeto, por meio de uma sele\u00e7\u00e3o produzida coletivamente pela equipe extensionista, em que se observa a pluralidade de perspectivas jornal\u00edsticas em imagens. S\u00e3o fotos que falam (gritam, em alguns casos), revelando temas latentes e realidades nem sempre vis\u00edveis\u201d, pontua a professora Karina Janz Woitowicz, no texto de apresenta\u00e7\u00e3o da obra.<\/span><\/p>\n<p id=\"viewer-dr6i8\" class=\"xVISr Y9Dpf WkT0MK OZy-3 _40ACk qEvi6J WkT0MK public-DraftStyleDefault-block-depth0 fixed-tab-size public-DraftStyleDefault-text-ltr\"><span class=\"B2EFF public-DraftStyleDefault-ltr\">O livro resulta de curadoria coletiva realizada por estudantes e docentes durante a pandemia. O projeto gr\u00e1fico \u00e9 da designer e fot\u00f3grafa Andressa Marcondes. Uma parte dos 200 exemplares destina-se a bibliotecas e circula\u00e7\u00e3o gratuita. A comercializa\u00e7\u00e3o dos livros ser\u00e1 feita pelo selo Lambrequim, no valor de R$ 50 &#8211; sendo que uma parcela dos recursos deve ser revertida em equipamento fotogr\u00e1fico e na viabiliza\u00e7\u00e3o de exposi\u00e7\u00f5es. <\/span><\/p>\n<p id=\"viewer-5ie2t\" class=\"xVISr Y9Dpf WkT0MK OZy-3 _40ACk qEvi6J WkT0MK public-DraftStyleDefault-block-depth0 fixed-tab-size public-DraftStyleDefault-text-ltr\"><span class=\"B2EFF public-DraftStyleDefault-ltr\">O Lente Quente foi criado em maio de 2010 como coletivo de fotojornalismo dentro do curso de Jornalismo da UEPG e experi\u00eancia de inser\u00e7\u00e3o no campo cultural. A cobertura fotogr\u00e1fica pode ser acessada nas redes do projeto (<a class=\"TWoY9 itht3\" href=\"https:\/\/www.instagram.com\/lentequente\/\" target=\"_blank\" rel=\"noopener noreferrer\" data-hook=\"linkViewer\"><u class=\"D-jZk\">Instagram<\/u><\/a>). Entre as produ\u00e7\u00f5es especiais est\u00e3o o livro e document\u00e1rio \u201cMassacre 29 de abril\u201d (Editora Est\u00fadio Texto, 2015), al\u00e9m do v\u00eddeo \u201cEu tamb\u00e9m sou patrim\u00f4nio dessa terra\u201d e do curta \u201cOcupar e Resistir\u201d (dispon\u00edveis no <a class=\"TWoY9 itht3\" href=\"https:\/\/www.youtube.com\/@ProjetoLenteQuente\" target=\"_blank\" rel=\"noopener noreferrer\" data-hook=\"linkViewer\"><u class=\"D-jZk\">YouTube<\/u><\/a>).<\/span><\/p>\n<p id=\"viewer-1ifvo\" class=\"xVISr Y9Dpf WkT0MK OZy-3 UETKq WwpZGQ WkT0MK public-DraftStyleDefault-block-depth0 fixed-tab-size public-DraftStyleDefault-text-rtl\"><span class=\"B2EFF public-DraftStyleDefault-ltr\"><em>Da Assessoria<\/em><\/span><\/p>\n","protected":false},"excerpt":{"rendered":"<p>Projeto &#8220;Lente Quente&#8221; realiza lan\u00e7amento na pr\u00f3xima quarta, 7 de junho, \u00e0s 18h &nbsp; O Curso de Jornalismo da Universidade Estadual de Ponta Grossa (UEPG) e o selo Lambrequim convidam para o lan\u00e7amento do mais novo livro do projeto Lente Quente, em evento no Sesc Esta\u00e7\u00e3o Saudade, na quarta-feira, dia 7 de junho, a partir&nbsp;&hellip;<\/p>\n","protected":false},"author":590,"featured_media":7857,"comment_status":"closed","ping_status":"closed","sticky":false,"template":"","format":"standard","meta":[],"categories":[8],"tags":[],"_links":{"self":[{"href":"https:\/\/www2.uepg.br\/proex\/wp-json\/wp\/v2\/posts\/7856"}],"collection":[{"href":"https:\/\/www2.uepg.br\/proex\/wp-json\/wp\/v2\/posts"}],"about":[{"href":"https:\/\/www2.uepg.br\/proex\/wp-json\/wp\/v2\/types\/post"}],"author":[{"embeddable":true,"href":"https:\/\/www2.uepg.br\/proex\/wp-json\/wp\/v2\/users\/590"}],"replies":[{"embeddable":true,"href":"https:\/\/www2.uepg.br\/proex\/wp-json\/wp\/v2\/comments?post=7856"}],"version-history":[{"count":2,"href":"https:\/\/www2.uepg.br\/proex\/wp-json\/wp\/v2\/posts\/7856\/revisions"}],"predecessor-version":[{"id":7859,"href":"https:\/\/www2.uepg.br\/proex\/wp-json\/wp\/v2\/posts\/7856\/revisions\/7859"}],"wp:featuredmedia":[{"embeddable":true,"href":"https:\/\/www2.uepg.br\/proex\/wp-json\/wp\/v2\/media\/7857"}],"wp:attachment":[{"href":"https:\/\/www2.uepg.br\/proex\/wp-json\/wp\/v2\/media?parent=7856"}],"wp:term":[{"taxonomy":"category","embeddable":true,"href":"https:\/\/www2.uepg.br\/proex\/wp-json\/wp\/v2\/categories?post=7856"},{"taxonomy":"post_tag","embeddable":true,"href":"https:\/\/www2.uepg.br\/proex\/wp-json\/wp\/v2\/tags?post=7856"}],"curies":[{"name":"wp","href":"https:\/\/api.w.org\/{rel}","templated":true}]}}