{"id":7875,"date":"2023-06-02T11:16:10","date_gmt":"2023-06-02T14:16:10","guid":{"rendered":"https:\/\/www2.uepg.br\/proex\/?p=7875"},"modified":"2023-06-02T11:16:57","modified_gmt":"2023-06-02T14:16:57","slug":"uepg-realiza-precursora-da-operacao-rondon-em-guaratuba","status":"publish","type":"post","link":"https:\/\/www2.uepg.br\/proex\/uepg-realiza-precursora-da-operacao-rondon-em-guaratuba\/","title":{"rendered":"UEPG realiza precursora da Opera\u00e7\u00e3o Rondon Paran\u00e1 em Guaratuba"},"content":{"rendered":"<p><a href=\"https:\/\/www2.uepg.br\/proex\/wp-content\/uploads\/sites\/8\/2023\/06\/350668545_234116919354779_7534421049584209762_n.jpg\"><img loading=\"lazy\" class=\"wp-image-7878 alignright\" src=\"https:\/\/www2.uepg.br\/proex\/wp-content\/uploads\/sites\/8\/2023\/06\/350668545_234116919354779_7534421049584209762_n-300x203.jpg\" alt=\"\" width=\"459\" height=\"311\" srcset=\"https:\/\/www2.uepg.br\/proex\/wp-content\/uploads\/sites\/8\/2023\/06\/350668545_234116919354779_7534421049584209762_n-300x203.jpg 300w, https:\/\/www2.uepg.br\/proex\/wp-content\/uploads\/sites\/8\/2023\/06\/350668545_234116919354779_7534421049584209762_n-1024x693.jpg 1024w, https:\/\/www2.uepg.br\/proex\/wp-content\/uploads\/sites\/8\/2023\/06\/350668545_234116919354779_7534421049584209762_n-768x519.jpg 768w, https:\/\/www2.uepg.br\/proex\/wp-content\/uploads\/sites\/8\/2023\/06\/350668545_234116919354779_7534421049584209762_n-1536x1039.jpg 1536w, https:\/\/www2.uepg.br\/proex\/wp-content\/uploads\/sites\/8\/2023\/06\/350668545_234116919354779_7534421049584209762_n-1232x833.jpg 1232w, https:\/\/www2.uepg.br\/proex\/wp-content\/uploads\/sites\/8\/2023\/06\/350668545_234116919354779_7534421049584209762_n-1597x1080.jpg 1597w, https:\/\/www2.uepg.br\/proex\/wp-content\/uploads\/sites\/8\/2023\/06\/350668545_234116919354779_7534421049584209762_n.jpg 2048w\" sizes=\"(max-width: 459px) 100vw, 459px\" \/><\/a>O N\u00facleo Extensionista Rondon (NER) da Pr\u00f3-Reitoria de Extens\u00e3o e Assuntos Culturais (Proex) da Universidade Estadual de Ponta Grossa (UEPG) participou, na quarta-feira (31), da primeira reuni\u00e3o de planejamento da Opera\u00e7\u00e3o Rondon Paran\u00e1 2023, em Guaratuba. O encontro reuniu representantes das secretarias municipais e outros \u00f3rg\u00e3os do munic\u00edpio, no Casar\u00e3o Marc\u00edlio Dias, Espa\u00e7o Litoral.<\/p>\n<p>De 10 a 22 de outubro, a Opera\u00e7\u00e3o Rondon Paran\u00e1 ser\u00e1 desenvolvida em munic\u00edpios do Litoral (Antonina, Guaratuba, Morretes, Paranagu\u00e1 e Pontal do Paran\u00e1) e Vale do Ribeira (Cerro Azul, Doutor Ulisses e Rio Branco do Sul). A iniciativa vai possibilitar que professores e estudantes universit\u00e1rios realizem atividades participativas e colaborativas com as comunidades e lideran\u00e7as locais. A iniciativa \u00e9 da Secretaria de Estado da Ci\u00eancia, Tecnologia e Ensino Superior (Seti), em parceria com as universidades p\u00fablicas e privadas.<\/p>\n<p>A UEPG vai desenvolver atividades em Guaratuba, juntamente com a Universidade Estadual de Londrina (UEL) e em Cerro Azul, em parceria com a Universidade Estadual do Norte do Paran\u00e1 (UENP). No munic\u00edpio do Litoral, levar\u00e1 a\u00e7\u00f5es do conjunto A (Cultura, Direitos Humanos e Justi\u00e7a, Educa\u00e7\u00e3o e Sa\u00fade), enquanto em Cerro Azul ser\u00e3o aplicadas atividades do conjunto (Comunica\u00e7\u00e3o, Tecnologia e Produ\u00e7\u00e3o, Meio Ambiente e Trabalho).<\/p>\n<p>Na a\u00e7\u00e3o precursora em Guaratuba, a UEPG foi representada pela professora Marilisa do Rocio Oliveira, do NER\/UEPG, e a UEL, pela professora Zilda Andrade, pr\u00f3-reitora de Extens\u00e3o, Cultura e Sociedade (PROEX\/UEL). Ambas repassaram informa\u00e7\u00f5es sobre a Opera\u00e7\u00e3o e discutiram com as secretarias municipais quais as demandas do munic\u00edpio e projetos a serem desenvolvidos pelas equipes das duas universidades. O grupo ter\u00e1 24 rondonistas, sendo 4 professores e 20 estudantes de gradua\u00e7\u00e3o e p\u00f3s-gradua\u00e7\u00e3o.<\/p>\n<p><a href=\"https:\/\/www2.uepg.br\/proex\/wp-content\/uploads\/sites\/8\/2023\/06\/350833247_912705789788096_2662361079688795449_n.jpg\"><img loading=\"lazy\" class=\"size-medium wp-image-7876 alignleft\" src=\"https:\/\/www2.uepg.br\/proex\/wp-content\/uploads\/sites\/8\/2023\/06\/350833247_912705789788096_2662361079688795449_n-300x189.jpg\" alt=\"\" width=\"300\" height=\"189\" srcset=\"https:\/\/www2.uepg.br\/proex\/wp-content\/uploads\/sites\/8\/2023\/06\/350833247_912705789788096_2662361079688795449_n-300x189.jpg 300w, https:\/\/www2.uepg.br\/proex\/wp-content\/uploads\/sites\/8\/2023\/06\/350833247_912705789788096_2662361079688795449_n-1024x646.jpg 1024w, https:\/\/www2.uepg.br\/proex\/wp-content\/uploads\/sites\/8\/2023\/06\/350833247_912705789788096_2662361079688795449_n-768x485.jpg 768w, https:\/\/www2.uepg.br\/proex\/wp-content\/uploads\/sites\/8\/2023\/06\/350833247_912705789788096_2662361079688795449_n-1536x969.jpg 1536w, https:\/\/www2.uepg.br\/proex\/wp-content\/uploads\/sites\/8\/2023\/06\/350833247_912705789788096_2662361079688795449_n-1232x777.jpg 1232w, https:\/\/www2.uepg.br\/proex\/wp-content\/uploads\/sites\/8\/2023\/06\/350833247_912705789788096_2662361079688795449_n-1712x1080.jpg 1712w, https:\/\/www2.uepg.br\/proex\/wp-content\/uploads\/sites\/8\/2023\/06\/350833247_912705789788096_2662361079688795449_n.jpg 2048w\" sizes=\"(max-width: 300px) 100vw, 300px\" \/><\/a>A UEPG est\u00e1 com o processo de sele\u00e7\u00e3o dos rondonistas aberto at\u00e9 10 de junho. Podem participar acad\u00eamicos de gradua\u00e7\u00e3o (presencial e ou EaD) e p\u00f3s-gradua\u00e7\u00e3o (mestrados acad\u00eamico e profissional e doutorado) regularmente matriculados no corrente ano letivo. Ser\u00e3o selecionados 10 alunos titulares e 3 suplentes, para a Opera\u00e7\u00e3o em Guaratuba, e 10 titulares e 3 suplentes, para trabalhar em Cerro Azul. Os documentos da inscri\u00e7\u00e3o devem ser encaminhados para o e-mail <a href=\"mailto:rondonuepg@gmail.com\">rondonuepg@gmail.com<\/a>.<\/p>\n<p>Mais informa\u00e7\u00f5es em <a href=\"http:\/\/www.uepg.br\/rondon\/editais\">www.uepg.br\/rondon\/editais<\/a> (EDITAL NER-UEPG N\u00ba 04\/2023).<\/p>\n<p>&nbsp;<\/p>\n","protected":false},"excerpt":{"rendered":"<p>O N\u00facleo Extensionista Rondon (NER) da Pr\u00f3-Reitoria de Extens\u00e3o e Assuntos Culturais (Proex) da Universidade Estadual de Ponta Grossa (UEPG) participou, na quarta-feira (31), da primeira reuni\u00e3o de planejamento da Opera\u00e7\u00e3o Rondon Paran\u00e1 2023, em Guaratuba. O encontro reuniu representantes das secretarias municipais e outros \u00f3rg\u00e3os do munic\u00edpio, no Casar\u00e3o Marc\u00edlio Dias, Espa\u00e7o Litoral. De&nbsp;&hellip;<\/p>\n","protected":false},"author":590,"featured_media":7881,"comment_status":"closed","ping_status":"closed","sticky":false,"template":"","format":"standard","meta":[],"categories":[8],"tags":[],"_links":{"self":[{"href":"https:\/\/www2.uepg.br\/proex\/wp-json\/wp\/v2\/posts\/7875"}],"collection":[{"href":"https:\/\/www2.uepg.br\/proex\/wp-json\/wp\/v2\/posts"}],"about":[{"href":"https:\/\/www2.uepg.br\/proex\/wp-json\/wp\/v2\/types\/post"}],"author":[{"embeddable":true,"href":"https:\/\/www2.uepg.br\/proex\/wp-json\/wp\/v2\/users\/590"}],"replies":[{"embeddable":true,"href":"https:\/\/www2.uepg.br\/proex\/wp-json\/wp\/v2\/comments?post=7875"}],"version-history":[{"count":4,"href":"https:\/\/www2.uepg.br\/proex\/wp-json\/wp\/v2\/posts\/7875\/revisions"}],"predecessor-version":[{"id":7883,"href":"https:\/\/www2.uepg.br\/proex\/wp-json\/wp\/v2\/posts\/7875\/revisions\/7883"}],"wp:featuredmedia":[{"embeddable":true,"href":"https:\/\/www2.uepg.br\/proex\/wp-json\/wp\/v2\/media\/7881"}],"wp:attachment":[{"href":"https:\/\/www2.uepg.br\/proex\/wp-json\/wp\/v2\/media?parent=7875"}],"wp:term":[{"taxonomy":"category","embeddable":true,"href":"https:\/\/www2.uepg.br\/proex\/wp-json\/wp\/v2\/categories?post=7875"},{"taxonomy":"post_tag","embeddable":true,"href":"https:\/\/www2.uepg.br\/proex\/wp-json\/wp\/v2\/tags?post=7875"}],"curies":[{"name":"wp","href":"https:\/\/api.w.org\/{rel}","templated":true}]}}