{"id":7941,"date":"2023-06-15T08:47:02","date_gmt":"2023-06-15T11:47:02","guid":{"rendered":"https:\/\/www2.uepg.br\/proex\/?p=7941"},"modified":"2023-06-15T08:47:02","modified_gmt":"2023-06-15T11:47:02","slug":"desenvolvimento-sustentavel-integra-atores-da-producao-organica-no-parana","status":"publish","type":"post","link":"https:\/\/www2.uepg.br\/proex\/desenvolvimento-sustentavel-integra-atores-da-producao-organica-no-parana\/","title":{"rendered":"Desenvolvimento sustent\u00e1vel integra atores da produ\u00e7\u00e3o org\u00e2nica no Paran\u00e1"},"content":{"rendered":"<p>Come\u00e7ou na ter\u00e7a-feira (13) e segue at\u00e9 esta quinta-feira (15) o Encontro Estadual do <a class=\"0\" href=\"https:\/\/www.agricultura.pr.gov.br\/Pagina\/Parana-Mais-Organico#:~:text=O%20Paran%C3%A1%20Mais%20Org%C3%A2nico%20%C3%A9,org%C3%A2nico%20no%20Estado%20do%20Paran%C3%A1.\" target=\"_blank\" rel=\"nofollow noopener\">Programa Paran\u00e1 Mais Org\u00e2nico<\/a>\u00a0(PMO). Organizado pelo Governo do Estado, o objetivo do programa \u00e9 debater temas relacionados \u00e0 produ\u00e7\u00e3o org\u00e2nica e promover parcerias estrat\u00e9gicas na agroecologia voltadas ao desenvolvimento regional sustent\u00e1vel.<\/p>\n<p>Durante a solenidade de abertura do evento, na sede do Instituto de Tecnologia do Paran\u00e1 (<a class=\"0\" href=\"https:\/\/www.tecpar.br\/\" target=\"_blank\" rel=\"nofollow noopener\">Tecpar<\/a>), em Curitiba, com mais de cem participantes, foi assinado o desembolso de\u00a0<a href=\"https:\/\/www.seti.pr.gov.br\/Noticia\/Governo-libera-R-79-milhoes-para-fortalecer-producao-organica-no-Parana\" target=\"_blank\" rel=\"noopener\">aporte financeiro de R$ 7,9 milh\u00f5es<\/a>\u00a0para amplia\u00e7\u00e3o da rede de n\u00facleos de certifica\u00e7\u00e3o org\u00e2nica e continuidade das atividades do PMO pelos pr\u00f3ximos anos. Os recursos s\u00e3o do Fundo Paran\u00e1 de fomento cient\u00edfico e tecnol\u00f3gico.<\/p>\n<p>\u201c\u00c9 necess\u00e1rio ampliar o processo de certifica\u00e7\u00e3o de novos produtores e de acompanhamento dos agricultores. Isso exige uma equipe qualificada para anteder a produ\u00e7\u00e3o org\u00e2nica paranaense\u201d, afirma o secret\u00e1rio estadual da Ci\u00eancia, Tecnologia e Ensino Superior, Aldo Nelson Bona.<\/p>\n<p>O PMO iniciou as atividades em 2009 com o intuito de auxiliar agricultores familiares no processo de convers\u00e3o de lavouras tradicionais para o modelo org\u00e2nico e viabilizar as certifica\u00e7\u00f5es das propriedades rurais. \u201cO programa \u00e9 apresentado aos produtores e em seguida come\u00e7a o processo de capacita\u00e7\u00e3o do agricultor de acordo com as normas da produ\u00e7\u00e3o org\u00e2nica. \u00c9 necess\u00e1ria certifica\u00e7\u00e3o e acompanhamento dos produtores\u201d, explica o coordenador estadual do PMO, professor Ednaldo Michellon, da Universidade Estadual de Maring\u00e1 (UEM).<\/p>\n<p>A partir das atividades desenvolvidas no programa, o Paran\u00e1 vem ampliando a quantidade de planta\u00e7\u00f5es livres de agrot\u00f3xicos, sementes transg\u00eanicas e outras subst\u00e2ncias t\u00f3xicas e sint\u00e9ticas. Atualmente, s\u00e3o 3.803 produtores paranaenses com certificados de conformidade org\u00e2nica, segundo o Cadastro Nacional de Produtores Org\u00e2nicos (CNPO) do Minist\u00e9rio da Agricultura e Pecu\u00e1ria (Mapa). Esse n\u00famero destaca o Paran\u00e1 como o estado com mais propriedades certificadas do Brasil.<\/p>\n<p>Desde que o programa foi criado, diversas parcerias foram importantes para os resultados obtidos atualmente. \u201cO programa representa uma mudan\u00e7a de cultura e um trabalho coletivo que tem sido feito. \u00c9 um reflexo do esfor\u00e7o e do compromisso do estado do Paran\u00e1 com a qualidade de vida da popula\u00e7\u00e3o\u201d, disse o presidente do Tecpar, Celso Kloss.<\/p>\n<p><strong>N\u00daCLEOS\u00a0\u2013\u00a0<\/strong>O Paran\u00e1 tem nove n\u00facleos de certifica\u00e7\u00e3o org\u00e2nica: em Bandeirantes (Uenp) e Londrina (UEL), na regi\u00e3o Norte; em Guarapuava (Unicentro), no Centro-Sul; em Marechal C\u00e2ndido Rondon (Unioeste), na regi\u00e3o Oeste; em Maring\u00e1 (UEM), no Noroeste; em Paranagu\u00e1 (Unespar), no Litoral; e em Ponta Grossa (UEPG), na regi\u00e3o dos Campos Gerais. O Instituto de Desenvolvimento Rural do Paran\u00e1 (<a class=\"0\" href=\"https:\/\/www.idrparana.pr.gov.br\/\" target=\"_blank\" rel=\"nofollow noopener\">IDR-PR<\/a>) mant\u00e9m n\u00facleos de certifica\u00e7\u00e3o em Curitiba, na Regi\u00e3o Metropolitana, e em Ivaipor\u00e3, no Vale do Iva\u00ed.<\/p>\n<p>Parte do montante liberado neste ano ser\u00e1 aplicada em dois novos n\u00facleos de Certifica\u00e7\u00e3o Org\u00e2nica, um em Francisco Beltr\u00e3o, ligado \u00e0 Unioeste, e o outro em Umuarama, vinculado \u00e0 UEM.<\/p>\n<p><strong>PRESEN\u00c7AS\u00a0\u2013\u00a0<\/strong>Entre v\u00e1rias autoridades, a solenidade de abertura do evento contou com a presen\u00e7a do secret\u00e1rio estadual da Agricultura e do Abastecimento, Norberto Ortigara; do procurador de Justi\u00e7a do Minist\u00e9rio P\u00fablico do Paran\u00e1, Jo\u00e3o Henrique Vilela da Silveira; do presidente do IDR Paran\u00e1, Natalino Souza; da coordenadora estadual do Minist\u00e9rio do Desenvolvimento Agr\u00e1rio e Agricultura Familiar no Paran\u00e1, Leila Aubrift Klenk; da diretora de Inova\u00e7\u00e3o para a Produ\u00e7\u00e3o Familiar e Transi\u00e7\u00e3o Agroecol\u00f3gica do Minist\u00e9rio do Desenvolvimento Agr\u00e1rio e Agricultura Familiar, V\u00edvian Lib\u00f3rio de Almeida; da coordenadora de Agroecologia e Produ\u00e7\u00e3o Org\u00e2nica do Minist\u00e9rio da Agricultura e Pecu\u00e1ria, Virg\u00ednia Lira; e do superintendente da Companhia Nacional de Abastecimento no Paran\u00e1 (Conab-PR), Valmor Luiz Bordin.<\/p>\n<p>Tamb\u00e9m estavam presentes o coordenador da Rede Ecovida de Agroecologia no Paran\u00e1, Gabriel Guirado; a chefe de Gabinete da Secretaria da Ci\u00eancia, Tecnologia e Ensino Superior (Seti), Paula Grechinski; o coordenador do Fundo Paran\u00e1, Luiz C\u00e9zar Kawano; o vice-reitor da Universidade Estadual de Ponta Grossa (UEPG), Ivo Mottin Demiate; al\u00e9m de uma comitiva com representantes de institui\u00e7\u00f5es do Governo da Bahia, ligados ao desenvolvimento agr\u00e1rio.<\/p>\n<p>Fonte: <a href=\"http:\/\/www.seti.pr.gov.br\">www.seti.pr.gov.br<\/a><\/p>\n","protected":false},"excerpt":{"rendered":"<p>Come\u00e7ou na ter\u00e7a-feira (13) e segue at\u00e9 esta quinta-feira (15) o Encontro Estadual do Programa Paran\u00e1 Mais Org\u00e2nico\u00a0(PMO). Organizado pelo Governo do Estado, o objetivo do programa \u00e9 debater temas relacionados \u00e0 produ\u00e7\u00e3o org\u00e2nica e promover parcerias estrat\u00e9gicas na agroecologia voltadas ao desenvolvimento regional sustent\u00e1vel. Durante a solenidade de abertura do evento, na sede do&nbsp;&hellip;<\/p>\n","protected":false},"author":590,"featured_media":7942,"comment_status":"closed","ping_status":"closed","sticky":false,"template":"","format":"standard","meta":[],"categories":[8],"tags":[],"_links":{"self":[{"href":"https:\/\/www2.uepg.br\/proex\/wp-json\/wp\/v2\/posts\/7941"}],"collection":[{"href":"https:\/\/www2.uepg.br\/proex\/wp-json\/wp\/v2\/posts"}],"about":[{"href":"https:\/\/www2.uepg.br\/proex\/wp-json\/wp\/v2\/types\/post"}],"author":[{"embeddable":true,"href":"https:\/\/www2.uepg.br\/proex\/wp-json\/wp\/v2\/users\/590"}],"replies":[{"embeddable":true,"href":"https:\/\/www2.uepg.br\/proex\/wp-json\/wp\/v2\/comments?post=7941"}],"version-history":[{"count":1,"href":"https:\/\/www2.uepg.br\/proex\/wp-json\/wp\/v2\/posts\/7941\/revisions"}],"predecessor-version":[{"id":7943,"href":"https:\/\/www2.uepg.br\/proex\/wp-json\/wp\/v2\/posts\/7941\/revisions\/7943"}],"wp:featuredmedia":[{"embeddable":true,"href":"https:\/\/www2.uepg.br\/proex\/wp-json\/wp\/v2\/media\/7942"}],"wp:attachment":[{"href":"https:\/\/www2.uepg.br\/proex\/wp-json\/wp\/v2\/media?parent=7941"}],"wp:term":[{"taxonomy":"category","embeddable":true,"href":"https:\/\/www2.uepg.br\/proex\/wp-json\/wp\/v2\/categories?post=7941"},{"taxonomy":"post_tag","embeddable":true,"href":"https:\/\/www2.uepg.br\/proex\/wp-json\/wp\/v2\/tags?post=7941"}],"curies":[{"name":"wp","href":"https:\/\/api.w.org\/{rel}","templated":true}]}}