{"id":7962,"date":"2023-06-16T14:53:47","date_gmt":"2023-06-16T17:53:47","guid":{"rendered":"https:\/\/www2.uepg.br\/proex\/?p=7962"},"modified":"2023-06-16T14:53:47","modified_gmt":"2023-06-16T17:53:47","slug":"professoras-extensionistas-sao-homenageadas-na-assembleia-legislativa","status":"publish","type":"post","link":"https:\/\/www2.uepg.br\/proex\/professoras-extensionistas-sao-homenageadas-na-assembleia-legislativa\/","title":{"rendered":"Professoras extensionistas s\u00e3o homenageadas na Assembleia Legislativa"},"content":{"rendered":"<p>Na \u00faltima quarta-feira (14), a Universidade Estadual de Ponta Grossa esteve presente na Sess\u00e3o Especial realizada\u00a0 pela Assembleia Legislativa do Paran\u00e1. A sess\u00e3o teve o tema Junho Violeta, m\u00eas de conscientiza\u00e7\u00e3o sobre a viol\u00eancia contra a pessoa idosa.\u00a0A Sess\u00e3o foi proposta pelo deputado Alexandre Curi, com apoio da Escola do Legislativo e do Conselho Estadual dos Direitos do Idoso (Cedi). Da UEPG, participaram as professoras Maria Iolanda de Oliveira, do Departamento de Servi\u00e7o Social; e Rita de C\u00e1ssia da Silva Oliveira, coordenadora da Universidade Aberta da Terceira da Idade (Uati) da UEPG.\u00a0 Ambas receberam homenagens pelo trabalho na defesa e garantia dos direitos das pessoas idosas.<\/p>\n<p>O presidente do Cedi, Jorge Nei Neves, ressalta que o evento refor\u00e7a tamb\u00e9m o dia mundial para o combate das viol\u00eancias contra a pessoa idosa, fixado em 15 de junho. Ele conta que as homenagens foram feitas a pessoas que se dedicam h\u00e1 muito tempo para cuidar das pessoas 60+ no estado. A sess\u00e3o enfatizou \u201cA import\u00e2ncia do fortalecimento do controle social na garantia de direitos da pessoa idosa\u201d,\u00a0al\u00e9m do debate para fortalecer a participa\u00e7\u00e3o da sociedade civil na formula\u00e7\u00e3o de pol\u00edticas p\u00fablicas. No evento as professoras foram destaque pelas a\u00e7\u00f5es extensionistas realizadas na UEPG\u00a0para as pessoas idosas\u00a0na cidade de Ponta Grossa.<\/p>\n<p><a role=\"link\" href=\"https:\/\/www.uepg.br\/wp-content\/uploads\/2023\/06\/DSC_0153-editada-scaled.jpg\"><img loading=\"lazy\" class=\"wp-image-49496 alignright lazyloaded\" src=\"https:\/\/www.uepg.br\/wp-content\/uploads\/2023\/06\/DSC_0153-editada-scaled.jpg\" alt=\"\" width=\"343\" height=\"222\" data-src=\"https:\/\/www.uepg.br\/wp-content\/uploads\/2023\/06\/DSC_0153-editada-scaled.jpg\" \/><\/a>A professora Maria Iolanda \u00e9 coordenadora do N\u00facleo de Assist\u00eancia Social, Jur\u00eddica e de Estudos sobre a Pessoa Idosa (Nasjepi) e atua na \u00e1rea do idoso na UEPG desde 2011. No evento da Assembleia Legislativa, a professora representou os projetos de extens\u00e3o que realizam atividades socioassistenciais com pessoas idosas. \u201cEstou muito contente e lisonjeada pelo reconhecimento do trabalho extensionista que desenvolvemos. Agrade\u00e7o a homenagem recebida estendendo a toda equipe do Nasjepi, que tem atuado efetivamente na promo\u00e7\u00e3o, prote\u00e7\u00e3o e defesa dos direitos da pessoa idosa\u201d, destaca a docente.<\/p>\n<p>J\u00e1 a professora Rita est\u00e1 h\u00e1 mais de 30 anos no atendimento \u00e0s pessoas idosas no munic\u00edpio, por meio da Uati-UEPG. Para a homenagem, a educadora representava todas as Uatis. \u201cEstou muito feliz e agrade\u00e7o sensibilizada por esta homenagem e pelo reconhecimento das minhas a\u00e7\u00f5es, principalmente na \u00e1rea da educa\u00e7\u00e3o em favor das pessoas idosas. Compartilhamos estes momentos com as demais Universidades paranaenses que possuem a\u00e7\u00f5es educativas voltadas para a pessoa idosa\u201d, enfatiza.<\/p>\n<p><b>A\u00e7\u00f5es Extensionistas<\/b><\/p>\n<p>O Nasjepi atua com a informa\u00e7\u00e3o e orienta\u00e7\u00e3o sobre os direitos da pessoa idosa seguindo o Estatuto da Pessoa Idosa (Lei 10.741\/2003). Durante o m\u00eas de junho, o projeto realiza a campanha Sensibiliza Campos Gerais com o objetivo de mobilizar a sociedade para a preven\u00e7\u00e3o da viol\u00eancia contra idosos, visando a sua valoriza\u00e7\u00e3o, a mudan\u00e7a de atitudes e o rep\u00fadio aos atos de viol\u00eancia praticados. Esta campanha faz parte das a\u00e7\u00f5es em rela\u00e7\u00e3o ao Junho Violeta, m\u00eas dedicado ao enfrentamento da viol\u00eancia contra a pessoa idosa.<\/p>\n<p>A Uati trabalha para despertar maior respeito e valoriza\u00e7\u00e3o \u00e0s pessoas 60+. Al\u00e9m disso, oferecer conhecimentos e informa\u00e7\u00f5es para as pessoas idosas, elevar a auto estima, possibilitar maior inser\u00e7\u00e3o, inclus\u00e3o e participa\u00e7\u00e3o na sociedade, preconizando e buscando um envelhecimento ativo. A Universidade Aberta para a Terceira Idade da UEPG \u00e9 a mais antiga do Paran\u00e1, com atividades ininterruptas desde o ano de 1992, caracterizando-se uma das mais antigas do Brasil.<\/p>\n<pre>Texto: adaptado por Amanda Santos - CCOM\/UEPG | Fotos: Assembleia Legislativa do Paran\u00e1<\/pre>\n<p><a role=\"link\" href=\"https:\/\/www.uepg.br\/wp-content\/uploads\/2023\/06\/52975270828_6ddd5d9645_o-scaled.jpg\"><img loading=\"lazy\" class=\"alignnone size-full wp-image-49495 lazyloaded\" src=\"https:\/\/www.uepg.br\/wp-content\/uploads\/2023\/06\/52975270828_6ddd5d9645_o-scaled.jpg\" alt=\"\" width=\"1920\" height=\"1280\" data-srcset=\"https:\/\/www.uepg.br\/wp-content\/uploads\/2023\/06\/52975270828_6ddd5d9645_o-scaled.jpg 1920w, https:\/\/www.uepg.br\/wp-content\/uploads\/2023\/06\/52975270828_6ddd5d9645_o-300x200.jpg 300w, https:\/\/www.uepg.br\/wp-content\/uploads\/2023\/06\/52975270828_6ddd5d9645_o-1024x683.jpg 1024w, https:\/\/www.uepg.br\/wp-content\/uploads\/2023\/06\/52975270828_6ddd5d9645_o-768x512.jpg 768w, https:\/\/www.uepg.br\/wp-content\/uploads\/2023\/06\/52975270828_6ddd5d9645_o-1536x1024.jpg 1536w, https:\/\/www.uepg.br\/wp-content\/uploads\/2023\/06\/52975270828_6ddd5d9645_o-2048x1365.jpg 2048w, https:\/\/www.uepg.br\/wp-content\/uploads\/2023\/06\/52975270828_6ddd5d9645_o-1232x821.jpg 1232w, https:\/\/www.uepg.br\/wp-content\/uploads\/2023\/06\/52975270828_6ddd5d9645_o-1620x1080.jpg 1620w, https:\/\/www.uepg.br\/wp-content\/uploads\/2023\/06\/52975270828_6ddd5d9645_o-272x182.jpg 272w\" data-src=\"https:\/\/www.uepg.br\/wp-content\/uploads\/2023\/06\/52975270828_6ddd5d9645_o-scaled.jpg\" data-sizes=\"(max-width: 1920px) 100vw, 1920px\" \/><\/a>\u00a0<a role=\"link\" href=\"https:\/\/www.uepg.br\/wp-content\/uploads\/2023\/06\/52974963009_5309695395_o-scaled.jpg\"><img loading=\"lazy\" class=\"alignnone size-full wp-image-49493 lazyloaded\" src=\"https:\/\/www.uepg.br\/wp-content\/uploads\/2023\/06\/52974963009_5309695395_o-scaled.jpg\" alt=\"\" width=\"1920\" height=\"1280\" data-srcset=\"https:\/\/www.uepg.br\/wp-content\/uploads\/2023\/06\/52974963009_5309695395_o-scaled.jpg 1920w, https:\/\/www.uepg.br\/wp-content\/uploads\/2023\/06\/52974963009_5309695395_o-300x200.jpg 300w, https:\/\/www.uepg.br\/wp-content\/uploads\/2023\/06\/52974963009_5309695395_o-1024x683.jpg 1024w, https:\/\/www.uepg.br\/wp-content\/uploads\/2023\/06\/52974963009_5309695395_o-768x512.jpg 768w, https:\/\/www.uepg.br\/wp-content\/uploads\/2023\/06\/52974963009_5309695395_o-1536x1024.jpg 1536w, https:\/\/www.uepg.br\/wp-content\/uploads\/2023\/06\/52974963009_5309695395_o-2048x1365.jpg 2048w, https:\/\/www.uepg.br\/wp-content\/uploads\/2023\/06\/52974963009_5309695395_o-1232x821.jpg 1232w, https:\/\/www.uepg.br\/wp-content\/uploads\/2023\/06\/52974963009_5309695395_o-1620x1080.jpg 1620w, https:\/\/www.uepg.br\/wp-content\/uploads\/2023\/06\/52974963009_5309695395_o-272x182.jpg 272w\" data-src=\"https:\/\/www.uepg.br\/wp-content\/uploads\/2023\/06\/52974963009_5309695395_o-scaled.jpg\" data-sizes=\"(max-width: 1920px) 100vw, 1920px\" \/><\/a>\u00a0<a role=\"link\" href=\"https:\/\/www.uepg.br\/wp-content\/uploads\/2023\/06\/52974221192_8aab55a15d_o-scaled.jpg\"><img loading=\"lazy\" class=\"alignnone size-full wp-image-49491 lazyloaded\" src=\"https:\/\/www.uepg.br\/wp-content\/uploads\/2023\/06\/52974221192_8aab55a15d_o-scaled.jpg\" alt=\"\" width=\"1920\" height=\"1280\" data-srcset=\"https:\/\/www.uepg.br\/wp-content\/uploads\/2023\/06\/52974221192_8aab55a15d_o-scaled.jpg 1920w, https:\/\/www.uepg.br\/wp-content\/uploads\/2023\/06\/52974221192_8aab55a15d_o-300x200.jpg 300w, https:\/\/www.uepg.br\/wp-content\/uploads\/2023\/06\/52974221192_8aab55a15d_o-1024x683.jpg 1024w, https:\/\/www.uepg.br\/wp-content\/uploads\/2023\/06\/52974221192_8aab55a15d_o-768x512.jpg 768w, https:\/\/www.uepg.br\/wp-content\/uploads\/2023\/06\/52974221192_8aab55a15d_o-1536x1024.jpg 1536w, https:\/\/www.uepg.br\/wp-content\/uploads\/2023\/06\/52974221192_8aab55a15d_o-2048x1365.jpg 2048w, https:\/\/www.uepg.br\/wp-content\/uploads\/2023\/06\/52974221192_8aab55a15d_o-1232x821.jpg 1232w, https:\/\/www.uepg.br\/wp-content\/uploads\/2023\/06\/52974221192_8aab55a15d_o-1620x1080.jpg 1620w, https:\/\/www.uepg.br\/wp-content\/uploads\/2023\/06\/52974221192_8aab55a15d_o-272x182.jpg 272w\" data-src=\"https:\/\/www.uepg.br\/wp-content\/uploads\/2023\/06\/52974221192_8aab55a15d_o-scaled.jpg\" data-sizes=\"(max-width: 1920px) 100vw, 1920px\" \/><\/a><\/p>\n","protected":false},"excerpt":{"rendered":"<p>Na \u00faltima quarta-feira (14), a Universidade Estadual de Ponta Grossa esteve presente na Sess\u00e3o Especial realizada\u00a0 pela Assembleia Legislativa do Paran\u00e1. A sess\u00e3o teve o tema Junho Violeta, m\u00eas de conscientiza\u00e7\u00e3o sobre a viol\u00eancia contra a pessoa idosa.\u00a0A Sess\u00e3o foi proposta pelo deputado Alexandre Curi, com apoio da Escola do Legislativo e do Conselho Estadual&nbsp;&hellip;<\/p>\n","protected":false},"author":590,"featured_media":7963,"comment_status":"closed","ping_status":"closed","sticky":false,"template":"","format":"standard","meta":[],"categories":[8],"tags":[],"_links":{"self":[{"href":"https:\/\/www2.uepg.br\/proex\/wp-json\/wp\/v2\/posts\/7962"}],"collection":[{"href":"https:\/\/www2.uepg.br\/proex\/wp-json\/wp\/v2\/posts"}],"about":[{"href":"https:\/\/www2.uepg.br\/proex\/wp-json\/wp\/v2\/types\/post"}],"author":[{"embeddable":true,"href":"https:\/\/www2.uepg.br\/proex\/wp-json\/wp\/v2\/users\/590"}],"replies":[{"embeddable":true,"href":"https:\/\/www2.uepg.br\/proex\/wp-json\/wp\/v2\/comments?post=7962"}],"version-history":[{"count":1,"href":"https:\/\/www2.uepg.br\/proex\/wp-json\/wp\/v2\/posts\/7962\/revisions"}],"predecessor-version":[{"id":7964,"href":"https:\/\/www2.uepg.br\/proex\/wp-json\/wp\/v2\/posts\/7962\/revisions\/7964"}],"wp:featuredmedia":[{"embeddable":true,"href":"https:\/\/www2.uepg.br\/proex\/wp-json\/wp\/v2\/media\/7963"}],"wp:attachment":[{"href":"https:\/\/www2.uepg.br\/proex\/wp-json\/wp\/v2\/media?parent=7962"}],"wp:term":[{"taxonomy":"category","embeddable":true,"href":"https:\/\/www2.uepg.br\/proex\/wp-json\/wp\/v2\/categories?post=7962"},{"taxonomy":"post_tag","embeddable":true,"href":"https:\/\/www2.uepg.br\/proex\/wp-json\/wp\/v2\/tags?post=7962"}],"curies":[{"name":"wp","href":"https:\/\/api.w.org\/{rel}","templated":true}]}}