{"id":8075,"date":"2023-07-06T14:00:23","date_gmt":"2023-07-06T17:00:23","guid":{"rendered":"https:\/\/www2.uepg.br\/proex\/?p=8075"},"modified":"2023-07-06T14:00:23","modified_gmt":"2023-07-06T17:00:23","slug":"jornalismo-propoe-coletanea-de-textos-sobre-200-anos-de-ponta-grossa","status":"publish","type":"post","link":"https:\/\/www2.uepg.br\/proex\/jornalismo-propoe-coletanea-de-textos-sobre-200-anos-de-ponta-grossa\/","title":{"rendered":"Jornalismo prop\u00f5e colet\u00e2nea de textos sobre 200 anos de Ponta Grossa"},"content":{"rendered":"<p>O curso de Jornalismo da Universidade Estadual de Ponta Grossa (UEPG) est\u00e1 inscri\u00e7\u00f5es abertas para uma colet\u00e2nea de textos sobre os 200 anos de Ponta Grossa. A proposta \u00e9 aberta a toda a comunidade e busca produ\u00e7\u00f5es com olhar cr\u00edtico ao anivers\u00e1rio da cidade. Interessados podem enviar textos at\u00e9 31 de julho. O lan\u00e7amento est\u00e1 previsto para final do ano.<\/p>\n<p>O projeto \u00e9 de iniciativa dos Programas de P\u00f3s-Gradua\u00e7\u00e3o em Jornalismo e Educa\u00e7\u00e3o, em parceria com os projetos de extens\u00e3o Ag\u00eancia de Jornalismo, Combate \u00e0 Desinforma\u00e7\u00e3o, Cultura Plural e Lente Quente. De acordo com o professor S\u00e9rgio Gadini, um dos organizadores da colet\u00e2nea, o projeto se prop\u00f5e a publicar um outro olhar sobre o bicenten\u00e1rio da Princesa dos Campos. \u201cPara apresentar uma vers\u00e3o plural, em perspectivas de an\u00e1lise e leitura cr\u00edticas, [a colet\u00e2nea] prop\u00f5e reunir reflex\u00f5es e an\u00e1lises de marcas, fatos e situa\u00e7\u00f5es que precisam ser analisadas por ocasi\u00e3o da data comemorativa\u201d, explica.<\/p>\n<p>O edital ir\u00e1 considerar tr\u00eas formatos textuais: cr\u00f4nica\/artigo ensaio e perfil. Os textos podem focar em eixos tem\u00e1ticos, como fatos e momentos hist\u00f3ricos; percep\u00e7\u00f5es e mem\u00f3rias sobre a cidade; lugares e personagens da hist\u00f3ria; atores (individuais ou coletivos); debates presentes em perspectivas e desafios; ou outros t\u00f3picos que dialogam com a data comemorativa.<\/p>\n<p>Cada autor pode enviar at\u00e9 dois textos, nos formatos indicados, para os e-mails\u00a0<a role=\"link\" href=\"mailto:agenciadejornalismo@uepg.br\">agenciadejornalismo@uepg.br<\/a>\u00a0e\u00a0<a role=\"link\" href=\"mailto:ppgjornalismo@gmail.com\">ppgjornalismo@gmail.com,<\/a>\u00a0com o assunto \u201cOlhar cr\u00edtico aos 200 anos de PG\u201d. A comiss\u00e3o de sele\u00e7\u00e3o ser\u00e1 formada por membros das entidades e organiza\u00e7\u00f5es parceiras do projeto e n\u00e3o h\u00e1 recurso previsto para remunera\u00e7\u00e3o do trabalho. Ser\u00e1 fornecido certificado de participa\u00e7\u00e3o aos autores. Normas para a produ\u00e7\u00e3o e envio dos textos est\u00e3o no\u00a0<a role=\"link\" href=\"https:\/\/drive.google.com\/file\/d\/12gN8m0OVFsnunnFIHbuWqQ6ZshQASeFr\/view?usp=sharing\">link aqui<\/a>.<\/p>\n<blockquote><p>Texto: J\u00e9ssica Natal\u00a0 | Foto: Aline Jasper<\/p><\/blockquote>\n","protected":false},"excerpt":{"rendered":"<p>O curso de Jornalismo da Universidade Estadual de Ponta Grossa (UEPG) est\u00e1 inscri\u00e7\u00f5es abertas para uma colet\u00e2nea de textos sobre os 200 anos de Ponta Grossa. A proposta \u00e9 aberta a toda a comunidade e busca produ\u00e7\u00f5es com olhar cr\u00edtico ao anivers\u00e1rio da cidade. Interessados podem enviar textos at\u00e9 31 de julho. O lan\u00e7amento est\u00e1&nbsp;&hellip;<\/p>\n","protected":false},"author":590,"featured_media":8076,"comment_status":"closed","ping_status":"closed","sticky":false,"template":"","format":"standard","meta":[],"categories":[8],"tags":[],"_links":{"self":[{"href":"https:\/\/www2.uepg.br\/proex\/wp-json\/wp\/v2\/posts\/8075"}],"collection":[{"href":"https:\/\/www2.uepg.br\/proex\/wp-json\/wp\/v2\/posts"}],"about":[{"href":"https:\/\/www2.uepg.br\/proex\/wp-json\/wp\/v2\/types\/post"}],"author":[{"embeddable":true,"href":"https:\/\/www2.uepg.br\/proex\/wp-json\/wp\/v2\/users\/590"}],"replies":[{"embeddable":true,"href":"https:\/\/www2.uepg.br\/proex\/wp-json\/wp\/v2\/comments?post=8075"}],"version-history":[{"count":1,"href":"https:\/\/www2.uepg.br\/proex\/wp-json\/wp\/v2\/posts\/8075\/revisions"}],"predecessor-version":[{"id":8077,"href":"https:\/\/www2.uepg.br\/proex\/wp-json\/wp\/v2\/posts\/8075\/revisions\/8077"}],"wp:featuredmedia":[{"embeddable":true,"href":"https:\/\/www2.uepg.br\/proex\/wp-json\/wp\/v2\/media\/8076"}],"wp:attachment":[{"href":"https:\/\/www2.uepg.br\/proex\/wp-json\/wp\/v2\/media?parent=8075"}],"wp:term":[{"taxonomy":"category","embeddable":true,"href":"https:\/\/www2.uepg.br\/proex\/wp-json\/wp\/v2\/categories?post=8075"},{"taxonomy":"post_tag","embeddable":true,"href":"https:\/\/www2.uepg.br\/proex\/wp-json\/wp\/v2\/tags?post=8075"}],"curies":[{"name":"wp","href":"https:\/\/api.w.org\/{rel}","templated":true}]}}