{"id":8078,"date":"2023-07-06T14:06:06","date_gmt":"2023-07-06T17:06:06","guid":{"rendered":"https:\/\/www2.uepg.br\/proex\/?p=8078"},"modified":"2023-07-06T14:06:06","modified_gmt":"2023-07-06T17:06:06","slug":"estacao-meteorologica-recebe-alunos-de-escola-de-ponta-grossa","status":"publish","type":"post","link":"https:\/\/www2.uepg.br\/proex\/estacao-meteorologica-recebe-alunos-de-escola-de-ponta-grossa\/","title":{"rendered":"Esta\u00e7\u00e3o Meteorol\u00f3gica recebe alunos de escola de Ponta Grossa"},"content":{"rendered":"<p>Olhos curiosos, m\u00e3os exploradoras, pequenos cientistas. Na quarta-feira (28), a Esta\u00e7\u00e3o Meteorol\u00f3gica do Laborat\u00f3rio de Climatologia e Estudos Ambientais da Universidade Estadual de Ponta Grossa (Labclimeam-UEPG) recebeu a visita de uma turma de alunos do 1\u00ba ano do Ensino Fundamental.<\/p>\n<p>A atividade \u00e9 parte de um projeto de extens\u00e3o do curso de Geografia, coordenado pelo professor Gilson Cruz, que est\u00e1 aberto para escolas que queiram fazer a visita guiada, conhecer os equipamentos e o funcionamento de uma esta\u00e7\u00e3o meteorol\u00f3gica. Para participar, \u00e9 s\u00f3 agendar atrav\u00e9s do e-mail\u00a0<a role=\"link\" href=\"mailto:labclimeam.uepg@gmail.com\">labclimeam.uepg@gmail.com<\/a>. Mais informa\u00e7\u00f5es, bem como as informa\u00e7\u00f5es meteorol\u00f3gicas captadas pela Esta\u00e7\u00e3o, est\u00e3o dispon\u00edveis no\u00a0<a role=\"link\" href=\"https:\/\/www2.uepg.br\/labclimeam\/\">site do Labclimeam<\/a>.<\/p>\n<blockquote><p>Texto e fotos: Aline Jasper<\/p><\/blockquote>\n<div id=\"gallery-1\" class=\"gallery galleryid-50660 gallery-columns-2 gallery-size-full\">\n<dl class=\"gallery-item\">\n<dt class=\"gallery-icon landscape\"><a role=\"link\" href=\"https:\/\/www.uepg.br\/visita-labclimeam\/visita-criancas-estacao-meteorologica-extensao-geografia-aline-jasper_47\/\"><img loading=\"lazy\" class=\"attachment-full size-full lazyloaded\" src=\"https:\/\/www.uepg.br\/wp-content\/uploads\/2023\/07\/visita-criancas-estacao-meteorologica-extensao-geografia-Aline-Jasper_47-scaled.jpg\" alt=\"\" width=\"1920\" height=\"1280\" data-srcset=\"https:\/\/www.uepg.br\/wp-content\/uploads\/2023\/07\/visita-criancas-estacao-meteorologica-extensao-geografia-Aline-Jasper_47-scaled.jpg 1920w, https:\/\/www.uepg.br\/wp-content\/uploads\/2023\/07\/visita-criancas-estacao-meteorologica-extensao-geografia-Aline-Jasper_47-300x200.jpg 300w, https:\/\/www.uepg.br\/wp-content\/uploads\/2023\/07\/visita-criancas-estacao-meteorologica-extensao-geografia-Aline-Jasper_47-1024x683.jpg 1024w, https:\/\/www.uepg.br\/wp-content\/uploads\/2023\/07\/visita-criancas-estacao-meteorologica-extensao-geografia-Aline-Jasper_47-768x512.jpg 768w, https:\/\/www.uepg.br\/wp-content\/uploads\/2023\/07\/visita-criancas-estacao-meteorologica-extensao-geografia-Aline-Jasper_47-1536x1024.jpg 1536w, https:\/\/www.uepg.br\/wp-content\/uploads\/2023\/07\/visita-criancas-estacao-meteorologica-extensao-geografia-Aline-Jasper_47-2048x1365.jpg 2048w, https:\/\/www.uepg.br\/wp-content\/uploads\/2023\/07\/visita-criancas-estacao-meteorologica-extensao-geografia-Aline-Jasper_47-1232x821.jpg 1232w, https:\/\/www.uepg.br\/wp-content\/uploads\/2023\/07\/visita-criancas-estacao-meteorologica-extensao-geografia-Aline-Jasper_47-1620x1080.jpg 1620w, https:\/\/www.uepg.br\/wp-content\/uploads\/2023\/07\/visita-criancas-estacao-meteorologica-extensao-geografia-Aline-Jasper_47-272x182.jpg 272w\" data-src=\"https:\/\/www.uepg.br\/wp-content\/uploads\/2023\/07\/visita-criancas-estacao-meteorologica-extensao-geografia-Aline-Jasper_47-scaled.jpg\" data-sizes=\"(max-width: 1920px) 100vw, 1920px\" \/><\/a><\/dt>\n<\/dl>\n<dl class=\"gallery-item\">\n<dt class=\"gallery-icon landscape\"><a role=\"link\" href=\"https:\/\/www.uepg.br\/visita-labclimeam\/visita-criancas-estacao-meteorologica-extensao-geografia-aline-jasper_5\/\"><img loading=\"lazy\" class=\"attachment-full size-full lazyloaded\" src=\"https:\/\/www.uepg.br\/wp-content\/uploads\/2023\/07\/visita-criancas-estacao-meteorologica-extensao-geografia-Aline-Jasper_5-scaled.jpg\" alt=\"\" width=\"1920\" height=\"1280\" data-srcset=\"https:\/\/www.uepg.br\/wp-content\/uploads\/2023\/07\/visita-criancas-estacao-meteorologica-extensao-geografia-Aline-Jasper_5-scaled.jpg 1920w, https:\/\/www.uepg.br\/wp-content\/uploads\/2023\/07\/visita-criancas-estacao-meteorologica-extensao-geografia-Aline-Jasper_5-300x200.jpg 300w, https:\/\/www.uepg.br\/wp-content\/uploads\/2023\/07\/visita-criancas-estacao-meteorologica-extensao-geografia-Aline-Jasper_5-1024x683.jpg 1024w, https:\/\/www.uepg.br\/wp-content\/uploads\/2023\/07\/visita-criancas-estacao-meteorologica-extensao-geografia-Aline-Jasper_5-768x512.jpg 768w, https:\/\/www.uepg.br\/wp-content\/uploads\/2023\/07\/visita-criancas-estacao-meteorologica-extensao-geografia-Aline-Jasper_5-1536x1024.jpg 1536w, https:\/\/www.uepg.br\/wp-content\/uploads\/2023\/07\/visita-criancas-estacao-meteorologica-extensao-geografia-Aline-Jasper_5-2048x1365.jpg 2048w, https:\/\/www.uepg.br\/wp-content\/uploads\/2023\/07\/visita-criancas-estacao-meteorologica-extensao-geografia-Aline-Jasper_5-1232x821.jpg 1232w, https:\/\/www.uepg.br\/wp-content\/uploads\/2023\/07\/visita-criancas-estacao-meteorologica-extensao-geografia-Aline-Jasper_5-1620x1080.jpg 1620w, https:\/\/www.uepg.br\/wp-content\/uploads\/2023\/07\/visita-criancas-estacao-meteorologica-extensao-geografia-Aline-Jasper_5-272x182.jpg 272w\" data-src=\"https:\/\/www.uepg.br\/wp-content\/uploads\/2023\/07\/visita-criancas-estacao-meteorologica-extensao-geografia-Aline-Jasper_5-scaled.jpg\" data-sizes=\"(max-width: 1920px) 100vw, 1920px\" \/><\/a><\/dt>\n<\/dl>\n<dl class=\"gallery-item\">\n<dt class=\"gallery-icon landscape\"><a role=\"link\" href=\"https:\/\/www.uepg.br\/visita-labclimeam\/visita-criancas-estacao-meteorologica-extensao-geografia-aline-jasper_41\/\"><img loading=\"lazy\" class=\"attachment-full size-full lazyloaded\" src=\"https:\/\/www.uepg.br\/wp-content\/uploads\/2023\/07\/visita-criancas-estacao-meteorologica-extensao-geografia-Aline-Jasper_41-scaled.jpg\" alt=\"\" width=\"1920\" height=\"1280\" data-srcset=\"https:\/\/www.uepg.br\/wp-content\/uploads\/2023\/07\/visita-criancas-estacao-meteorologica-extensao-geografia-Aline-Jasper_41-scaled.jpg 1920w, https:\/\/www.uepg.br\/wp-content\/uploads\/2023\/07\/visita-criancas-estacao-meteorologica-extensao-geografia-Aline-Jasper_41-300x200.jpg 300w, https:\/\/www.uepg.br\/wp-content\/uploads\/2023\/07\/visita-criancas-estacao-meteorologica-extensao-geografia-Aline-Jasper_41-1024x683.jpg 1024w, https:\/\/www.uepg.br\/wp-content\/uploads\/2023\/07\/visita-criancas-estacao-meteorologica-extensao-geografia-Aline-Jasper_41-768x512.jpg 768w, https:\/\/www.uepg.br\/wp-content\/uploads\/2023\/07\/visita-criancas-estacao-meteorologica-extensao-geografia-Aline-Jasper_41-1536x1024.jpg 1536w, https:\/\/www.uepg.br\/wp-content\/uploads\/2023\/07\/visita-criancas-estacao-meteorologica-extensao-geografia-Aline-Jasper_41-2048x1365.jpg 2048w, https:\/\/www.uepg.br\/wp-content\/uploads\/2023\/07\/visita-criancas-estacao-meteorologica-extensao-geografia-Aline-Jasper_41-1232x821.jpg 1232w, https:\/\/www.uepg.br\/wp-content\/uploads\/2023\/07\/visita-criancas-estacao-meteorologica-extensao-geografia-Aline-Jasper_41-1620x1080.jpg 1620w, https:\/\/www.uepg.br\/wp-content\/uploads\/2023\/07\/visita-criancas-estacao-meteorologica-extensao-geografia-Aline-Jasper_41-272x182.jpg 272w\" data-src=\"https:\/\/www.uepg.br\/wp-content\/uploads\/2023\/07\/visita-criancas-estacao-meteorologica-extensao-geografia-Aline-Jasper_41-scaled.jpg\" data-sizes=\"(max-width: 1920px) 100vw, 1920px\" \/><\/a><\/dt>\n<\/dl>\n<dl class=\"gallery-item\">\n<dt class=\"gallery-icon landscape\"><a role=\"link\" href=\"https:\/\/www.uepg.br\/visita-labclimeam\/visita-criancas-estacao-meteorologica-extensao-geografia-aline-jasper_19\/\"><img loading=\"lazy\" class=\"attachment-full size-full lazyloaded\" src=\"https:\/\/www.uepg.br\/wp-content\/uploads\/2023\/07\/visita-criancas-estacao-meteorologica-extensao-geografia-Aline-Jasper_19-scaled.jpg\" alt=\"\" width=\"1920\" height=\"1280\" data-srcset=\"https:\/\/www.uepg.br\/wp-content\/uploads\/2023\/07\/visita-criancas-estacao-meteorologica-extensao-geografia-Aline-Jasper_19-scaled.jpg 1920w, https:\/\/www.uepg.br\/wp-content\/uploads\/2023\/07\/visita-criancas-estacao-meteorologica-extensao-geografia-Aline-Jasper_19-300x200.jpg 300w, https:\/\/www.uepg.br\/wp-content\/uploads\/2023\/07\/visita-criancas-estacao-meteorologica-extensao-geografia-Aline-Jasper_19-1024x683.jpg 1024w, https:\/\/www.uepg.br\/wp-content\/uploads\/2023\/07\/visita-criancas-estacao-meteorologica-extensao-geografia-Aline-Jasper_19-768x512.jpg 768w, https:\/\/www.uepg.br\/wp-content\/uploads\/2023\/07\/visita-criancas-estacao-meteorologica-extensao-geografia-Aline-Jasper_19-1536x1024.jpg 1536w, https:\/\/www.uepg.br\/wp-content\/uploads\/2023\/07\/visita-criancas-estacao-meteorologica-extensao-geografia-Aline-Jasper_19-2048x1365.jpg 2048w, https:\/\/www.uepg.br\/wp-content\/uploads\/2023\/07\/visita-criancas-estacao-meteorologica-extensao-geografia-Aline-Jasper_19-1232x821.jpg 1232w, https:\/\/www.uepg.br\/wp-content\/uploads\/2023\/07\/visita-criancas-estacao-meteorologica-extensao-geografia-Aline-Jasper_19-1620x1080.jpg 1620w, https:\/\/www.uepg.br\/wp-content\/uploads\/2023\/07\/visita-criancas-estacao-meteorologica-extensao-geografia-Aline-Jasper_19-272x182.jpg 272w\" data-src=\"https:\/\/www.uepg.br\/wp-content\/uploads\/2023\/07\/visita-criancas-estacao-meteorologica-extensao-geografia-Aline-Jasper_19-scaled.jpg\" data-sizes=\"(max-width: 1920px) 100vw, 1920px\" \/><\/a><\/dt>\n<\/dl>\n<dl class=\"gallery-item\">\n<dt class=\"gallery-icon landscape\"><a role=\"link\" href=\"https:\/\/www.uepg.br\/visita-labclimeam\/visita-criancas-estacao-meteorologica-extensao-geografia-aline-jasper_26\/\"><img loading=\"lazy\" class=\"attachment-full size-full lazyloaded\" src=\"https:\/\/www.uepg.br\/wp-content\/uploads\/2023\/07\/visita-criancas-estacao-meteorologica-extensao-geografia-Aline-Jasper_26-scaled.jpg\" alt=\"\" width=\"1920\" height=\"1280\" data-srcset=\"https:\/\/www.uepg.br\/wp-content\/uploads\/2023\/07\/visita-criancas-estacao-meteorologica-extensao-geografia-Aline-Jasper_26-scaled.jpg 1920w, https:\/\/www.uepg.br\/wp-content\/uploads\/2023\/07\/visita-criancas-estacao-meteorologica-extensao-geografia-Aline-Jasper_26-300x200.jpg 300w, https:\/\/www.uepg.br\/wp-content\/uploads\/2023\/07\/visita-criancas-estacao-meteorologica-extensao-geografia-Aline-Jasper_26-1024x683.jpg 1024w, https:\/\/www.uepg.br\/wp-content\/uploads\/2023\/07\/visita-criancas-estacao-meteorologica-extensao-geografia-Aline-Jasper_26-768x512.jpg 768w, https:\/\/www.uepg.br\/wp-content\/uploads\/2023\/07\/visita-criancas-estacao-meteorologica-extensao-geografia-Aline-Jasper_26-1536x1024.jpg 1536w, https:\/\/www.uepg.br\/wp-content\/uploads\/2023\/07\/visita-criancas-estacao-meteorologica-extensao-geografia-Aline-Jasper_26-2048x1365.jpg 2048w, https:\/\/www.uepg.br\/wp-content\/uploads\/2023\/07\/visita-criancas-estacao-meteorologica-extensao-geografia-Aline-Jasper_26-1232x821.jpg 1232w, https:\/\/www.uepg.br\/wp-content\/uploads\/2023\/07\/visita-criancas-estacao-meteorologica-extensao-geografia-Aline-Jasper_26-1620x1080.jpg 1620w, https:\/\/www.uepg.br\/wp-content\/uploads\/2023\/07\/visita-criancas-estacao-meteorologica-extensao-geografia-Aline-Jasper_26-272x182.jpg 272w\" data-src=\"https:\/\/www.uepg.br\/wp-content\/uploads\/2023\/07\/visita-criancas-estacao-meteorologica-extensao-geografia-Aline-Jasper_26-scaled.jpg\" data-sizes=\"(max-width: 1920px) 100vw, 1920px\" \/><\/a><\/dt>\n<\/dl>\n<dl class=\"gallery-item\">\n<dt class=\"gallery-icon landscape\"><a role=\"link\" href=\"https:\/\/www.uepg.br\/visita-labclimeam\/visita-criancas-estacao-meteorologica-extensao-geografia-aline-jasper\/\"><img loading=\"lazy\" class=\"attachment-full size-full lazyloaded\" src=\"https:\/\/www.uepg.br\/wp-content\/uploads\/2023\/07\/visita-criancas-estacao-meteorologica-extensao-geografia-Aline-Jasper-scaled.jpg\" alt=\"\" width=\"1920\" height=\"1280\" data-srcset=\"https:\/\/www.uepg.br\/wp-content\/uploads\/2023\/07\/visita-criancas-estacao-meteorologica-extensao-geografia-Aline-Jasper-scaled.jpg 1920w, https:\/\/www.uepg.br\/wp-content\/uploads\/2023\/07\/visita-criancas-estacao-meteorologica-extensao-geografia-Aline-Jasper-300x200.jpg 300w, https:\/\/www.uepg.br\/wp-content\/uploads\/2023\/07\/visita-criancas-estacao-meteorologica-extensao-geografia-Aline-Jasper-1024x683.jpg 1024w, https:\/\/www.uepg.br\/wp-content\/uploads\/2023\/07\/visita-criancas-estacao-meteorologica-extensao-geografia-Aline-Jasper-768x512.jpg 768w, https:\/\/www.uepg.br\/wp-content\/uploads\/2023\/07\/visita-criancas-estacao-meteorologica-extensao-geografia-Aline-Jasper-1536x1024.jpg 1536w, https:\/\/www.uepg.br\/wp-content\/uploads\/2023\/07\/visita-criancas-estacao-meteorologica-extensao-geografia-Aline-Jasper-2048x1365.jpg 2048w, https:\/\/www.uepg.br\/wp-content\/uploads\/2023\/07\/visita-criancas-estacao-meteorologica-extensao-geografia-Aline-Jasper-1232x821.jpg 1232w, https:\/\/www.uepg.br\/wp-content\/uploads\/2023\/07\/visita-criancas-estacao-meteorologica-extensao-geografia-Aline-Jasper-1620x1080.jpg 1620w, https:\/\/www.uepg.br\/wp-content\/uploads\/2023\/07\/visita-criancas-estacao-meteorologica-extensao-geografia-Aline-Jasper-272x182.jpg 272w\" data-src=\"https:\/\/www.uepg.br\/wp-content\/uploads\/2023\/07\/visita-criancas-estacao-meteorologica-extensao-geografia-Aline-Jasper-scaled.jpg\" data-sizes=\"(max-width: 1920px) 100vw, 1920px\" \/><\/a><\/dt>\n<\/dl>\n<dl class=\"gallery-item\">\n<dt class=\"gallery-icon landscape\"><a role=\"link\" href=\"https:\/\/www.uepg.br\/visita-labclimeam\/visita-criancas-estacao-meteorologica-extensao-geografia-aline-jasper_6\/\"><img loading=\"lazy\" class=\"attachment-full size-full lazyloaded\" src=\"https:\/\/www.uepg.br\/wp-content\/uploads\/2023\/07\/visita-criancas-estacao-meteorologica-extensao-geografia-Aline-Jasper_6-scaled.jpg\" alt=\"\" width=\"1920\" height=\"1280\" data-srcset=\"https:\/\/www.uepg.br\/wp-content\/uploads\/2023\/07\/visita-criancas-estacao-meteorologica-extensao-geografia-Aline-Jasper_6-scaled.jpg 1920w, https:\/\/www.uepg.br\/wp-content\/uploads\/2023\/07\/visita-criancas-estacao-meteorologica-extensao-geografia-Aline-Jasper_6-300x200.jpg 300w, https:\/\/www.uepg.br\/wp-content\/uploads\/2023\/07\/visita-criancas-estacao-meteorologica-extensao-geografia-Aline-Jasper_6-1024x683.jpg 1024w, https:\/\/www.uepg.br\/wp-content\/uploads\/2023\/07\/visita-criancas-estacao-meteorologica-extensao-geografia-Aline-Jasper_6-768x512.jpg 768w, https:\/\/www.uepg.br\/wp-content\/uploads\/2023\/07\/visita-criancas-estacao-meteorologica-extensao-geografia-Aline-Jasper_6-1536x1024.jpg 1536w, https:\/\/www.uepg.br\/wp-content\/uploads\/2023\/07\/visita-criancas-estacao-meteorologica-extensao-geografia-Aline-Jasper_6-2048x1365.jpg 2048w, https:\/\/www.uepg.br\/wp-content\/uploads\/2023\/07\/visita-criancas-estacao-meteorologica-extensao-geografia-Aline-Jasper_6-1232x821.jpg 1232w, https:\/\/www.uepg.br\/wp-content\/uploads\/2023\/07\/visita-criancas-estacao-meteorologica-extensao-geografia-Aline-Jasper_6-1620x1080.jpg 1620w, https:\/\/www.uepg.br\/wp-content\/uploads\/2023\/07\/visita-criancas-estacao-meteorologica-extensao-geografia-Aline-Jasper_6-272x182.jpg 272w\" data-src=\"https:\/\/www.uepg.br\/wp-content\/uploads\/2023\/07\/visita-criancas-estacao-meteorologica-extensao-geografia-Aline-Jasper_6-scaled.jpg\" data-sizes=\"(max-width: 1920px) 100vw, 1920px\" \/><\/a><\/dt>\n<\/dl>\n<dl class=\"gallery-item\">\n<dt class=\"gallery-icon landscape\"><a role=\"link\" href=\"https:\/\/www.uepg.br\/visita-labclimeam\/visita-criancas-estacao-meteorologica-extensao-geografia-aline-jasper_2\/\"><img loading=\"lazy\" class=\"attachment-full size-full lazyloaded\" src=\"https:\/\/www.uepg.br\/wp-content\/uploads\/2023\/07\/visita-criancas-estacao-meteorologica-extensao-geografia-Aline-Jasper_2-scaled.jpg\" alt=\"\" width=\"1920\" height=\"1280\" data-srcset=\"https:\/\/www.uepg.br\/wp-content\/uploads\/2023\/07\/visita-criancas-estacao-meteorologica-extensao-geografia-Aline-Jasper_2-scaled.jpg 1920w, https:\/\/www.uepg.br\/wp-content\/uploads\/2023\/07\/visita-criancas-estacao-meteorologica-extensao-geografia-Aline-Jasper_2-300x200.jpg 300w, https:\/\/www.uepg.br\/wp-content\/uploads\/2023\/07\/visita-criancas-estacao-meteorologica-extensao-geografia-Aline-Jasper_2-1024x683.jpg 1024w, https:\/\/www.uepg.br\/wp-content\/uploads\/2023\/07\/visita-criancas-estacao-meteorologica-extensao-geografia-Aline-Jasper_2-768x512.jpg 768w, https:\/\/www.uepg.br\/wp-content\/uploads\/2023\/07\/visita-criancas-estacao-meteorologica-extensao-geografia-Aline-Jasper_2-1536x1024.jpg 1536w, https:\/\/www.uepg.br\/wp-content\/uploads\/2023\/07\/visita-criancas-estacao-meteorologica-extensao-geografia-Aline-Jasper_2-2048x1365.jpg 2048w, https:\/\/www.uepg.br\/wp-content\/uploads\/2023\/07\/visita-criancas-estacao-meteorologica-extensao-geografia-Aline-Jasper_2-1232x821.jpg 1232w, https:\/\/www.uepg.br\/wp-content\/uploads\/2023\/07\/visita-criancas-estacao-meteorologica-extensao-geografia-Aline-Jasper_2-1620x1080.jpg 1620w, https:\/\/www.uepg.br\/wp-content\/uploads\/2023\/07\/visita-criancas-estacao-meteorologica-extensao-geografia-Aline-Jasper_2-272x182.jpg 272w\" data-src=\"https:\/\/www.uepg.br\/wp-content\/uploads\/2023\/07\/visita-criancas-estacao-meteorologica-extensao-geografia-Aline-Jasper_2-scaled.jpg\" data-sizes=\"(max-width: 1920px) 100vw, 1920px\" \/><\/a><\/dt>\n<\/dl>\n<dl class=\"gallery-item\">\n<dt class=\"gallery-icon landscape\"><a role=\"link\" href=\"https:\/\/www.uepg.br\/visita-labclimeam\/visita-criancas-estacao-meteorologica-extensao-geografia-aline-jasper_16\/\"><img loading=\"lazy\" class=\"attachment-full size-full lazyloaded\" src=\"https:\/\/www.uepg.br\/wp-content\/uploads\/2023\/07\/visita-criancas-estacao-meteorologica-extensao-geografia-Aline-Jasper_16-scaled.jpg\" alt=\"\" width=\"1920\" height=\"1280\" data-srcset=\"https:\/\/www.uepg.br\/wp-content\/uploads\/2023\/07\/visita-criancas-estacao-meteorologica-extensao-geografia-Aline-Jasper_16-scaled.jpg 1920w, https:\/\/www.uepg.br\/wp-content\/uploads\/2023\/07\/visita-criancas-estacao-meteorologica-extensao-geografia-Aline-Jasper_16-300x200.jpg 300w, https:\/\/www.uepg.br\/wp-content\/uploads\/2023\/07\/visita-criancas-estacao-meteorologica-extensao-geografia-Aline-Jasper_16-1024x683.jpg 1024w, https:\/\/www.uepg.br\/wp-content\/uploads\/2023\/07\/visita-criancas-estacao-meteorologica-extensao-geografia-Aline-Jasper_16-768x512.jpg 768w, https:\/\/www.uepg.br\/wp-content\/uploads\/2023\/07\/visita-criancas-estacao-meteorologica-extensao-geografia-Aline-Jasper_16-1536x1024.jpg 1536w, https:\/\/www.uepg.br\/wp-content\/uploads\/2023\/07\/visita-criancas-estacao-meteorologica-extensao-geografia-Aline-Jasper_16-2048x1365.jpg 2048w, https:\/\/www.uepg.br\/wp-content\/uploads\/2023\/07\/visita-criancas-estacao-meteorologica-extensao-geografia-Aline-Jasper_16-1232x821.jpg 1232w, https:\/\/www.uepg.br\/wp-content\/uploads\/2023\/07\/visita-criancas-estacao-meteorologica-extensao-geografia-Aline-Jasper_16-1620x1080.jpg 1620w, https:\/\/www.uepg.br\/wp-content\/uploads\/2023\/07\/visita-criancas-estacao-meteorologica-extensao-geografia-Aline-Jasper_16-272x182.jpg 272w\" data-src=\"https:\/\/www.uepg.br\/wp-content\/uploads\/2023\/07\/visita-criancas-estacao-meteorologica-extensao-geografia-Aline-Jasper_16-scaled.jpg\" data-sizes=\"(max-width: 1920px) 100vw, 1920px\" \/><\/a><\/dt>\n<\/dl>\n<dl class=\"gallery-item\">\n<dt class=\"gallery-icon landscape\"><a role=\"link\" href=\"https:\/\/www.uepg.br\/visita-labclimeam\/visita-criancas-estacao-meteorologica-extensao-geografia-aline-jasper_35\/\"><img loading=\"lazy\" class=\"attachment-full size-full lazyloaded\" src=\"https:\/\/www.uepg.br\/wp-content\/uploads\/2023\/07\/visita-criancas-estacao-meteorologica-extensao-geografia-Aline-Jasper_35-scaled.jpg\" alt=\"\" width=\"1920\" height=\"1280\" data-srcset=\"https:\/\/www.uepg.br\/wp-content\/uploads\/2023\/07\/visita-criancas-estacao-meteorologica-extensao-geografia-Aline-Jasper_35-scaled.jpg 1920w, https:\/\/www.uepg.br\/wp-content\/uploads\/2023\/07\/visita-criancas-estacao-meteorologica-extensao-geografia-Aline-Jasper_35-300x200.jpg 300w, https:\/\/www.uepg.br\/wp-content\/uploads\/2023\/07\/visita-criancas-estacao-meteorologica-extensao-geografia-Aline-Jasper_35-1024x683.jpg 1024w, https:\/\/www.uepg.br\/wp-content\/uploads\/2023\/07\/visita-criancas-estacao-meteorologica-extensao-geografia-Aline-Jasper_35-768x512.jpg 768w, https:\/\/www.uepg.br\/wp-content\/uploads\/2023\/07\/visita-criancas-estacao-meteorologica-extensao-geografia-Aline-Jasper_35-1536x1024.jpg 1536w, https:\/\/www.uepg.br\/wp-content\/uploads\/2023\/07\/visita-criancas-estacao-meteorologica-extensao-geografia-Aline-Jasper_35-2048x1365.jpg 2048w, https:\/\/www.uepg.br\/wp-content\/uploads\/2023\/07\/visita-criancas-estacao-meteorologica-extensao-geografia-Aline-Jasper_35-1232x821.jpg 1232w, https:\/\/www.uepg.br\/wp-content\/uploads\/2023\/07\/visita-criancas-estacao-meteorologica-extensao-geografia-Aline-Jasper_35-1620x1080.jpg 1620w, https:\/\/www.uepg.br\/wp-content\/uploads\/2023\/07\/visita-criancas-estacao-meteorologica-extensao-geografia-Aline-Jasper_35-272x182.jpg 272w\" data-src=\"https:\/\/www.uepg.br\/wp-content\/uploads\/2023\/07\/visita-criancas-estacao-meteorologica-extensao-geografia-Aline-Jasper_35-scaled.jpg\" data-sizes=\"(max-width: 1920px) 100vw, 1920px\" \/><\/a><\/dt>\n<\/dl>\n<dl class=\"gallery-item\">\n<dt class=\"gallery-icon landscape\"><a role=\"link\" href=\"https:\/\/www.uepg.br\/visita-labclimeam\/visita-criancas-estacao-meteorologica-extensao-geografia-aline-jasper_8\/\"><img loading=\"lazy\" class=\"attachment-full size-full lazyloaded\" src=\"https:\/\/www.uepg.br\/wp-content\/uploads\/2023\/07\/visita-criancas-estacao-meteorologica-extensao-geografia-Aline-Jasper_8-scaled.jpg\" alt=\"\" width=\"1920\" height=\"1280\" data-srcset=\"https:\/\/www.uepg.br\/wp-content\/uploads\/2023\/07\/visita-criancas-estacao-meteorologica-extensao-geografia-Aline-Jasper_8-scaled.jpg 1920w, https:\/\/www.uepg.br\/wp-content\/uploads\/2023\/07\/visita-criancas-estacao-meteorologica-extensao-geografia-Aline-Jasper_8-300x200.jpg 300w, https:\/\/www.uepg.br\/wp-content\/uploads\/2023\/07\/visita-criancas-estacao-meteorologica-extensao-geografia-Aline-Jasper_8-1024x683.jpg 1024w, https:\/\/www.uepg.br\/wp-content\/uploads\/2023\/07\/visita-criancas-estacao-meteorologica-extensao-geografia-Aline-Jasper_8-768x512.jpg 768w, https:\/\/www.uepg.br\/wp-content\/uploads\/2023\/07\/visita-criancas-estacao-meteorologica-extensao-geografia-Aline-Jasper_8-1536x1024.jpg 1536w, https:\/\/www.uepg.br\/wp-content\/uploads\/2023\/07\/visita-criancas-estacao-meteorologica-extensao-geografia-Aline-Jasper_8-2048x1365.jpg 2048w, https:\/\/www.uepg.br\/wp-content\/uploads\/2023\/07\/visita-criancas-estacao-meteorologica-extensao-geografia-Aline-Jasper_8-1232x821.jpg 1232w, https:\/\/www.uepg.br\/wp-content\/uploads\/2023\/07\/visita-criancas-estacao-meteorologica-extensao-geografia-Aline-Jasper_8-1620x1080.jpg 1620w, https:\/\/www.uepg.br\/wp-content\/uploads\/2023\/07\/visita-criancas-estacao-meteorologica-extensao-geografia-Aline-Jasper_8-272x182.jpg 272w\" data-src=\"https:\/\/www.uepg.br\/wp-content\/uploads\/2023\/07\/visita-criancas-estacao-meteorologica-extensao-geografia-Aline-Jasper_8-scaled.jpg\" data-sizes=\"(max-width: 1920px) 100vw, 1920px\" \/><\/a><\/dt>\n<\/dl>\n<dl class=\"gallery-item\">\n<dt class=\"gallery-icon landscape\"><a role=\"link\" href=\"https:\/\/www.uepg.br\/visita-labclimeam\/visita-criancas-estacao-meteorologica-extensao-geografia-aline-jasper_48\/\"><img loading=\"lazy\" class=\"attachment-full size-full lazyloaded\" src=\"https:\/\/www.uepg.br\/wp-content\/uploads\/2023\/07\/visita-criancas-estacao-meteorologica-extensao-geografia-Aline-Jasper_48-scaled.jpg\" alt=\"\" width=\"1920\" height=\"1280\" data-srcset=\"https:\/\/www.uepg.br\/wp-content\/uploads\/2023\/07\/visita-criancas-estacao-meteorologica-extensao-geografia-Aline-Jasper_48-scaled.jpg 1920w, https:\/\/www.uepg.br\/wp-content\/uploads\/2023\/07\/visita-criancas-estacao-meteorologica-extensao-geografia-Aline-Jasper_48-300x200.jpg 300w, https:\/\/www.uepg.br\/wp-content\/uploads\/2023\/07\/visita-criancas-estacao-meteorologica-extensao-geografia-Aline-Jasper_48-1024x683.jpg 1024w, https:\/\/www.uepg.br\/wp-content\/uploads\/2023\/07\/visita-criancas-estacao-meteorologica-extensao-geografia-Aline-Jasper_48-768x512.jpg 768w, https:\/\/www.uepg.br\/wp-content\/uploads\/2023\/07\/visita-criancas-estacao-meteorologica-extensao-geografia-Aline-Jasper_48-1536x1024.jpg 1536w, https:\/\/www.uepg.br\/wp-content\/uploads\/2023\/07\/visita-criancas-estacao-meteorologica-extensao-geografia-Aline-Jasper_48-2048x1365.jpg 2048w, https:\/\/www.uepg.br\/wp-content\/uploads\/2023\/07\/visita-criancas-estacao-meteorologica-extensao-geografia-Aline-Jasper_48-1232x821.jpg 1232w, https:\/\/www.uepg.br\/wp-content\/uploads\/2023\/07\/visita-criancas-estacao-meteorologica-extensao-geografia-Aline-Jasper_48-1620x1080.jpg 1620w, https:\/\/www.uepg.br\/wp-content\/uploads\/2023\/07\/visita-criancas-estacao-meteorologica-extensao-geografia-Aline-Jasper_48-272x182.jpg 272w\" data-src=\"https:\/\/www.uepg.br\/wp-content\/uploads\/2023\/07\/visita-criancas-estacao-meteorologica-extensao-geografia-Aline-Jasper_48-scaled.jpg\" data-sizes=\"(max-width: 1920px) 100vw, 1920px\" \/><\/a><\/dt>\n<\/dl>\n<dl class=\"gallery-item\">\n<dt class=\"gallery-icon landscape\"><a role=\"link\" href=\"https:\/\/www.uepg.br\/visita-labclimeam\/visita-criancas-estacao-meteorologica-extensao-geografia-aline-jasper_14\/\"><img loading=\"lazy\" class=\"attachment-full size-full lazyloaded\" src=\"https:\/\/www.uepg.br\/wp-content\/uploads\/2023\/07\/visita-criancas-estacao-meteorologica-extensao-geografia-Aline-Jasper_14-scaled.jpg\" alt=\"\" width=\"1920\" height=\"1280\" data-srcset=\"https:\/\/www.uepg.br\/wp-content\/uploads\/2023\/07\/visita-criancas-estacao-meteorologica-extensao-geografia-Aline-Jasper_14-scaled.jpg 1920w, https:\/\/www.uepg.br\/wp-content\/uploads\/2023\/07\/visita-criancas-estacao-meteorologica-extensao-geografia-Aline-Jasper_14-300x200.jpg 300w, https:\/\/www.uepg.br\/wp-content\/uploads\/2023\/07\/visita-criancas-estacao-meteorologica-extensao-geografia-Aline-Jasper_14-1024x683.jpg 1024w, https:\/\/www.uepg.br\/wp-content\/uploads\/2023\/07\/visita-criancas-estacao-meteorologica-extensao-geografia-Aline-Jasper_14-768x512.jpg 768w, https:\/\/www.uepg.br\/wp-content\/uploads\/2023\/07\/visita-criancas-estacao-meteorologica-extensao-geografia-Aline-Jasper_14-1536x1024.jpg 1536w, https:\/\/www.uepg.br\/wp-content\/uploads\/2023\/07\/visita-criancas-estacao-meteorologica-extensao-geografia-Aline-Jasper_14-2048x1365.jpg 2048w, https:\/\/www.uepg.br\/wp-content\/uploads\/2023\/07\/visita-criancas-estacao-meteorologica-extensao-geografia-Aline-Jasper_14-1232x821.jpg 1232w, https:\/\/www.uepg.br\/wp-content\/uploads\/2023\/07\/visita-criancas-estacao-meteorologica-extensao-geografia-Aline-Jasper_14-1620x1080.jpg 1620w, https:\/\/www.uepg.br\/wp-content\/uploads\/2023\/07\/visita-criancas-estacao-meteorologica-extensao-geografia-Aline-Jasper_14-272x182.jpg 272w\" data-src=\"https:\/\/www.uepg.br\/wp-content\/uploads\/2023\/07\/visita-criancas-estacao-meteorologica-extensao-geografia-Aline-Jasper_14-scaled.jpg\" data-sizes=\"(max-width: 1920px) 100vw, 1920px\" \/><\/a><\/dt>\n<\/dl>\n<dl class=\"gallery-item\">\n<dt class=\"gallery-icon landscape\"><a role=\"link\" href=\"https:\/\/www.uepg.br\/visita-labclimeam\/visita-criancas-estacao-meteorologica-extensao-geografia-aline-jasper_43\/\"><img loading=\"lazy\" class=\"attachment-full size-full lazyloaded\" src=\"https:\/\/www.uepg.br\/wp-content\/uploads\/2023\/07\/visita-criancas-estacao-meteorologica-extensao-geografia-Aline-Jasper_43-scaled.jpg\" alt=\"\" width=\"1920\" height=\"1280\" data-srcset=\"https:\/\/www.uepg.br\/wp-content\/uploads\/2023\/07\/visita-criancas-estacao-meteorologica-extensao-geografia-Aline-Jasper_43-scaled.jpg 1920w, https:\/\/www.uepg.br\/wp-content\/uploads\/2023\/07\/visita-criancas-estacao-meteorologica-extensao-geografia-Aline-Jasper_43-300x200.jpg 300w, https:\/\/www.uepg.br\/wp-content\/uploads\/2023\/07\/visita-criancas-estacao-meteorologica-extensao-geografia-Aline-Jasper_43-1024x683.jpg 1024w, https:\/\/www.uepg.br\/wp-content\/uploads\/2023\/07\/visita-criancas-estacao-meteorologica-extensao-geografia-Aline-Jasper_43-768x512.jpg 768w, https:\/\/www.uepg.br\/wp-content\/uploads\/2023\/07\/visita-criancas-estacao-meteorologica-extensao-geografia-Aline-Jasper_43-1536x1024.jpg 1536w, https:\/\/www.uepg.br\/wp-content\/uploads\/2023\/07\/visita-criancas-estacao-meteorologica-extensao-geografia-Aline-Jasper_43-2048x1365.jpg 2048w, https:\/\/www.uepg.br\/wp-content\/uploads\/2023\/07\/visita-criancas-estacao-meteorologica-extensao-geografia-Aline-Jasper_43-1232x821.jpg 1232w, https:\/\/www.uepg.br\/wp-content\/uploads\/2023\/07\/visita-criancas-estacao-meteorologica-extensao-geografia-Aline-Jasper_43-1620x1080.jpg 1620w, https:\/\/www.uepg.br\/wp-content\/uploads\/2023\/07\/visita-criancas-estacao-meteorologica-extensao-geografia-Aline-Jasper_43-272x182.jpg 272w\" data-src=\"https:\/\/www.uepg.br\/wp-content\/uploads\/2023\/07\/visita-criancas-estacao-meteorologica-extensao-geografia-Aline-Jasper_43-scaled.jpg\" data-sizes=\"(max-width: 1920px) 100vw, 1920px\" \/><\/a><\/dt>\n<\/dl>\n<dl class=\"gallery-item\">\n<dt class=\"gallery-icon landscape\"><a role=\"link\" href=\"https:\/\/www.uepg.br\/visita-labclimeam\/visita-criancas-estacao-meteorologica-extensao-geografia-aline-jasper_22\/\"><img loading=\"lazy\" class=\"attachment-full size-full lazyloaded\" src=\"https:\/\/www.uepg.br\/wp-content\/uploads\/2023\/07\/visita-criancas-estacao-meteorologica-extensao-geografia-Aline-Jasper_22-scaled.jpg\" alt=\"\" width=\"1920\" height=\"1280\" data-srcset=\"https:\/\/www.uepg.br\/wp-content\/uploads\/2023\/07\/visita-criancas-estacao-meteorologica-extensao-geografia-Aline-Jasper_22-scaled.jpg 1920w, https:\/\/www.uepg.br\/wp-content\/uploads\/2023\/07\/visita-criancas-estacao-meteorologica-extensao-geografia-Aline-Jasper_22-300x200.jpg 300w, https:\/\/www.uepg.br\/wp-content\/uploads\/2023\/07\/visita-criancas-estacao-meteorologica-extensao-geografia-Aline-Jasper_22-1024x683.jpg 1024w, https:\/\/www.uepg.br\/wp-content\/uploads\/2023\/07\/visita-criancas-estacao-meteorologica-extensao-geografia-Aline-Jasper_22-768x512.jpg 768w, https:\/\/www.uepg.br\/wp-content\/uploads\/2023\/07\/visita-criancas-estacao-meteorologica-extensao-geografia-Aline-Jasper_22-1536x1024.jpg 1536w, https:\/\/www.uepg.br\/wp-content\/uploads\/2023\/07\/visita-criancas-estacao-meteorologica-extensao-geografia-Aline-Jasper_22-2048x1365.jpg 2048w, https:\/\/www.uepg.br\/wp-content\/uploads\/2023\/07\/visita-criancas-estacao-meteorologica-extensao-geografia-Aline-Jasper_22-1232x821.jpg 1232w, https:\/\/www.uepg.br\/wp-content\/uploads\/2023\/07\/visita-criancas-estacao-meteorologica-extensao-geografia-Aline-Jasper_22-1620x1080.jpg 1620w, https:\/\/www.uepg.br\/wp-content\/uploads\/2023\/07\/visita-criancas-estacao-meteorologica-extensao-geografia-Aline-Jasper_22-272x182.jpg 272w\" data-src=\"https:\/\/www.uepg.br\/wp-content\/uploads\/2023\/07\/visita-criancas-estacao-meteorologica-extensao-geografia-Aline-Jasper_22-scaled.jpg\" data-sizes=\"(max-width: 1920px) 100vw, 1920px\" \/><\/a><\/dt>\n<\/dl>\n<dl class=\"gallery-item\">\n<dt class=\"gallery-icon landscape\"><a role=\"link\" href=\"https:\/\/www.uepg.br\/visita-labclimeam\/visita-criancas-estacao-meteorologica-extensao-geografia-aline-jasper_23\/\"><img loading=\"lazy\" class=\"attachment-full size-full lazyloaded\" src=\"https:\/\/www.uepg.br\/wp-content\/uploads\/2023\/07\/visita-criancas-estacao-meteorologica-extensao-geografia-Aline-Jasper_23-scaled.jpg\" alt=\"\" width=\"1920\" height=\"1280\" data-srcset=\"https:\/\/www.uepg.br\/wp-content\/uploads\/2023\/07\/visita-criancas-estacao-meteorologica-extensao-geografia-Aline-Jasper_23-scaled.jpg 1920w, https:\/\/www.uepg.br\/wp-content\/uploads\/2023\/07\/visita-criancas-estacao-meteorologica-extensao-geografia-Aline-Jasper_23-300x200.jpg 300w, https:\/\/www.uepg.br\/wp-content\/uploads\/2023\/07\/visita-criancas-estacao-meteorologica-extensao-geografia-Aline-Jasper_23-1024x683.jpg 1024w, https:\/\/www.uepg.br\/wp-content\/uploads\/2023\/07\/visita-criancas-estacao-meteorologica-extensao-geografia-Aline-Jasper_23-768x512.jpg 768w, https:\/\/www.uepg.br\/wp-content\/uploads\/2023\/07\/visita-criancas-estacao-meteorologica-extensao-geografia-Aline-Jasper_23-1536x1024.jpg 1536w, https:\/\/www.uepg.br\/wp-content\/uploads\/2023\/07\/visita-criancas-estacao-meteorologica-extensao-geografia-Aline-Jasper_23-2048x1365.jpg 2048w, https:\/\/www.uepg.br\/wp-content\/uploads\/2023\/07\/visita-criancas-estacao-meteorologica-extensao-geografia-Aline-Jasper_23-1232x821.jpg 1232w, https:\/\/www.uepg.br\/wp-content\/uploads\/2023\/07\/visita-criancas-estacao-meteorologica-extensao-geografia-Aline-Jasper_23-1620x1080.jpg 1620w, https:\/\/www.uepg.br\/wp-content\/uploads\/2023\/07\/visita-criancas-estacao-meteorologica-extensao-geografia-Aline-Jasper_23-272x182.jpg 272w\" data-src=\"https:\/\/www.uepg.br\/wp-content\/uploads\/2023\/07\/visita-criancas-estacao-meteorologica-extensao-geografia-Aline-Jasper_23-scaled.jpg\" data-sizes=\"(max-width: 1920px) 100vw, 1920px\" \/><\/a><\/dt>\n<\/dl>\n<dl class=\"gallery-item\">\n<dt class=\"gallery-icon landscape\"><a role=\"link\" href=\"https:\/\/www.uepg.br\/visita-labclimeam\/visita-criancas-estacao-meteorologica-extensao-geografia-aline-jasper_34\/\"><img loading=\"lazy\" class=\"attachment-full size-full lazyloaded\" src=\"https:\/\/www.uepg.br\/wp-content\/uploads\/2023\/07\/visita-criancas-estacao-meteorologica-extensao-geografia-Aline-Jasper_34-scaled.jpg\" alt=\"\" width=\"1920\" height=\"1280\" data-srcset=\"https:\/\/www.uepg.br\/wp-content\/uploads\/2023\/07\/visita-criancas-estacao-meteorologica-extensao-geografia-Aline-Jasper_34-scaled.jpg 1920w, https:\/\/www.uepg.br\/wp-content\/uploads\/2023\/07\/visita-criancas-estacao-meteorologica-extensao-geografia-Aline-Jasper_34-300x200.jpg 300w, https:\/\/www.uepg.br\/wp-content\/uploads\/2023\/07\/visita-criancas-estacao-meteorologica-extensao-geografia-Aline-Jasper_34-1024x683.jpg 1024w, https:\/\/www.uepg.br\/wp-content\/uploads\/2023\/07\/visita-criancas-estacao-meteorologica-extensao-geografia-Aline-Jasper_34-768x512.jpg 768w, https:\/\/www.uepg.br\/wp-content\/uploads\/2023\/07\/visita-criancas-estacao-meteorologica-extensao-geografia-Aline-Jasper_34-1536x1024.jpg 1536w, https:\/\/www.uepg.br\/wp-content\/uploads\/2023\/07\/visita-criancas-estacao-meteorologica-extensao-geografia-Aline-Jasper_34-2048x1365.jpg 2048w, https:\/\/www.uepg.br\/wp-content\/uploads\/2023\/07\/visita-criancas-estacao-meteorologica-extensao-geografia-Aline-Jasper_34-1232x821.jpg 1232w, https:\/\/www.uepg.br\/wp-content\/uploads\/2023\/07\/visita-criancas-estacao-meteorologica-extensao-geografia-Aline-Jasper_34-1620x1080.jpg 1620w, https:\/\/www.uepg.br\/wp-content\/uploads\/2023\/07\/visita-criancas-estacao-meteorologica-extensao-geografia-Aline-Jasper_34-272x182.jpg 272w\" data-src=\"https:\/\/www.uepg.br\/wp-content\/uploads\/2023\/07\/visita-criancas-estacao-meteorologica-extensao-geografia-Aline-Jasper_34-scaled.jpg\" data-sizes=\"(max-width: 1920px) 100vw, 1920px\" \/><\/a><\/dt>\n<\/dl>\n<dl class=\"gallery-item\">\n<dt class=\"gallery-icon landscape\"><a role=\"link\" href=\"https:\/\/www.uepg.br\/visita-labclimeam\/visita-criancas-estacao-meteorologica-extensao-geografia-aline-jasper_15\/\"><img loading=\"lazy\" class=\"attachment-full size-full lazyloaded\" src=\"https:\/\/www.uepg.br\/wp-content\/uploads\/2023\/07\/visita-criancas-estacao-meteorologica-extensao-geografia-Aline-Jasper_15-scaled.jpg\" alt=\"\" width=\"1920\" height=\"1280\" data-srcset=\"https:\/\/www.uepg.br\/wp-content\/uploads\/2023\/07\/visita-criancas-estacao-meteorologica-extensao-geografia-Aline-Jasper_15-scaled.jpg 1920w, https:\/\/www.uepg.br\/wp-content\/uploads\/2023\/07\/visita-criancas-estacao-meteorologica-extensao-geografia-Aline-Jasper_15-300x200.jpg 300w, https:\/\/www.uepg.br\/wp-content\/uploads\/2023\/07\/visita-criancas-estacao-meteorologica-extensao-geografia-Aline-Jasper_15-1024x683.jpg 1024w, https:\/\/www.uepg.br\/wp-content\/uploads\/2023\/07\/visita-criancas-estacao-meteorologica-extensao-geografia-Aline-Jasper_15-768x512.jpg 768w, https:\/\/www.uepg.br\/wp-content\/uploads\/2023\/07\/visita-criancas-estacao-meteorologica-extensao-geografia-Aline-Jasper_15-1536x1024.jpg 1536w, https:\/\/www.uepg.br\/wp-content\/uploads\/2023\/07\/visita-criancas-estacao-meteorologica-extensao-geografia-Aline-Jasper_15-2048x1365.jpg 2048w, https:\/\/www.uepg.br\/wp-content\/uploads\/2023\/07\/visita-criancas-estacao-meteorologica-extensao-geografia-Aline-Jasper_15-1232x821.jpg 1232w, https:\/\/www.uepg.br\/wp-content\/uploads\/2023\/07\/visita-criancas-estacao-meteorologica-extensao-geografia-Aline-Jasper_15-1620x1080.jpg 1620w, https:\/\/www.uepg.br\/wp-content\/uploads\/2023\/07\/visita-criancas-estacao-meteorologica-extensao-geografia-Aline-Jasper_15-272x182.jpg 272w\" data-src=\"https:\/\/www.uepg.br\/wp-content\/uploads\/2023\/07\/visita-criancas-estacao-meteorologica-extensao-geografia-Aline-Jasper_15-scaled.jpg\" data-sizes=\"(max-width: 1920px) 100vw, 1920px\" \/><\/a><\/dt>\n<\/dl>\n<dl class=\"gallery-item\">\n<dt class=\"gallery-icon landscape\"><a role=\"link\" href=\"https:\/\/www.uepg.br\/visita-labclimeam\/visita-criancas-estacao-meteorologica-extensao-geografia-aline-jasper_13\/\"><img loading=\"lazy\" class=\"attachment-full size-full lazyloaded\" src=\"https:\/\/www.uepg.br\/wp-content\/uploads\/2023\/07\/visita-criancas-estacao-meteorologica-extensao-geografia-Aline-Jasper_13-scaled.jpg\" alt=\"\" width=\"1920\" height=\"1280\" data-srcset=\"https:\/\/www.uepg.br\/wp-content\/uploads\/2023\/07\/visita-criancas-estacao-meteorologica-extensao-geografia-Aline-Jasper_13-scaled.jpg 1920w, https:\/\/www.uepg.br\/wp-content\/uploads\/2023\/07\/visita-criancas-estacao-meteorologica-extensao-geografia-Aline-Jasper_13-300x200.jpg 300w, https:\/\/www.uepg.br\/wp-content\/uploads\/2023\/07\/visita-criancas-estacao-meteorologica-extensao-geografia-Aline-Jasper_13-1024x683.jpg 1024w, https:\/\/www.uepg.br\/wp-content\/uploads\/2023\/07\/visita-criancas-estacao-meteorologica-extensao-geografia-Aline-Jasper_13-768x512.jpg 768w, https:\/\/www.uepg.br\/wp-content\/uploads\/2023\/07\/visita-criancas-estacao-meteorologica-extensao-geografia-Aline-Jasper_13-1536x1024.jpg 1536w, https:\/\/www.uepg.br\/wp-content\/uploads\/2023\/07\/visita-criancas-estacao-meteorologica-extensao-geografia-Aline-Jasper_13-2048x1365.jpg 2048w, https:\/\/www.uepg.br\/wp-content\/uploads\/2023\/07\/visita-criancas-estacao-meteorologica-extensao-geografia-Aline-Jasper_13-1232x821.jpg 1232w, https:\/\/www.uepg.br\/wp-content\/uploads\/2023\/07\/visita-criancas-estacao-meteorologica-extensao-geografia-Aline-Jasper_13-1620x1080.jpg 1620w, https:\/\/www.uepg.br\/wp-content\/uploads\/2023\/07\/visita-criancas-estacao-meteorologica-extensao-geografia-Aline-Jasper_13-272x182.jpg 272w\" data-src=\"https:\/\/www.uepg.br\/wp-content\/uploads\/2023\/07\/visita-criancas-estacao-meteorologica-extensao-geografia-Aline-Jasper_13-scaled.jpg\" data-sizes=\"(max-width: 1920px) 100vw, 1920px\" \/><\/a><\/dt>\n<\/dl>\n<dl class=\"gallery-item\">\n<dt class=\"gallery-icon landscape\"><a role=\"link\" href=\"https:\/\/www.uepg.br\/visita-labclimeam\/visita-criancas-estacao-meteorologica-extensao-geografia-aline-jasper_17\/\"><img loading=\"lazy\" class=\"attachment-full size-full lazyloaded\" src=\"https:\/\/www.uepg.br\/wp-content\/uploads\/2023\/07\/visita-criancas-estacao-meteorologica-extensao-geografia-Aline-Jasper_17-scaled.jpg\" alt=\"\" width=\"1920\" height=\"1280\" data-srcset=\"https:\/\/www.uepg.br\/wp-content\/uploads\/2023\/07\/visita-criancas-estacao-meteorologica-extensao-geografia-Aline-Jasper_17-scaled.jpg 1920w, https:\/\/www.uepg.br\/wp-content\/uploads\/2023\/07\/visita-criancas-estacao-meteorologica-extensao-geografia-Aline-Jasper_17-300x200.jpg 300w, https:\/\/www.uepg.br\/wp-content\/uploads\/2023\/07\/visita-criancas-estacao-meteorologica-extensao-geografia-Aline-Jasper_17-1024x683.jpg 1024w, https:\/\/www.uepg.br\/wp-content\/uploads\/2023\/07\/visita-criancas-estacao-meteorologica-extensao-geografia-Aline-Jasper_17-768x512.jpg 768w, https:\/\/www.uepg.br\/wp-content\/uploads\/2023\/07\/visita-criancas-estacao-meteorologica-extensao-geografia-Aline-Jasper_17-1536x1024.jpg 1536w, https:\/\/www.uepg.br\/wp-content\/uploads\/2023\/07\/visita-criancas-estacao-meteorologica-extensao-geografia-Aline-Jasper_17-2048x1365.jpg 2048w, https:\/\/www.uepg.br\/wp-content\/uploads\/2023\/07\/visita-criancas-estacao-meteorologica-extensao-geografia-Aline-Jasper_17-1232x821.jpg 1232w, https:\/\/www.uepg.br\/wp-content\/uploads\/2023\/07\/visita-criancas-estacao-meteorologica-extensao-geografia-Aline-Jasper_17-1620x1080.jpg 1620w, https:\/\/www.uepg.br\/wp-content\/uploads\/2023\/07\/visita-criancas-estacao-meteorologica-extensao-geografia-Aline-Jasper_17-272x182.jpg 272w\" data-src=\"https:\/\/www.uepg.br\/wp-content\/uploads\/2023\/07\/visita-criancas-estacao-meteorologica-extensao-geografia-Aline-Jasper_17-scaled.jpg\" data-sizes=\"(max-width: 1920px) 100vw, 1920px\" \/><\/a><\/dt>\n<\/dl>\n<dl class=\"gallery-item\">\n<dt class=\"gallery-icon landscape\"><a role=\"link\" href=\"https:\/\/www.uepg.br\/visita-labclimeam\/visita-criancas-estacao-meteorologica-extensao-geografia-aline-jasper_10\/\"><img loading=\"lazy\" class=\"attachment-full size-full lazyloaded\" src=\"https:\/\/www.uepg.br\/wp-content\/uploads\/2023\/07\/visita-criancas-estacao-meteorologica-extensao-geografia-Aline-Jasper_10-scaled.jpg\" alt=\"\" width=\"1920\" height=\"1280\" data-srcset=\"https:\/\/www.uepg.br\/wp-content\/uploads\/2023\/07\/visita-criancas-estacao-meteorologica-extensao-geografia-Aline-Jasper_10-scaled.jpg 1920w, https:\/\/www.uepg.br\/wp-content\/uploads\/2023\/07\/visita-criancas-estacao-meteorologica-extensao-geografia-Aline-Jasper_10-300x200.jpg 300w, https:\/\/www.uepg.br\/wp-content\/uploads\/2023\/07\/visita-criancas-estacao-meteorologica-extensao-geografia-Aline-Jasper_10-1024x683.jpg 1024w, https:\/\/www.uepg.br\/wp-content\/uploads\/2023\/07\/visita-criancas-estacao-meteorologica-extensao-geografia-Aline-Jasper_10-768x512.jpg 768w, https:\/\/www.uepg.br\/wp-content\/uploads\/2023\/07\/visita-criancas-estacao-meteorologica-extensao-geografia-Aline-Jasper_10-1536x1024.jpg 1536w, https:\/\/www.uepg.br\/wp-content\/uploads\/2023\/07\/visita-criancas-estacao-meteorologica-extensao-geografia-Aline-Jasper_10-2048x1365.jpg 2048w, https:\/\/www.uepg.br\/wp-content\/uploads\/2023\/07\/visita-criancas-estacao-meteorologica-extensao-geografia-Aline-Jasper_10-1232x821.jpg 1232w, https:\/\/www.uepg.br\/wp-content\/uploads\/2023\/07\/visita-criancas-estacao-meteorologica-extensao-geografia-Aline-Jasper_10-1620x1080.jpg 1620w, https:\/\/www.uepg.br\/wp-content\/uploads\/2023\/07\/visita-criancas-estacao-meteorologica-extensao-geografia-Aline-Jasper_10-272x182.jpg 272w\" data-src=\"https:\/\/www.uepg.br\/wp-content\/uploads\/2023\/07\/visita-criancas-estacao-meteorologica-extensao-geografia-Aline-Jasper_10-scaled.jpg\" data-sizes=\"(max-width: 1920px) 100vw, 1920px\" \/><\/a><\/dt>\n<\/dl>\n<dl class=\"gallery-item\">\n<dt class=\"gallery-icon landscape\"><a role=\"link\" href=\"https:\/\/www.uepg.br\/visita-labclimeam\/visita-criancas-estacao-meteorologica-extensao-geografia-aline-jasper_11\/\"><img loading=\"lazy\" class=\"attachment-full size-full lazyloaded\" src=\"https:\/\/www.uepg.br\/wp-content\/uploads\/2023\/07\/visita-criancas-estacao-meteorologica-extensao-geografia-Aline-Jasper_11-scaled.jpg\" alt=\"\" width=\"1920\" height=\"1280\" data-srcset=\"https:\/\/www.uepg.br\/wp-content\/uploads\/2023\/07\/visita-criancas-estacao-meteorologica-extensao-geografia-Aline-Jasper_11-scaled.jpg 1920w, https:\/\/www.uepg.br\/wp-content\/uploads\/2023\/07\/visita-criancas-estacao-meteorologica-extensao-geografia-Aline-Jasper_11-300x200.jpg 300w, https:\/\/www.uepg.br\/wp-content\/uploads\/2023\/07\/visita-criancas-estacao-meteorologica-extensao-geografia-Aline-Jasper_11-1024x683.jpg 1024w, https:\/\/www.uepg.br\/wp-content\/uploads\/2023\/07\/visita-criancas-estacao-meteorologica-extensao-geografia-Aline-Jasper_11-768x512.jpg 768w, https:\/\/www.uepg.br\/wp-content\/uploads\/2023\/07\/visita-criancas-estacao-meteorologica-extensao-geografia-Aline-Jasper_11-1536x1024.jpg 1536w, https:\/\/www.uepg.br\/wp-content\/uploads\/2023\/07\/visita-criancas-estacao-meteorologica-extensao-geografia-Aline-Jasper_11-2048x1365.jpg 2048w, https:\/\/www.uepg.br\/wp-content\/uploads\/2023\/07\/visita-criancas-estacao-meteorologica-extensao-geografia-Aline-Jasper_11-1232x821.jpg 1232w, https:\/\/www.uepg.br\/wp-content\/uploads\/2023\/07\/visita-criancas-estacao-meteorologica-extensao-geografia-Aline-Jasper_11-1620x1080.jpg 1620w, https:\/\/www.uepg.br\/wp-content\/uploads\/2023\/07\/visita-criancas-estacao-meteorologica-extensao-geografia-Aline-Jasper_11-272x182.jpg 272w\" data-src=\"https:\/\/www.uepg.br\/wp-content\/uploads\/2023\/07\/visita-criancas-estacao-meteorologica-extensao-geografia-Aline-Jasper_11-scaled.jpg\" data-sizes=\"(max-width: 1920px) 100vw, 1920px\" \/><\/a><\/dt>\n<\/dl>\n<dl class=\"gallery-item\">\n<dt class=\"gallery-icon landscape\"><a role=\"link\" href=\"https:\/\/www.uepg.br\/visita-labclimeam\/visita-criancas-estacao-meteorologica-extensao-geografia-aline-jasper_31\/\"><img loading=\"lazy\" class=\"attachment-full size-full lazyloaded\" src=\"https:\/\/www.uepg.br\/wp-content\/uploads\/2023\/07\/visita-criancas-estacao-meteorologica-extensao-geografia-Aline-Jasper_31-scaled.jpg\" alt=\"\" width=\"1920\" height=\"1280\" data-srcset=\"https:\/\/www.uepg.br\/wp-content\/uploads\/2023\/07\/visita-criancas-estacao-meteorologica-extensao-geografia-Aline-Jasper_31-scaled.jpg 1920w, https:\/\/www.uepg.br\/wp-content\/uploads\/2023\/07\/visita-criancas-estacao-meteorologica-extensao-geografia-Aline-Jasper_31-300x200.jpg 300w, https:\/\/www.uepg.br\/wp-content\/uploads\/2023\/07\/visita-criancas-estacao-meteorologica-extensao-geografia-Aline-Jasper_31-1024x683.jpg 1024w, https:\/\/www.uepg.br\/wp-content\/uploads\/2023\/07\/visita-criancas-estacao-meteorologica-extensao-geografia-Aline-Jasper_31-768x512.jpg 768w, https:\/\/www.uepg.br\/wp-content\/uploads\/2023\/07\/visita-criancas-estacao-meteorologica-extensao-geografia-Aline-Jasper_31-1536x1024.jpg 1536w, https:\/\/www.uepg.br\/wp-content\/uploads\/2023\/07\/visita-criancas-estacao-meteorologica-extensao-geografia-Aline-Jasper_31-2048x1365.jpg 2048w, https:\/\/www.uepg.br\/wp-content\/uploads\/2023\/07\/visita-criancas-estacao-meteorologica-extensao-geografia-Aline-Jasper_31-1232x821.jpg 1232w, https:\/\/www.uepg.br\/wp-content\/uploads\/2023\/07\/visita-criancas-estacao-meteorologica-extensao-geografia-Aline-Jasper_31-1620x1080.jpg 1620w, https:\/\/www.uepg.br\/wp-content\/uploads\/2023\/07\/visita-criancas-estacao-meteorologica-extensao-geografia-Aline-Jasper_31-272x182.jpg 272w\" data-src=\"https:\/\/www.uepg.br\/wp-content\/uploads\/2023\/07\/visita-criancas-estacao-meteorologica-extensao-geografia-Aline-Jasper_31-scaled.jpg\" data-sizes=\"(max-width: 1920px) 100vw, 1920px\" \/><\/a><\/dt>\n<\/dl>\n<dl class=\"gallery-item\">\n<dt class=\"gallery-icon landscape\"><a role=\"link\" href=\"https:\/\/www.uepg.br\/visita-labclimeam\/visita-criancas-estacao-meteorologica-extensao-geografia-aline-jasper_37\/\"><img loading=\"lazy\" class=\"attachment-full size-full lazyloaded\" src=\"https:\/\/www.uepg.br\/wp-content\/uploads\/2023\/07\/visita-criancas-estacao-meteorologica-extensao-geografia-Aline-Jasper_37-scaled.jpg\" alt=\"\" width=\"1920\" height=\"1280\" data-srcset=\"https:\/\/www.uepg.br\/wp-content\/uploads\/2023\/07\/visita-criancas-estacao-meteorologica-extensao-geografia-Aline-Jasper_37-scaled.jpg 1920w, https:\/\/www.uepg.br\/wp-content\/uploads\/2023\/07\/visita-criancas-estacao-meteorologica-extensao-geografia-Aline-Jasper_37-300x200.jpg 300w, https:\/\/www.uepg.br\/wp-content\/uploads\/2023\/07\/visita-criancas-estacao-meteorologica-extensao-geografia-Aline-Jasper_37-1024x683.jpg 1024w, https:\/\/www.uepg.br\/wp-content\/uploads\/2023\/07\/visita-criancas-estacao-meteorologica-extensao-geografia-Aline-Jasper_37-768x512.jpg 768w, https:\/\/www.uepg.br\/wp-content\/uploads\/2023\/07\/visita-criancas-estacao-meteorologica-extensao-geografia-Aline-Jasper_37-1536x1024.jpg 1536w, https:\/\/www.uepg.br\/wp-content\/uploads\/2023\/07\/visita-criancas-estacao-meteorologica-extensao-geografia-Aline-Jasper_37-2048x1365.jpg 2048w, https:\/\/www.uepg.br\/wp-content\/uploads\/2023\/07\/visita-criancas-estacao-meteorologica-extensao-geografia-Aline-Jasper_37-1232x821.jpg 1232w, https:\/\/www.uepg.br\/wp-content\/uploads\/2023\/07\/visita-criancas-estacao-meteorologica-extensao-geografia-Aline-Jasper_37-1620x1080.jpg 1620w, https:\/\/www.uepg.br\/wp-content\/uploads\/2023\/07\/visita-criancas-estacao-meteorologica-extensao-geografia-Aline-Jasper_37-272x182.jpg 272w\" data-src=\"https:\/\/www.uepg.br\/wp-content\/uploads\/2023\/07\/visita-criancas-estacao-meteorologica-extensao-geografia-Aline-Jasper_37-scaled.jpg\" data-sizes=\"(max-width: 1920px) 100vw, 1920px\" \/><\/a><\/dt>\n<\/dl>\n<dl class=\"gallery-item\">\n<dt class=\"gallery-icon landscape\"><a role=\"link\" href=\"https:\/\/www.uepg.br\/visita-labclimeam\/visita-criancas-estacao-meteorologica-extensao-geografia-aline-jasper_7\/\"><img loading=\"lazy\" class=\"attachment-full size-full lazyloaded\" src=\"https:\/\/www.uepg.br\/wp-content\/uploads\/2023\/07\/visita-criancas-estacao-meteorologica-extensao-geografia-Aline-Jasper_7-scaled.jpg\" alt=\"\" width=\"1920\" height=\"1280\" data-srcset=\"https:\/\/www.uepg.br\/wp-content\/uploads\/2023\/07\/visita-criancas-estacao-meteorologica-extensao-geografia-Aline-Jasper_7-scaled.jpg 1920w, https:\/\/www.uepg.br\/wp-content\/uploads\/2023\/07\/visita-criancas-estacao-meteorologica-extensao-geografia-Aline-Jasper_7-300x200.jpg 300w, https:\/\/www.uepg.br\/wp-content\/uploads\/2023\/07\/visita-criancas-estacao-meteorologica-extensao-geografia-Aline-Jasper_7-1024x683.jpg 1024w, https:\/\/www.uepg.br\/wp-content\/uploads\/2023\/07\/visita-criancas-estacao-meteorologica-extensao-geografia-Aline-Jasper_7-768x512.jpg 768w, https:\/\/www.uepg.br\/wp-content\/uploads\/2023\/07\/visita-criancas-estacao-meteorologica-extensao-geografia-Aline-Jasper_7-1536x1024.jpg 1536w, https:\/\/www.uepg.br\/wp-content\/uploads\/2023\/07\/visita-criancas-estacao-meteorologica-extensao-geografia-Aline-Jasper_7-2048x1365.jpg 2048w, https:\/\/www.uepg.br\/wp-content\/uploads\/2023\/07\/visita-criancas-estacao-meteorologica-extensao-geografia-Aline-Jasper_7-1232x821.jpg 1232w, https:\/\/www.uepg.br\/wp-content\/uploads\/2023\/07\/visita-criancas-estacao-meteorologica-extensao-geografia-Aline-Jasper_7-1620x1080.jpg 1620w, https:\/\/www.uepg.br\/wp-content\/uploads\/2023\/07\/visita-criancas-estacao-meteorologica-extensao-geografia-Aline-Jasper_7-272x182.jpg 272w\" data-src=\"https:\/\/www.uepg.br\/wp-content\/uploads\/2023\/07\/visita-criancas-estacao-meteorologica-extensao-geografia-Aline-Jasper_7-scaled.jpg\" data-sizes=\"(max-width: 1920px) 100vw, 1920px\" \/><\/a><\/dt>\n<\/dl>\n<dl class=\"gallery-item\">\n<dt class=\"gallery-icon landscape\"><a role=\"link\" href=\"https:\/\/www.uepg.br\/visita-labclimeam\/visita-criancas-estacao-meteorologica-extensao-geografia-aline-jasper_21\/\"><img loading=\"lazy\" class=\"attachment-full size-full lazyloaded\" src=\"https:\/\/www.uepg.br\/wp-content\/uploads\/2023\/07\/visita-criancas-estacao-meteorologica-extensao-geografia-Aline-Jasper_21-scaled.jpg\" alt=\"\" width=\"1920\" height=\"1280\" data-srcset=\"https:\/\/www.uepg.br\/wp-content\/uploads\/2023\/07\/visita-criancas-estacao-meteorologica-extensao-geografia-Aline-Jasper_21-scaled.jpg 1920w, https:\/\/www.uepg.br\/wp-content\/uploads\/2023\/07\/visita-criancas-estacao-meteorologica-extensao-geografia-Aline-Jasper_21-300x200.jpg 300w, https:\/\/www.uepg.br\/wp-content\/uploads\/2023\/07\/visita-criancas-estacao-meteorologica-extensao-geografia-Aline-Jasper_21-1024x683.jpg 1024w, https:\/\/www.uepg.br\/wp-content\/uploads\/2023\/07\/visita-criancas-estacao-meteorologica-extensao-geografia-Aline-Jasper_21-768x512.jpg 768w, https:\/\/www.uepg.br\/wp-content\/uploads\/2023\/07\/visita-criancas-estacao-meteorologica-extensao-geografia-Aline-Jasper_21-1536x1024.jpg 1536w, https:\/\/www.uepg.br\/wp-content\/uploads\/2023\/07\/visita-criancas-estacao-meteorologica-extensao-geografia-Aline-Jasper_21-2048x1365.jpg 2048w, https:\/\/www.uepg.br\/wp-content\/uploads\/2023\/07\/visita-criancas-estacao-meteorologica-extensao-geografia-Aline-Jasper_21-1232x821.jpg 1232w, https:\/\/www.uepg.br\/wp-content\/uploads\/2023\/07\/visita-criancas-estacao-meteorologica-extensao-geografia-Aline-Jasper_21-1620x1080.jpg 1620w, https:\/\/www.uepg.br\/wp-content\/uploads\/2023\/07\/visita-criancas-estacao-meteorologica-extensao-geografia-Aline-Jasper_21-272x182.jpg 272w\" data-src=\"https:\/\/www.uepg.br\/wp-content\/uploads\/2023\/07\/visita-criancas-estacao-meteorologica-extensao-geografia-Aline-Jasper_21-scaled.jpg\" data-sizes=\"(max-width: 1920px) 100vw, 1920px\" \/><\/a><\/dt>\n<\/dl>\n<dl class=\"gallery-item\">\n<dt class=\"gallery-icon landscape\"><a role=\"link\" href=\"https:\/\/www.uepg.br\/visita-labclimeam\/visita-criancas-estacao-meteorologica-extensao-geografia-aline-jasper_40\/\"><img loading=\"lazy\" class=\"attachment-full size-full lazyloaded\" src=\"https:\/\/www.uepg.br\/wp-content\/uploads\/2023\/07\/visita-criancas-estacao-meteorologica-extensao-geografia-Aline-Jasper_40-scaled.jpg\" alt=\"\" width=\"1920\" height=\"1280\" data-srcset=\"https:\/\/www.uepg.br\/wp-content\/uploads\/2023\/07\/visita-criancas-estacao-meteorologica-extensao-geografia-Aline-Jasper_40-scaled.jpg 1920w, https:\/\/www.uepg.br\/wp-content\/uploads\/2023\/07\/visita-criancas-estacao-meteorologica-extensao-geografia-Aline-Jasper_40-300x200.jpg 300w, https:\/\/www.uepg.br\/wp-content\/uploads\/2023\/07\/visita-criancas-estacao-meteorologica-extensao-geografia-Aline-Jasper_40-1024x683.jpg 1024w, https:\/\/www.uepg.br\/wp-content\/uploads\/2023\/07\/visita-criancas-estacao-meteorologica-extensao-geografia-Aline-Jasper_40-768x512.jpg 768w, https:\/\/www.uepg.br\/wp-content\/uploads\/2023\/07\/visita-criancas-estacao-meteorologica-extensao-geografia-Aline-Jasper_40-1536x1024.jpg 1536w, https:\/\/www.uepg.br\/wp-content\/uploads\/2023\/07\/visita-criancas-estacao-meteorologica-extensao-geografia-Aline-Jasper_40-2048x1365.jpg 2048w, https:\/\/www.uepg.br\/wp-content\/uploads\/2023\/07\/visita-criancas-estacao-meteorologica-extensao-geografia-Aline-Jasper_40-1232x821.jpg 1232w, https:\/\/www.uepg.br\/wp-content\/uploads\/2023\/07\/visita-criancas-estacao-meteorologica-extensao-geografia-Aline-Jasper_40-1620x1080.jpg 1620w, https:\/\/www.uepg.br\/wp-content\/uploads\/2023\/07\/visita-criancas-estacao-meteorologica-extensao-geografia-Aline-Jasper_40-272x182.jpg 272w\" data-src=\"https:\/\/www.uepg.br\/wp-content\/uploads\/2023\/07\/visita-criancas-estacao-meteorologica-extensao-geografia-Aline-Jasper_40-scaled.jpg\" data-sizes=\"(max-width: 1920px) 100vw, 1920px\" \/><\/a><\/dt>\n<\/dl>\n<dl class=\"gallery-item\">\n<dt class=\"gallery-icon landscape\"><a role=\"link\" href=\"https:\/\/www.uepg.br\/visita-labclimeam\/visita-criancas-estacao-meteorologica-extensao-geografia-aline-jasper_36\/\"><img loading=\"lazy\" class=\"attachment-full size-full lazyloaded\" src=\"https:\/\/www.uepg.br\/wp-content\/uploads\/2023\/07\/visita-criancas-estacao-meteorologica-extensao-geografia-Aline-Jasper_36-scaled.jpg\" alt=\"\" width=\"1920\" height=\"1280\" data-srcset=\"https:\/\/www.uepg.br\/wp-content\/uploads\/2023\/07\/visita-criancas-estacao-meteorologica-extensao-geografia-Aline-Jasper_36-scaled.jpg 1920w, https:\/\/www.uepg.br\/wp-content\/uploads\/2023\/07\/visita-criancas-estacao-meteorologica-extensao-geografia-Aline-Jasper_36-300x200.jpg 300w, https:\/\/www.uepg.br\/wp-content\/uploads\/2023\/07\/visita-criancas-estacao-meteorologica-extensao-geografia-Aline-Jasper_36-1024x683.jpg 1024w, https:\/\/www.uepg.br\/wp-content\/uploads\/2023\/07\/visita-criancas-estacao-meteorologica-extensao-geografia-Aline-Jasper_36-768x512.jpg 768w, https:\/\/www.uepg.br\/wp-content\/uploads\/2023\/07\/visita-criancas-estacao-meteorologica-extensao-geografia-Aline-Jasper_36-1536x1024.jpg 1536w, https:\/\/www.uepg.br\/wp-content\/uploads\/2023\/07\/visita-criancas-estacao-meteorologica-extensao-geografia-Aline-Jasper_36-2048x1365.jpg 2048w, https:\/\/www.uepg.br\/wp-content\/uploads\/2023\/07\/visita-criancas-estacao-meteorologica-extensao-geografia-Aline-Jasper_36-1232x821.jpg 1232w, https:\/\/www.uepg.br\/wp-content\/uploads\/2023\/07\/visita-criancas-estacao-meteorologica-extensao-geografia-Aline-Jasper_36-1620x1080.jpg 1620w, https:\/\/www.uepg.br\/wp-content\/uploads\/2023\/07\/visita-criancas-estacao-meteorologica-extensao-geografia-Aline-Jasper_36-272x182.jpg 272w\" data-src=\"https:\/\/www.uepg.br\/wp-content\/uploads\/2023\/07\/visita-criancas-estacao-meteorologica-extensao-geografia-Aline-Jasper_36-scaled.jpg\" data-sizes=\"(max-width: 1920px) 100vw, 1920px\" \/><\/a><\/dt>\n<\/dl>\n<dl class=\"gallery-item\">\n<dt class=\"gallery-icon landscape\"><a role=\"link\" href=\"https:\/\/www.uepg.br\/visita-labclimeam\/visita-criancas-estacao-meteorologica-extensao-geografia-aline-jasper_28\/\"><img loading=\"lazy\" class=\"attachment-full size-full lazyloaded\" src=\"https:\/\/www.uepg.br\/wp-content\/uploads\/2023\/07\/visita-criancas-estacao-meteorologica-extensao-geografia-Aline-Jasper_28-scaled.jpg\" alt=\"\" width=\"1920\" height=\"1280\" data-srcset=\"https:\/\/www.uepg.br\/wp-content\/uploads\/2023\/07\/visita-criancas-estacao-meteorologica-extensao-geografia-Aline-Jasper_28-scaled.jpg 1920w, https:\/\/www.uepg.br\/wp-content\/uploads\/2023\/07\/visita-criancas-estacao-meteorologica-extensao-geografia-Aline-Jasper_28-300x200.jpg 300w, https:\/\/www.uepg.br\/wp-content\/uploads\/2023\/07\/visita-criancas-estacao-meteorologica-extensao-geografia-Aline-Jasper_28-1024x683.jpg 1024w, https:\/\/www.uepg.br\/wp-content\/uploads\/2023\/07\/visita-criancas-estacao-meteorologica-extensao-geografia-Aline-Jasper_28-768x512.jpg 768w, https:\/\/www.uepg.br\/wp-content\/uploads\/2023\/07\/visita-criancas-estacao-meteorologica-extensao-geografia-Aline-Jasper_28-1536x1024.jpg 1536w, https:\/\/www.uepg.br\/wp-content\/uploads\/2023\/07\/visita-criancas-estacao-meteorologica-extensao-geografia-Aline-Jasper_28-2048x1365.jpg 2048w, https:\/\/www.uepg.br\/wp-content\/uploads\/2023\/07\/visita-criancas-estacao-meteorologica-extensao-geografia-Aline-Jasper_28-1232x821.jpg 1232w, https:\/\/www.uepg.br\/wp-content\/uploads\/2023\/07\/visita-criancas-estacao-meteorologica-extensao-geografia-Aline-Jasper_28-1620x1080.jpg 1620w, https:\/\/www.uepg.br\/wp-content\/uploads\/2023\/07\/visita-criancas-estacao-meteorologica-extensao-geografia-Aline-Jasper_28-272x182.jpg 272w\" data-src=\"https:\/\/www.uepg.br\/wp-content\/uploads\/2023\/07\/visita-criancas-estacao-meteorologica-extensao-geografia-Aline-Jasper_28-scaled.jpg\" data-sizes=\"(max-width: 1920px) 100vw, 1920px\" \/><\/a><\/dt>\n<\/dl>\n<dl class=\"gallery-item\">\n<dt class=\"gallery-icon landscape\"><a role=\"link\" href=\"https:\/\/www.uepg.br\/visita-labclimeam\/visita-criancas-estacao-meteorologica-extensao-geografia-aline-jasper_32\/\"><img loading=\"lazy\" class=\"attachment-full size-full lazyloaded\" src=\"https:\/\/www.uepg.br\/wp-content\/uploads\/2023\/07\/visita-criancas-estacao-meteorologica-extensao-geografia-Aline-Jasper_32-scaled.jpg\" alt=\"\" width=\"1920\" height=\"1280\" data-srcset=\"https:\/\/www.uepg.br\/wp-content\/uploads\/2023\/07\/visita-criancas-estacao-meteorologica-extensao-geografia-Aline-Jasper_32-scaled.jpg 1920w, https:\/\/www.uepg.br\/wp-content\/uploads\/2023\/07\/visita-criancas-estacao-meteorologica-extensao-geografia-Aline-Jasper_32-300x200.jpg 300w, https:\/\/www.uepg.br\/wp-content\/uploads\/2023\/07\/visita-criancas-estacao-meteorologica-extensao-geografia-Aline-Jasper_32-1024x683.jpg 1024w, https:\/\/www.uepg.br\/wp-content\/uploads\/2023\/07\/visita-criancas-estacao-meteorologica-extensao-geografia-Aline-Jasper_32-768x512.jpg 768w, https:\/\/www.uepg.br\/wp-content\/uploads\/2023\/07\/visita-criancas-estacao-meteorologica-extensao-geografia-Aline-Jasper_32-1536x1024.jpg 1536w, https:\/\/www.uepg.br\/wp-content\/uploads\/2023\/07\/visita-criancas-estacao-meteorologica-extensao-geografia-Aline-Jasper_32-2048x1365.jpg 2048w, https:\/\/www.uepg.br\/wp-content\/uploads\/2023\/07\/visita-criancas-estacao-meteorologica-extensao-geografia-Aline-Jasper_32-1232x821.jpg 1232w, https:\/\/www.uepg.br\/wp-content\/uploads\/2023\/07\/visita-criancas-estacao-meteorologica-extensao-geografia-Aline-Jasper_32-1620x1080.jpg 1620w, https:\/\/www.uepg.br\/wp-content\/uploads\/2023\/07\/visita-criancas-estacao-meteorologica-extensao-geografia-Aline-Jasper_32-272x182.jpg 272w\" data-src=\"https:\/\/www.uepg.br\/wp-content\/uploads\/2023\/07\/visita-criancas-estacao-meteorologica-extensao-geografia-Aline-Jasper_32-scaled.jpg\" data-sizes=\"(max-width: 1920px) 100vw, 1920px\" \/><\/a><\/dt>\n<\/dl>\n<dl class=\"gallery-item\">\n<dt class=\"gallery-icon landscape\"><a role=\"link\" href=\"https:\/\/www.uepg.br\/visita-labclimeam\/visita-criancas-estacao-meteorologica-extensao-geografia-aline-jasper_9\/\"><img loading=\"lazy\" class=\"attachment-full size-full lazyloaded\" src=\"https:\/\/www.uepg.br\/wp-content\/uploads\/2023\/07\/visita-criancas-estacao-meteorologica-extensao-geografia-Aline-Jasper_9-scaled.jpg\" alt=\"\" width=\"1920\" height=\"1280\" data-srcset=\"https:\/\/www.uepg.br\/wp-content\/uploads\/2023\/07\/visita-criancas-estacao-meteorologica-extensao-geografia-Aline-Jasper_9-scaled.jpg 1920w, https:\/\/www.uepg.br\/wp-content\/uploads\/2023\/07\/visita-criancas-estacao-meteorologica-extensao-geografia-Aline-Jasper_9-300x200.jpg 300w, https:\/\/www.uepg.br\/wp-content\/uploads\/2023\/07\/visita-criancas-estacao-meteorologica-extensao-geografia-Aline-Jasper_9-1024x683.jpg 1024w, https:\/\/www.uepg.br\/wp-content\/uploads\/2023\/07\/visita-criancas-estacao-meteorologica-extensao-geografia-Aline-Jasper_9-768x512.jpg 768w, https:\/\/www.uepg.br\/wp-content\/uploads\/2023\/07\/visita-criancas-estacao-meteorologica-extensao-geografia-Aline-Jasper_9-1536x1024.jpg 1536w, https:\/\/www.uepg.br\/wp-content\/uploads\/2023\/07\/visita-criancas-estacao-meteorologica-extensao-geografia-Aline-Jasper_9-2048x1365.jpg 2048w, https:\/\/www.uepg.br\/wp-content\/uploads\/2023\/07\/visita-criancas-estacao-meteorologica-extensao-geografia-Aline-Jasper_9-1232x821.jpg 1232w, https:\/\/www.uepg.br\/wp-content\/uploads\/2023\/07\/visita-criancas-estacao-meteorologica-extensao-geografia-Aline-Jasper_9-1620x1080.jpg 1620w, https:\/\/www.uepg.br\/wp-content\/uploads\/2023\/07\/visita-criancas-estacao-meteorologica-extensao-geografia-Aline-Jasper_9-272x182.jpg 272w\" data-src=\"https:\/\/www.uepg.br\/wp-content\/uploads\/2023\/07\/visita-criancas-estacao-meteorologica-extensao-geografia-Aline-Jasper_9-scaled.jpg\" data-sizes=\"(max-width: 1920px) 100vw, 1920px\" \/><\/a><\/dt>\n<\/dl>\n<dl class=\"gallery-item\">\n<dt class=\"gallery-icon landscape\"><a role=\"link\" href=\"https:\/\/www.uepg.br\/visita-labclimeam\/visita-criancas-estacao-meteorologica-extensao-geografia-aline-jasper_33\/\"><img loading=\"lazy\" class=\"attachment-full size-full lazyloaded\" src=\"https:\/\/www.uepg.br\/wp-content\/uploads\/2023\/07\/visita-criancas-estacao-meteorologica-extensao-geografia-Aline-Jasper_33-scaled.jpg\" alt=\"\" width=\"1920\" height=\"1280\" data-srcset=\"https:\/\/www.uepg.br\/wp-content\/uploads\/2023\/07\/visita-criancas-estacao-meteorologica-extensao-geografia-Aline-Jasper_33-scaled.jpg 1920w, https:\/\/www.uepg.br\/wp-content\/uploads\/2023\/07\/visita-criancas-estacao-meteorologica-extensao-geografia-Aline-Jasper_33-300x200.jpg 300w, https:\/\/www.uepg.br\/wp-content\/uploads\/2023\/07\/visita-criancas-estacao-meteorologica-extensao-geografia-Aline-Jasper_33-1024x683.jpg 1024w, https:\/\/www.uepg.br\/wp-content\/uploads\/2023\/07\/visita-criancas-estacao-meteorologica-extensao-geografia-Aline-Jasper_33-768x512.jpg 768w, https:\/\/www.uepg.br\/wp-content\/uploads\/2023\/07\/visita-criancas-estacao-meteorologica-extensao-geografia-Aline-Jasper_33-1536x1024.jpg 1536w, https:\/\/www.uepg.br\/wp-content\/uploads\/2023\/07\/visita-criancas-estacao-meteorologica-extensao-geografia-Aline-Jasper_33-2048x1365.jpg 2048w, https:\/\/www.uepg.br\/wp-content\/uploads\/2023\/07\/visita-criancas-estacao-meteorologica-extensao-geografia-Aline-Jasper_33-1232x821.jpg 1232w, https:\/\/www.uepg.br\/wp-content\/uploads\/2023\/07\/visita-criancas-estacao-meteorologica-extensao-geografia-Aline-Jasper_33-1620x1080.jpg 1620w, https:\/\/www.uepg.br\/wp-content\/uploads\/2023\/07\/visita-criancas-estacao-meteorologica-extensao-geografia-Aline-Jasper_33-272x182.jpg 272w\" data-src=\"https:\/\/www.uepg.br\/wp-content\/uploads\/2023\/07\/visita-criancas-estacao-meteorologica-extensao-geografia-Aline-Jasper_33-scaled.jpg\" data-sizes=\"(max-width: 1920px) 100vw, 1920px\" \/><\/a><\/dt>\n<\/dl>\n<dl class=\"gallery-item\">\n<dt class=\"gallery-icon landscape\"><a role=\"link\" href=\"https:\/\/www.uepg.br\/visita-labclimeam\/visita-criancas-estacao-meteorologica-extensao-geografia-aline-jasper_38\/\"><img loading=\"lazy\" class=\"attachment-full size-full lazyloaded\" src=\"https:\/\/www.uepg.br\/wp-content\/uploads\/2023\/07\/visita-criancas-estacao-meteorologica-extensao-geografia-Aline-Jasper_38-scaled.jpg\" alt=\"\" width=\"1920\" height=\"1280\" data-srcset=\"https:\/\/www.uepg.br\/wp-content\/uploads\/2023\/07\/visita-criancas-estacao-meteorologica-extensao-geografia-Aline-Jasper_38-scaled.jpg 1920w, https:\/\/www.uepg.br\/wp-content\/uploads\/2023\/07\/visita-criancas-estacao-meteorologica-extensao-geografia-Aline-Jasper_38-300x200.jpg 300w, https:\/\/www.uepg.br\/wp-content\/uploads\/2023\/07\/visita-criancas-estacao-meteorologica-extensao-geografia-Aline-Jasper_38-1024x683.jpg 1024w, https:\/\/www.uepg.br\/wp-content\/uploads\/2023\/07\/visita-criancas-estacao-meteorologica-extensao-geografia-Aline-Jasper_38-768x512.jpg 768w, https:\/\/www.uepg.br\/wp-content\/uploads\/2023\/07\/visita-criancas-estacao-meteorologica-extensao-geografia-Aline-Jasper_38-1536x1024.jpg 1536w, https:\/\/www.uepg.br\/wp-content\/uploads\/2023\/07\/visita-criancas-estacao-meteorologica-extensao-geografia-Aline-Jasper_38-2048x1365.jpg 2048w, https:\/\/www.uepg.br\/wp-content\/uploads\/2023\/07\/visita-criancas-estacao-meteorologica-extensao-geografia-Aline-Jasper_38-1232x821.jpg 1232w, https:\/\/www.uepg.br\/wp-content\/uploads\/2023\/07\/visita-criancas-estacao-meteorologica-extensao-geografia-Aline-Jasper_38-1620x1080.jpg 1620w, https:\/\/www.uepg.br\/wp-content\/uploads\/2023\/07\/visita-criancas-estacao-meteorologica-extensao-geografia-Aline-Jasper_38-272x182.jpg 272w\" data-src=\"https:\/\/www.uepg.br\/wp-content\/uploads\/2023\/07\/visita-criancas-estacao-meteorologica-extensao-geografia-Aline-Jasper_38-scaled.jpg\" data-sizes=\"(max-width: 1920px) 100vw, 1920px\" \/><\/a><\/dt>\n<\/dl>\n<dl class=\"gallery-item\">\n<dt class=\"gallery-icon landscape\"><a role=\"link\" href=\"https:\/\/www.uepg.br\/visita-labclimeam\/visita-criancas-estacao-meteorologica-extensao-geografia-aline-jasper_1\/\"><img loading=\"lazy\" class=\"attachment-full size-full lazyloaded\" src=\"https:\/\/www.uepg.br\/wp-content\/uploads\/2023\/07\/visita-criancas-estacao-meteorologica-extensao-geografia-Aline-Jasper_1-scaled.jpg\" alt=\"\" width=\"1920\" height=\"1280\" data-srcset=\"https:\/\/www.uepg.br\/wp-content\/uploads\/2023\/07\/visita-criancas-estacao-meteorologica-extensao-geografia-Aline-Jasper_1-scaled.jpg 1920w, https:\/\/www.uepg.br\/wp-content\/uploads\/2023\/07\/visita-criancas-estacao-meteorologica-extensao-geografia-Aline-Jasper_1-300x200.jpg 300w, https:\/\/www.uepg.br\/wp-content\/uploads\/2023\/07\/visita-criancas-estacao-meteorologica-extensao-geografia-Aline-Jasper_1-1024x683.jpg 1024w, https:\/\/www.uepg.br\/wp-content\/uploads\/2023\/07\/visita-criancas-estacao-meteorologica-extensao-geografia-Aline-Jasper_1-768x512.jpg 768w, https:\/\/www.uepg.br\/wp-content\/uploads\/2023\/07\/visita-criancas-estacao-meteorologica-extensao-geografia-Aline-Jasper_1-1536x1024.jpg 1536w, https:\/\/www.uepg.br\/wp-content\/uploads\/2023\/07\/visita-criancas-estacao-meteorologica-extensao-geografia-Aline-Jasper_1-2048x1365.jpg 2048w, https:\/\/www.uepg.br\/wp-content\/uploads\/2023\/07\/visita-criancas-estacao-meteorologica-extensao-geografia-Aline-Jasper_1-1232x821.jpg 1232w, https:\/\/www.uepg.br\/wp-content\/uploads\/2023\/07\/visita-criancas-estacao-meteorologica-extensao-geografia-Aline-Jasper_1-1620x1080.jpg 1620w, https:\/\/www.uepg.br\/wp-content\/uploads\/2023\/07\/visita-criancas-estacao-meteorologica-extensao-geografia-Aline-Jasper_1-272x182.jpg 272w\" data-src=\"https:\/\/www.uepg.br\/wp-content\/uploads\/2023\/07\/visita-criancas-estacao-meteorologica-extensao-geografia-Aline-Jasper_1-scaled.jpg\" data-sizes=\"(max-width: 1920px) 100vw, 1920px\" \/><\/a><\/dt>\n<\/dl>\n<dl class=\"gallery-item\">\n<dt class=\"gallery-icon landscape\"><a role=\"link\" href=\"https:\/\/www.uepg.br\/visita-labclimeam\/visita-criancas-estacao-meteorologica-extensao-geografia-aline-jasper_4\/\"><img loading=\"lazy\" class=\"attachment-full size-full lazyloaded\" src=\"https:\/\/www.uepg.br\/wp-content\/uploads\/2023\/07\/visita-criancas-estacao-meteorologica-extensao-geografia-Aline-Jasper_4-scaled.jpg\" alt=\"\" width=\"1920\" height=\"1280\" data-srcset=\"https:\/\/www.uepg.br\/wp-content\/uploads\/2023\/07\/visita-criancas-estacao-meteorologica-extensao-geografia-Aline-Jasper_4-scaled.jpg 1920w, https:\/\/www.uepg.br\/wp-content\/uploads\/2023\/07\/visita-criancas-estacao-meteorologica-extensao-geografia-Aline-Jasper_4-300x200.jpg 300w, https:\/\/www.uepg.br\/wp-content\/uploads\/2023\/07\/visita-criancas-estacao-meteorologica-extensao-geografia-Aline-Jasper_4-1024x683.jpg 1024w, https:\/\/www.uepg.br\/wp-content\/uploads\/2023\/07\/visita-criancas-estacao-meteorologica-extensao-geografia-Aline-Jasper_4-768x512.jpg 768w, https:\/\/www.uepg.br\/wp-content\/uploads\/2023\/07\/visita-criancas-estacao-meteorologica-extensao-geografia-Aline-Jasper_4-1536x1024.jpg 1536w, https:\/\/www.uepg.br\/wp-content\/uploads\/2023\/07\/visita-criancas-estacao-meteorologica-extensao-geografia-Aline-Jasper_4-2048x1365.jpg 2048w, https:\/\/www.uepg.br\/wp-content\/uploads\/2023\/07\/visita-criancas-estacao-meteorologica-extensao-geografia-Aline-Jasper_4-1232x821.jpg 1232w, https:\/\/www.uepg.br\/wp-content\/uploads\/2023\/07\/visita-criancas-estacao-meteorologica-extensao-geografia-Aline-Jasper_4-1620x1080.jpg 1620w, https:\/\/www.uepg.br\/wp-content\/uploads\/2023\/07\/visita-criancas-estacao-meteorologica-extensao-geografia-Aline-Jasper_4-272x182.jpg 272w\" data-src=\"https:\/\/www.uepg.br\/wp-content\/uploads\/2023\/07\/visita-criancas-estacao-meteorologica-extensao-geografia-Aline-Jasper_4-scaled.jpg\" data-sizes=\"(max-width: 1920px) 100vw, 1920px\" \/><\/a><\/dt>\n<\/dl>\n<dl class=\"gallery-item\">\n<dt class=\"gallery-icon landscape\"><a role=\"link\" href=\"https:\/\/www.uepg.br\/visita-labclimeam\/visita-criancas-estacao-meteorologica-extensao-geografia-aline-jasper_42\/\"><img loading=\"lazy\" class=\"attachment-full size-full lazyloaded\" src=\"https:\/\/www.uepg.br\/wp-content\/uploads\/2023\/07\/visita-criancas-estacao-meteorologica-extensao-geografia-Aline-Jasper_42-scaled.jpg\" alt=\"\" width=\"1920\" height=\"1280\" data-srcset=\"https:\/\/www.uepg.br\/wp-content\/uploads\/2023\/07\/visita-criancas-estacao-meteorologica-extensao-geografia-Aline-Jasper_42-scaled.jpg 1920w, https:\/\/www.uepg.br\/wp-content\/uploads\/2023\/07\/visita-criancas-estacao-meteorologica-extensao-geografia-Aline-Jasper_42-300x200.jpg 300w, https:\/\/www.uepg.br\/wp-content\/uploads\/2023\/07\/visita-criancas-estacao-meteorologica-extensao-geografia-Aline-Jasper_42-1024x683.jpg 1024w, https:\/\/www.uepg.br\/wp-content\/uploads\/2023\/07\/visita-criancas-estacao-meteorologica-extensao-geografia-Aline-Jasper_42-768x512.jpg 768w, https:\/\/www.uepg.br\/wp-content\/uploads\/2023\/07\/visita-criancas-estacao-meteorologica-extensao-geografia-Aline-Jasper_42-1536x1024.jpg 1536w, https:\/\/www.uepg.br\/wp-content\/uploads\/2023\/07\/visita-criancas-estacao-meteorologica-extensao-geografia-Aline-Jasper_42-2048x1365.jpg 2048w, https:\/\/www.uepg.br\/wp-content\/uploads\/2023\/07\/visita-criancas-estacao-meteorologica-extensao-geografia-Aline-Jasper_42-1232x821.jpg 1232w, https:\/\/www.uepg.br\/wp-content\/uploads\/2023\/07\/visita-criancas-estacao-meteorologica-extensao-geografia-Aline-Jasper_42-1620x1080.jpg 1620w, https:\/\/www.uepg.br\/wp-content\/uploads\/2023\/07\/visita-criancas-estacao-meteorologica-extensao-geografia-Aline-Jasper_42-272x182.jpg 272w\" data-src=\"https:\/\/www.uepg.br\/wp-content\/uploads\/2023\/07\/visita-criancas-estacao-meteorologica-extensao-geografia-Aline-Jasper_42-scaled.jpg\" data-sizes=\"(max-width: 1920px) 100vw, 1920px\" \/><\/a><\/dt>\n<\/dl>\n<dl class=\"gallery-item\">\n<dt class=\"gallery-icon landscape\"><a role=\"link\" href=\"https:\/\/www.uepg.br\/visita-labclimeam\/visita-criancas-estacao-meteorologica-extensao-geografia-aline-jasper_20\/\"><img loading=\"lazy\" class=\"attachment-full size-full lazyloaded\" src=\"https:\/\/www.uepg.br\/wp-content\/uploads\/2023\/07\/visita-criancas-estacao-meteorologica-extensao-geografia-Aline-Jasper_20-scaled.jpg\" alt=\"\" width=\"1920\" height=\"1280\" data-srcset=\"https:\/\/www.uepg.br\/wp-content\/uploads\/2023\/07\/visita-criancas-estacao-meteorologica-extensao-geografia-Aline-Jasper_20-scaled.jpg 1920w, https:\/\/www.uepg.br\/wp-content\/uploads\/2023\/07\/visita-criancas-estacao-meteorologica-extensao-geografia-Aline-Jasper_20-300x200.jpg 300w, https:\/\/www.uepg.br\/wp-content\/uploads\/2023\/07\/visita-criancas-estacao-meteorologica-extensao-geografia-Aline-Jasper_20-1024x683.jpg 1024w, https:\/\/www.uepg.br\/wp-content\/uploads\/2023\/07\/visita-criancas-estacao-meteorologica-extensao-geografia-Aline-Jasper_20-768x512.jpg 768w, https:\/\/www.uepg.br\/wp-content\/uploads\/2023\/07\/visita-criancas-estacao-meteorologica-extensao-geografia-Aline-Jasper_20-1536x1024.jpg 1536w, https:\/\/www.uepg.br\/wp-content\/uploads\/2023\/07\/visita-criancas-estacao-meteorologica-extensao-geografia-Aline-Jasper_20-2048x1365.jpg 2048w, https:\/\/www.uepg.br\/wp-content\/uploads\/2023\/07\/visita-criancas-estacao-meteorologica-extensao-geografia-Aline-Jasper_20-1232x821.jpg 1232w, https:\/\/www.uepg.br\/wp-content\/uploads\/2023\/07\/visita-criancas-estacao-meteorologica-extensao-geografia-Aline-Jasper_20-1620x1080.jpg 1620w, https:\/\/www.uepg.br\/wp-content\/uploads\/2023\/07\/visita-criancas-estacao-meteorologica-extensao-geografia-Aline-Jasper_20-272x182.jpg 272w\" data-src=\"https:\/\/www.uepg.br\/wp-content\/uploads\/2023\/07\/visita-criancas-estacao-meteorologica-extensao-geografia-Aline-Jasper_20-scaled.jpg\" data-sizes=\"(max-width: 1920px) 100vw, 1920px\" \/><\/a><\/dt>\n<\/dl>\n<dl class=\"gallery-item\">\n<dt class=\"gallery-icon landscape\"><a role=\"link\" href=\"https:\/\/www.uepg.br\/visita-labclimeam\/visita-criancas-estacao-meteorologica-extensao-geografia-aline-jasper_29\/\"><img loading=\"lazy\" class=\"attachment-full size-full lazyloaded\" src=\"https:\/\/www.uepg.br\/wp-content\/uploads\/2023\/07\/visita-criancas-estacao-meteorologica-extensao-geografia-Aline-Jasper_29-scaled.jpg\" alt=\"\" width=\"1920\" height=\"1280\" data-srcset=\"https:\/\/www.uepg.br\/wp-content\/uploads\/2023\/07\/visita-criancas-estacao-meteorologica-extensao-geografia-Aline-Jasper_29-scaled.jpg 1920w, https:\/\/www.uepg.br\/wp-content\/uploads\/2023\/07\/visita-criancas-estacao-meteorologica-extensao-geografia-Aline-Jasper_29-300x200.jpg 300w, https:\/\/www.uepg.br\/wp-content\/uploads\/2023\/07\/visita-criancas-estacao-meteorologica-extensao-geografia-Aline-Jasper_29-1024x683.jpg 1024w, https:\/\/www.uepg.br\/wp-content\/uploads\/2023\/07\/visita-criancas-estacao-meteorologica-extensao-geografia-Aline-Jasper_29-768x512.jpg 768w, https:\/\/www.uepg.br\/wp-content\/uploads\/2023\/07\/visita-criancas-estacao-meteorologica-extensao-geografia-Aline-Jasper_29-1536x1024.jpg 1536w, https:\/\/www.uepg.br\/wp-content\/uploads\/2023\/07\/visita-criancas-estacao-meteorologica-extensao-geografia-Aline-Jasper_29-2048x1365.jpg 2048w, https:\/\/www.uepg.br\/wp-content\/uploads\/2023\/07\/visita-criancas-estacao-meteorologica-extensao-geografia-Aline-Jasper_29-1232x821.jpg 1232w, https:\/\/www.uepg.br\/wp-content\/uploads\/2023\/07\/visita-criancas-estacao-meteorologica-extensao-geografia-Aline-Jasper_29-1620x1080.jpg 1620w, https:\/\/www.uepg.br\/wp-content\/uploads\/2023\/07\/visita-criancas-estacao-meteorologica-extensao-geografia-Aline-Jasper_29-272x182.jpg 272w\" data-src=\"https:\/\/www.uepg.br\/wp-content\/uploads\/2023\/07\/visita-criancas-estacao-meteorologica-extensao-geografia-Aline-Jasper_29-scaled.jpg\" data-sizes=\"(max-width: 1920px) 100vw, 1920px\" \/><\/a><\/dt>\n<\/dl>\n<dl class=\"gallery-item\">\n<dt class=\"gallery-icon landscape\"><a role=\"link\" href=\"https:\/\/www.uepg.br\/visita-labclimeam\/visita-criancas-estacao-meteorologica-extensao-geografia-aline-jasper_27\/\"><img loading=\"lazy\" class=\"attachment-full size-full lazyloaded\" src=\"https:\/\/www.uepg.br\/wp-content\/uploads\/2023\/07\/visita-criancas-estacao-meteorologica-extensao-geografia-Aline-Jasper_27-scaled.jpg\" alt=\"\" width=\"1920\" height=\"1280\" data-srcset=\"https:\/\/www.uepg.br\/wp-content\/uploads\/2023\/07\/visita-criancas-estacao-meteorologica-extensao-geografia-Aline-Jasper_27-scaled.jpg 1920w, https:\/\/www.uepg.br\/wp-content\/uploads\/2023\/07\/visita-criancas-estacao-meteorologica-extensao-geografia-Aline-Jasper_27-300x200.jpg 300w, https:\/\/www.uepg.br\/wp-content\/uploads\/2023\/07\/visita-criancas-estacao-meteorologica-extensao-geografia-Aline-Jasper_27-1024x683.jpg 1024w, https:\/\/www.uepg.br\/wp-content\/uploads\/2023\/07\/visita-criancas-estacao-meteorologica-extensao-geografia-Aline-Jasper_27-768x512.jpg 768w, https:\/\/www.uepg.br\/wp-content\/uploads\/2023\/07\/visita-criancas-estacao-meteorologica-extensao-geografia-Aline-Jasper_27-1536x1024.jpg 1536w, https:\/\/www.uepg.br\/wp-content\/uploads\/2023\/07\/visita-criancas-estacao-meteorologica-extensao-geografia-Aline-Jasper_27-2048x1365.jpg 2048w, https:\/\/www.uepg.br\/wp-content\/uploads\/2023\/07\/visita-criancas-estacao-meteorologica-extensao-geografia-Aline-Jasper_27-1232x821.jpg 1232w, https:\/\/www.uepg.br\/wp-content\/uploads\/2023\/07\/visita-criancas-estacao-meteorologica-extensao-geografia-Aline-Jasper_27-1620x1080.jpg 1620w, https:\/\/www.uepg.br\/wp-content\/uploads\/2023\/07\/visita-criancas-estacao-meteorologica-extensao-geografia-Aline-Jasper_27-272x182.jpg 272w\" data-src=\"https:\/\/www.uepg.br\/wp-content\/uploads\/2023\/07\/visita-criancas-estacao-meteorologica-extensao-geografia-Aline-Jasper_27-scaled.jpg\" data-sizes=\"(max-width: 1920px) 100vw, 1920px\" \/><\/a><\/dt>\n<\/dl>\n<dl class=\"gallery-item\">\n<dt class=\"gallery-icon landscape\"><a role=\"link\" href=\"https:\/\/www.uepg.br\/visita-labclimeam\/visita-criancas-estacao-meteorologica-extensao-geografia-aline-jasper_44\/\"><img loading=\"lazy\" class=\"attachment-full size-full lazyloaded\" src=\"https:\/\/www.uepg.br\/wp-content\/uploads\/2023\/07\/visita-criancas-estacao-meteorologica-extensao-geografia-Aline-Jasper_44-scaled.jpg\" alt=\"\" width=\"1920\" height=\"1280\" data-srcset=\"https:\/\/www.uepg.br\/wp-content\/uploads\/2023\/07\/visita-criancas-estacao-meteorologica-extensao-geografia-Aline-Jasper_44-scaled.jpg 1920w, https:\/\/www.uepg.br\/wp-content\/uploads\/2023\/07\/visita-criancas-estacao-meteorologica-extensao-geografia-Aline-Jasper_44-300x200.jpg 300w, https:\/\/www.uepg.br\/wp-content\/uploads\/2023\/07\/visita-criancas-estacao-meteorologica-extensao-geografia-Aline-Jasper_44-1024x683.jpg 1024w, https:\/\/www.uepg.br\/wp-content\/uploads\/2023\/07\/visita-criancas-estacao-meteorologica-extensao-geografia-Aline-Jasper_44-768x512.jpg 768w, https:\/\/www.uepg.br\/wp-content\/uploads\/2023\/07\/visita-criancas-estacao-meteorologica-extensao-geografia-Aline-Jasper_44-1536x1024.jpg 1536w, https:\/\/www.uepg.br\/wp-content\/uploads\/2023\/07\/visita-criancas-estacao-meteorologica-extensao-geografia-Aline-Jasper_44-2048x1365.jpg 2048w, https:\/\/www.uepg.br\/wp-content\/uploads\/2023\/07\/visita-criancas-estacao-meteorologica-extensao-geografia-Aline-Jasper_44-1232x821.jpg 1232w, https:\/\/www.uepg.br\/wp-content\/uploads\/2023\/07\/visita-criancas-estacao-meteorologica-extensao-geografia-Aline-Jasper_44-1620x1080.jpg 1620w, https:\/\/www.uepg.br\/wp-content\/uploads\/2023\/07\/visita-criancas-estacao-meteorologica-extensao-geografia-Aline-Jasper_44-272x182.jpg 272w\" data-src=\"https:\/\/www.uepg.br\/wp-content\/uploads\/2023\/07\/visita-criancas-estacao-meteorologica-extensao-geografia-Aline-Jasper_44-scaled.jpg\" data-sizes=\"(max-width: 1920px) 100vw, 1920px\" \/><\/a><\/dt>\n<\/dl>\n<dl class=\"gallery-item\">\n<dt class=\"gallery-icon landscape\"><a role=\"link\" href=\"https:\/\/www.uepg.br\/visita-labclimeam\/visita-criancas-estacao-meteorologica-extensao-geografia-aline-jasper_24\/\"><img loading=\"lazy\" class=\"attachment-full size-full lazyloaded\" src=\"https:\/\/www.uepg.br\/wp-content\/uploads\/2023\/07\/visita-criancas-estacao-meteorologica-extensao-geografia-Aline-Jasper_24-scaled.jpg\" alt=\"\" width=\"1920\" height=\"1280\" data-srcset=\"https:\/\/www.uepg.br\/wp-content\/uploads\/2023\/07\/visita-criancas-estacao-meteorologica-extensao-geografia-Aline-Jasper_24-scaled.jpg 1920w, https:\/\/www.uepg.br\/wp-content\/uploads\/2023\/07\/visita-criancas-estacao-meteorologica-extensao-geografia-Aline-Jasper_24-300x200.jpg 300w, https:\/\/www.uepg.br\/wp-content\/uploads\/2023\/07\/visita-criancas-estacao-meteorologica-extensao-geografia-Aline-Jasper_24-1024x683.jpg 1024w, https:\/\/www.uepg.br\/wp-content\/uploads\/2023\/07\/visita-criancas-estacao-meteorologica-extensao-geografia-Aline-Jasper_24-768x512.jpg 768w, https:\/\/www.uepg.br\/wp-content\/uploads\/2023\/07\/visita-criancas-estacao-meteorologica-extensao-geografia-Aline-Jasper_24-1536x1024.jpg 1536w, https:\/\/www.uepg.br\/wp-content\/uploads\/2023\/07\/visita-criancas-estacao-meteorologica-extensao-geografia-Aline-Jasper_24-2048x1365.jpg 2048w, https:\/\/www.uepg.br\/wp-content\/uploads\/2023\/07\/visita-criancas-estacao-meteorologica-extensao-geografia-Aline-Jasper_24-1232x821.jpg 1232w, https:\/\/www.uepg.br\/wp-content\/uploads\/2023\/07\/visita-criancas-estacao-meteorologica-extensao-geografia-Aline-Jasper_24-1620x1080.jpg 1620w, https:\/\/www.uepg.br\/wp-content\/uploads\/2023\/07\/visita-criancas-estacao-meteorologica-extensao-geografia-Aline-Jasper_24-272x182.jpg 272w\" data-src=\"https:\/\/www.uepg.br\/wp-content\/uploads\/2023\/07\/visita-criancas-estacao-meteorologica-extensao-geografia-Aline-Jasper_24-scaled.jpg\" data-sizes=\"(max-width: 1920px) 100vw, 1920px\" \/><\/a><\/dt>\n<\/dl>\n<dl class=\"gallery-item\">\n<dt class=\"gallery-icon landscape\"><a role=\"link\" href=\"https:\/\/www.uepg.br\/visita-labclimeam\/visita-criancas-estacao-meteorologica-extensao-geografia-aline-jasper_45\/\"><img loading=\"lazy\" class=\"attachment-full size-full lazyloaded\" src=\"https:\/\/www.uepg.br\/wp-content\/uploads\/2023\/07\/visita-criancas-estacao-meteorologica-extensao-geografia-Aline-Jasper_45-scaled.jpg\" alt=\"\" width=\"1920\" height=\"1280\" data-srcset=\"https:\/\/www.uepg.br\/wp-content\/uploads\/2023\/07\/visita-criancas-estacao-meteorologica-extensao-geografia-Aline-Jasper_45-scaled.jpg 1920w, https:\/\/www.uepg.br\/wp-content\/uploads\/2023\/07\/visita-criancas-estacao-meteorologica-extensao-geografia-Aline-Jasper_45-300x200.jpg 300w, https:\/\/www.uepg.br\/wp-content\/uploads\/2023\/07\/visita-criancas-estacao-meteorologica-extensao-geografia-Aline-Jasper_45-1024x683.jpg 1024w, https:\/\/www.uepg.br\/wp-content\/uploads\/2023\/07\/visita-criancas-estacao-meteorologica-extensao-geografia-Aline-Jasper_45-768x512.jpg 768w, https:\/\/www.uepg.br\/wp-content\/uploads\/2023\/07\/visita-criancas-estacao-meteorologica-extensao-geografia-Aline-Jasper_45-1536x1024.jpg 1536w, https:\/\/www.uepg.br\/wp-content\/uploads\/2023\/07\/visita-criancas-estacao-meteorologica-extensao-geografia-Aline-Jasper_45-2048x1365.jpg 2048w, https:\/\/www.uepg.br\/wp-content\/uploads\/2023\/07\/visita-criancas-estacao-meteorologica-extensao-geografia-Aline-Jasper_45-1232x821.jpg 1232w, https:\/\/www.uepg.br\/wp-content\/uploads\/2023\/07\/visita-criancas-estacao-meteorologica-extensao-geografia-Aline-Jasper_45-1620x1080.jpg 1620w, https:\/\/www.uepg.br\/wp-content\/uploads\/2023\/07\/visita-criancas-estacao-meteorologica-extensao-geografia-Aline-Jasper_45-272x182.jpg 272w\" data-src=\"https:\/\/www.uepg.br\/wp-content\/uploads\/2023\/07\/visita-criancas-estacao-meteorologica-extensao-geografia-Aline-Jasper_45-scaled.jpg\" data-sizes=\"(max-width: 1920px) 100vw, 1920px\" \/><\/a><\/dt>\n<\/dl>\n<dl class=\"gallery-item\">\n<dt class=\"gallery-icon landscape\"><a role=\"link\" href=\"https:\/\/www.uepg.br\/visita-labclimeam\/visita-criancas-estacao-meteorologica-extensao-geografia-aline-jasper_18\/\"><img loading=\"lazy\" class=\"attachment-full size-full lazyloaded\" src=\"https:\/\/www.uepg.br\/wp-content\/uploads\/2023\/07\/visita-criancas-estacao-meteorologica-extensao-geografia-Aline-Jasper_18-scaled.jpg\" alt=\"\" width=\"1920\" height=\"1280\" data-srcset=\"https:\/\/www.uepg.br\/wp-content\/uploads\/2023\/07\/visita-criancas-estacao-meteorologica-extensao-geografia-Aline-Jasper_18-scaled.jpg 1920w, https:\/\/www.uepg.br\/wp-content\/uploads\/2023\/07\/visita-criancas-estacao-meteorologica-extensao-geografia-Aline-Jasper_18-300x200.jpg 300w, https:\/\/www.uepg.br\/wp-content\/uploads\/2023\/07\/visita-criancas-estacao-meteorologica-extensao-geografia-Aline-Jasper_18-1024x683.jpg 1024w, https:\/\/www.uepg.br\/wp-content\/uploads\/2023\/07\/visita-criancas-estacao-meteorologica-extensao-geografia-Aline-Jasper_18-768x512.jpg 768w, https:\/\/www.uepg.br\/wp-content\/uploads\/2023\/07\/visita-criancas-estacao-meteorologica-extensao-geografia-Aline-Jasper_18-1536x1024.jpg 1536w, https:\/\/www.uepg.br\/wp-content\/uploads\/2023\/07\/visita-criancas-estacao-meteorologica-extensao-geografia-Aline-Jasper_18-2048x1365.jpg 2048w, https:\/\/www.uepg.br\/wp-content\/uploads\/2023\/07\/visita-criancas-estacao-meteorologica-extensao-geografia-Aline-Jasper_18-1232x821.jpg 1232w, https:\/\/www.uepg.br\/wp-content\/uploads\/2023\/07\/visita-criancas-estacao-meteorologica-extensao-geografia-Aline-Jasper_18-1620x1080.jpg 1620w, https:\/\/www.uepg.br\/wp-content\/uploads\/2023\/07\/visita-criancas-estacao-meteorologica-extensao-geografia-Aline-Jasper_18-272x182.jpg 272w\" data-src=\"https:\/\/www.uepg.br\/wp-content\/uploads\/2023\/07\/visita-criancas-estacao-meteorologica-extensao-geografia-Aline-Jasper_18-scaled.jpg\" data-sizes=\"(max-width: 1920px) 100vw, 1920px\" \/><\/a><\/dt>\n<\/dl>\n<dl class=\"gallery-item\">\n<dt class=\"gallery-icon landscape\"><a role=\"link\" href=\"https:\/\/www.uepg.br\/visita-labclimeam\/visita-criancas-estacao-meteorologica-extensao-geografia-aline-jasper_25\/\"><img loading=\"lazy\" class=\"attachment-full size-full lazyloaded\" src=\"https:\/\/www.uepg.br\/wp-content\/uploads\/2023\/07\/visita-criancas-estacao-meteorologica-extensao-geografia-Aline-Jasper_25-scaled.jpg\" alt=\"\" width=\"1920\" height=\"1280\" data-srcset=\"https:\/\/www.uepg.br\/wp-content\/uploads\/2023\/07\/visita-criancas-estacao-meteorologica-extensao-geografia-Aline-Jasper_25-scaled.jpg 1920w, https:\/\/www.uepg.br\/wp-content\/uploads\/2023\/07\/visita-criancas-estacao-meteorologica-extensao-geografia-Aline-Jasper_25-300x200.jpg 300w, https:\/\/www.uepg.br\/wp-content\/uploads\/2023\/07\/visita-criancas-estacao-meteorologica-extensao-geografia-Aline-Jasper_25-1024x683.jpg 1024w, https:\/\/www.uepg.br\/wp-content\/uploads\/2023\/07\/visita-criancas-estacao-meteorologica-extensao-geografia-Aline-Jasper_25-768x512.jpg 768w, https:\/\/www.uepg.br\/wp-content\/uploads\/2023\/07\/visita-criancas-estacao-meteorologica-extensao-geografia-Aline-Jasper_25-1536x1024.jpg 1536w, https:\/\/www.uepg.br\/wp-content\/uploads\/2023\/07\/visita-criancas-estacao-meteorologica-extensao-geografia-Aline-Jasper_25-2048x1365.jpg 2048w, https:\/\/www.uepg.br\/wp-content\/uploads\/2023\/07\/visita-criancas-estacao-meteorologica-extensao-geografia-Aline-Jasper_25-1232x821.jpg 1232w, https:\/\/www.uepg.br\/wp-content\/uploads\/2023\/07\/visita-criancas-estacao-meteorologica-extensao-geografia-Aline-Jasper_25-1620x1080.jpg 1620w, https:\/\/www.uepg.br\/wp-content\/uploads\/2023\/07\/visita-criancas-estacao-meteorologica-extensao-geografia-Aline-Jasper_25-272x182.jpg 272w\" data-src=\"https:\/\/www.uepg.br\/wp-content\/uploads\/2023\/07\/visita-criancas-estacao-meteorologica-extensao-geografia-Aline-Jasper_25-scaled.jpg\" data-sizes=\"(max-width: 1920px) 100vw, 1920px\" \/><\/a><\/dt>\n<\/dl>\n<dl class=\"gallery-item\">\n<dt class=\"gallery-icon landscape\"><a role=\"link\" href=\"https:\/\/www.uepg.br\/visita-labclimeam\/visita-criancas-estacao-meteorologica-extensao-geografia-aline-jasper_39\/\"><img loading=\"lazy\" class=\"attachment-full size-full lazyloaded\" src=\"https:\/\/www.uepg.br\/wp-content\/uploads\/2023\/07\/visita-criancas-estacao-meteorologica-extensao-geografia-Aline-Jasper_39-scaled.jpg\" alt=\"\" width=\"1920\" height=\"1280\" data-srcset=\"https:\/\/www.uepg.br\/wp-content\/uploads\/2023\/07\/visita-criancas-estacao-meteorologica-extensao-geografia-Aline-Jasper_39-scaled.jpg 1920w, https:\/\/www.uepg.br\/wp-content\/uploads\/2023\/07\/visita-criancas-estacao-meteorologica-extensao-geografia-Aline-Jasper_39-300x200.jpg 300w, https:\/\/www.uepg.br\/wp-content\/uploads\/2023\/07\/visita-criancas-estacao-meteorologica-extensao-geografia-Aline-Jasper_39-1024x683.jpg 1024w, https:\/\/www.uepg.br\/wp-content\/uploads\/2023\/07\/visita-criancas-estacao-meteorologica-extensao-geografia-Aline-Jasper_39-768x512.jpg 768w, https:\/\/www.uepg.br\/wp-content\/uploads\/2023\/07\/visita-criancas-estacao-meteorologica-extensao-geografia-Aline-Jasper_39-1536x1024.jpg 1536w, https:\/\/www.uepg.br\/wp-content\/uploads\/2023\/07\/visita-criancas-estacao-meteorologica-extensao-geografia-Aline-Jasper_39-2048x1365.jpg 2048w, https:\/\/www.uepg.br\/wp-content\/uploads\/2023\/07\/visita-criancas-estacao-meteorologica-extensao-geografia-Aline-Jasper_39-1232x821.jpg 1232w, https:\/\/www.uepg.br\/wp-content\/uploads\/2023\/07\/visita-criancas-estacao-meteorologica-extensao-geografia-Aline-Jasper_39-1620x1080.jpg 1620w, https:\/\/www.uepg.br\/wp-content\/uploads\/2023\/07\/visita-criancas-estacao-meteorologica-extensao-geografia-Aline-Jasper_39-272x182.jpg 272w\" data-src=\"https:\/\/www.uepg.br\/wp-content\/uploads\/2023\/07\/visita-criancas-estacao-meteorologica-extensao-geografia-Aline-Jasper_39-scaled.jpg\" data-sizes=\"(max-width: 1920px) 100vw, 1920px\" \/><\/a><\/dt>\n<\/dl>\n<dl class=\"gallery-item\">\n<dt class=\"gallery-icon landscape\"><a role=\"link\" href=\"https:\/\/www.uepg.br\/visita-labclimeam\/visita-criancas-estacao-meteorologica-extensao-geografia-aline-jasper_46\/\"><img loading=\"lazy\" class=\"attachment-full size-full lazyloaded\" src=\"https:\/\/www.uepg.br\/wp-content\/uploads\/2023\/07\/visita-criancas-estacao-meteorologica-extensao-geografia-Aline-Jasper_46-scaled.jpg\" alt=\"\" width=\"1920\" height=\"1280\" data-srcset=\"https:\/\/www.uepg.br\/wp-content\/uploads\/2023\/07\/visita-criancas-estacao-meteorologica-extensao-geografia-Aline-Jasper_46-scaled.jpg 1920w, https:\/\/www.uepg.br\/wp-content\/uploads\/2023\/07\/visita-criancas-estacao-meteorologica-extensao-geografia-Aline-Jasper_46-300x200.jpg 300w, https:\/\/www.uepg.br\/wp-content\/uploads\/2023\/07\/visita-criancas-estacao-meteorologica-extensao-geografia-Aline-Jasper_46-1024x683.jpg 1024w, https:\/\/www.uepg.br\/wp-content\/uploads\/2023\/07\/visita-criancas-estacao-meteorologica-extensao-geografia-Aline-Jasper_46-768x512.jpg 768w, https:\/\/www.uepg.br\/wp-content\/uploads\/2023\/07\/visita-criancas-estacao-meteorologica-extensao-geografia-Aline-Jasper_46-1536x1024.jpg 1536w, https:\/\/www.uepg.br\/wp-content\/uploads\/2023\/07\/visita-criancas-estacao-meteorologica-extensao-geografia-Aline-Jasper_46-2048x1365.jpg 2048w, https:\/\/www.uepg.br\/wp-content\/uploads\/2023\/07\/visita-criancas-estacao-meteorologica-extensao-geografia-Aline-Jasper_46-1232x821.jpg 1232w, https:\/\/www.uepg.br\/wp-content\/uploads\/2023\/07\/visita-criancas-estacao-meteorologica-extensao-geografia-Aline-Jasper_46-1620x1080.jpg 1620w, https:\/\/www.uepg.br\/wp-content\/uploads\/2023\/07\/visita-criancas-estacao-meteorologica-extensao-geografia-Aline-Jasper_46-272x182.jpg 272w\" data-src=\"https:\/\/www.uepg.br\/wp-content\/uploads\/2023\/07\/visita-criancas-estacao-meteorologica-extensao-geografia-Aline-Jasper_46-scaled.jpg\" data-sizes=\"(max-width: 1920px) 100vw, 1920px\" \/><\/a><\/dt>\n<\/dl>\n<dl class=\"gallery-item\">\n<dt class=\"gallery-icon landscape\"><a role=\"link\" href=\"https:\/\/www.uepg.br\/visita-labclimeam\/visita-criancas-estacao-meteorologica-extensao-geografia-aline-jasper_30\/\"><img loading=\"lazy\" class=\"attachment-full size-full lazyloaded\" src=\"https:\/\/www.uepg.br\/wp-content\/uploads\/2023\/07\/visita-criancas-estacao-meteorologica-extensao-geografia-Aline-Jasper_30-scaled.jpg\" alt=\"\" width=\"1920\" height=\"1280\" data-srcset=\"https:\/\/www.uepg.br\/wp-content\/uploads\/2023\/07\/visita-criancas-estacao-meteorologica-extensao-geografia-Aline-Jasper_30-scaled.jpg 1920w, https:\/\/www.uepg.br\/wp-content\/uploads\/2023\/07\/visita-criancas-estacao-meteorologica-extensao-geografia-Aline-Jasper_30-300x200.jpg 300w, https:\/\/www.uepg.br\/wp-content\/uploads\/2023\/07\/visita-criancas-estacao-meteorologica-extensao-geografia-Aline-Jasper_30-1024x683.jpg 1024w, https:\/\/www.uepg.br\/wp-content\/uploads\/2023\/07\/visita-criancas-estacao-meteorologica-extensao-geografia-Aline-Jasper_30-768x512.jpg 768w, https:\/\/www.uepg.br\/wp-content\/uploads\/2023\/07\/visita-criancas-estacao-meteorologica-extensao-geografia-Aline-Jasper_30-1536x1024.jpg 1536w, https:\/\/www.uepg.br\/wp-content\/uploads\/2023\/07\/visita-criancas-estacao-meteorologica-extensao-geografia-Aline-Jasper_30-2048x1365.jpg 2048w, https:\/\/www.uepg.br\/wp-content\/uploads\/2023\/07\/visita-criancas-estacao-meteorologica-extensao-geografia-Aline-Jasper_30-1232x821.jpg 1232w, https:\/\/www.uepg.br\/wp-content\/uploads\/2023\/07\/visita-criancas-estacao-meteorologica-extensao-geografia-Aline-Jasper_30-1620x1080.jpg 1620w, https:\/\/www.uepg.br\/wp-content\/uploads\/2023\/07\/visita-criancas-estacao-meteorologica-extensao-geografia-Aline-Jasper_30-272x182.jpg 272w\" data-src=\"https:\/\/www.uepg.br\/wp-content\/uploads\/2023\/07\/visita-criancas-estacao-meteorologica-extensao-geografia-Aline-Jasper_30-scaled.jpg\" data-sizes=\"(max-width: 1920px) 100vw, 1920px\" \/><\/a><\/dt>\n<\/dl>\n<dl class=\"gallery-item\">\n<dt class=\"gallery-icon landscape\"><a role=\"link\" href=\"https:\/\/www.uepg.br\/visita-labclimeam\/visita-criancas-estacao-meteorologica-extensao-geografia-aline-jasper_12\/\"><img loading=\"lazy\" class=\"attachment-full size-full lazyloaded\" src=\"https:\/\/www.uepg.br\/wp-content\/uploads\/2023\/07\/visita-criancas-estacao-meteorologica-extensao-geografia-Aline-Jasper_12-scaled.jpg\" alt=\"\" width=\"1920\" height=\"1280\" data-srcset=\"https:\/\/www.uepg.br\/wp-content\/uploads\/2023\/07\/visita-criancas-estacao-meteorologica-extensao-geografia-Aline-Jasper_12-scaled.jpg 1920w, https:\/\/www.uepg.br\/wp-content\/uploads\/2023\/07\/visita-criancas-estacao-meteorologica-extensao-geografia-Aline-Jasper_12-300x200.jpg 300w, https:\/\/www.uepg.br\/wp-content\/uploads\/2023\/07\/visita-criancas-estacao-meteorologica-extensao-geografia-Aline-Jasper_12-1024x683.jpg 1024w, https:\/\/www.uepg.br\/wp-content\/uploads\/2023\/07\/visita-criancas-estacao-meteorologica-extensao-geografia-Aline-Jasper_12-768x512.jpg 768w, https:\/\/www.uepg.br\/wp-content\/uploads\/2023\/07\/visita-criancas-estacao-meteorologica-extensao-geografia-Aline-Jasper_12-1536x1024.jpg 1536w, https:\/\/www.uepg.br\/wp-content\/uploads\/2023\/07\/visita-criancas-estacao-meteorologica-extensao-geografia-Aline-Jasper_12-2048x1365.jpg 2048w, https:\/\/www.uepg.br\/wp-content\/uploads\/2023\/07\/visita-criancas-estacao-meteorologica-extensao-geografia-Aline-Jasper_12-1232x821.jpg 1232w, https:\/\/www.uepg.br\/wp-content\/uploads\/2023\/07\/visita-criancas-estacao-meteorologica-extensao-geografia-Aline-Jasper_12-1620x1080.jpg 1620w, https:\/\/www.uepg.br\/wp-content\/uploads\/2023\/07\/visita-criancas-estacao-meteorologica-extensao-geografia-Aline-Jasper_12-272x182.jpg 272w\" data-src=\"https:\/\/www.uepg.br\/wp-content\/uploads\/2023\/07\/visita-criancas-estacao-meteorologica-extensao-geografia-Aline-Jasper_12-scaled.jpg\" data-sizes=\"(max-width: 1920px) 100vw, 1920px\" \/><\/a><\/dt>\n<\/dl>\n<\/div>\n","protected":false},"excerpt":{"rendered":"<p>Olhos curiosos, m\u00e3os exploradoras, pequenos cientistas. Na quarta-feira (28), a Esta\u00e7\u00e3o Meteorol\u00f3gica do Laborat\u00f3rio de Climatologia e Estudos Ambientais da Universidade Estadual de Ponta Grossa (Labclimeam-UEPG) recebeu a visita de uma turma de alunos do 1\u00ba ano do Ensino Fundamental. A atividade \u00e9 parte de um projeto de extens\u00e3o do curso de Geografia, coordenado pelo&nbsp;&hellip;<\/p>\n","protected":false},"author":590,"featured_media":8079,"comment_status":"closed","ping_status":"closed","sticky":false,"template":"","format":"standard","meta":[],"categories":[8],"tags":[],"_links":{"self":[{"href":"https:\/\/www2.uepg.br\/proex\/wp-json\/wp\/v2\/posts\/8078"}],"collection":[{"href":"https:\/\/www2.uepg.br\/proex\/wp-json\/wp\/v2\/posts"}],"about":[{"href":"https:\/\/www2.uepg.br\/proex\/wp-json\/wp\/v2\/types\/post"}],"author":[{"embeddable":true,"href":"https:\/\/www2.uepg.br\/proex\/wp-json\/wp\/v2\/users\/590"}],"replies":[{"embeddable":true,"href":"https:\/\/www2.uepg.br\/proex\/wp-json\/wp\/v2\/comments?post=8078"}],"version-history":[{"count":1,"href":"https:\/\/www2.uepg.br\/proex\/wp-json\/wp\/v2\/posts\/8078\/revisions"}],"predecessor-version":[{"id":8080,"href":"https:\/\/www2.uepg.br\/proex\/wp-json\/wp\/v2\/posts\/8078\/revisions\/8080"}],"wp:featuredmedia":[{"embeddable":true,"href":"https:\/\/www2.uepg.br\/proex\/wp-json\/wp\/v2\/media\/8079"}],"wp:attachment":[{"href":"https:\/\/www2.uepg.br\/proex\/wp-json\/wp\/v2\/media?parent=8078"}],"wp:term":[{"taxonomy":"category","embeddable":true,"href":"https:\/\/www2.uepg.br\/proex\/wp-json\/wp\/v2\/categories?post=8078"},{"taxonomy":"post_tag","embeddable":true,"href":"https:\/\/www2.uepg.br\/proex\/wp-json\/wp\/v2\/tags?post=8078"}],"curies":[{"name":"wp","href":"https:\/\/api.w.org\/{rel}","templated":true}]}}