{"id":8081,"date":"2023-07-06T14:49:23","date_gmt":"2023-07-06T17:49:23","guid":{"rendered":"https:\/\/www2.uepg.br\/proex\/?p=8081"},"modified":"2023-07-06T14:49:23","modified_gmt":"2023-07-06T17:49:23","slug":"governo-prorroga-prazo-para-inscricao-em-premiacao-de-ciencia-e-tecnologia","status":"publish","type":"post","link":"https:\/\/www2.uepg.br\/proex\/governo-prorroga-prazo-para-inscricao-em-premiacao-de-ciencia-e-tecnologia\/","title":{"rendered":"Governo prorroga prazo para inscri\u00e7\u00e3o em premia\u00e7\u00e3o de ci\u00eancia e tecnologia"},"content":{"rendered":"<p>O Governo do Estado prorrogou at\u00e9 4 de agosto o prazo para as inscri\u00e7\u00f5es no\u00a0<strong><a class=\"0\" href=\"https:\/\/www.seti.pr.gov.br\/premio2023\" target=\"_blank\" rel=\"nofollow noopener\">36\u00ba Pr\u00eamio Paranaense de Ci\u00eancia e Tecnologia<\/a><\/strong>. As inscri\u00e7\u00f5es encerrariam nesta quarta-feira (05). A premia\u00e7\u00e3o vai contemplar as \u00e1reas das Ci\u00eancias Agr\u00e1rias e das Ci\u00eancias Humanas e Sociais, com pr\u00eamios individuais que variam de R$ 10 mil a R$ 30 mil. Ser\u00e3o concedidas 10 premia\u00e7\u00f5es em cinco categorias, que somam aproximadamente R$ 190 mil. Os recursos s\u00e3o do Fundo Paran\u00e1, dota\u00e7\u00e3o gerenciada pela secretaria estadual da Ci\u00eancia, Tecnologia e Ensino Superior (Seti).<\/p>\n<p>O objetivo \u00e9 reconhecer a produ\u00e7\u00e3o cient\u00edfica e as a\u00e7\u00f5es de extens\u00e3o universit\u00e1ria desenvolvidas nas diferentes regi\u00f5es do Paran\u00e1. Podem concorrer pesquisadores, entre professores e estudantes de gradua\u00e7\u00e3o, vinculados \u00e0s institui\u00e7\u00f5es p\u00fablicas e privadas de ensino superior e de pesquisa cient\u00edfica e tecnol\u00f3gica, al\u00e9m de inventores independentes e jornalistas profissionais que atuam na imprensa.<\/p>\n<p>O coordenador de Ci\u00eancia e Tecnologia da Seti, Marcos Aur\u00e9lio Pelegrina, ressalta a import\u00e2ncia dessa iniciativa governamental. \u201cO Pr\u00eamio \u00e9 essencial para destacar a produ\u00e7\u00e3o de conhecimento e incentivar, cada vez mais, a pesquisa e a experimenta\u00e7\u00e3o tecnol\u00f3gica, possibilitando tamb\u00e9m a divulga\u00e7\u00e3o cient\u00edfica a partir de reportagens que destacam a ci\u00eancia produzida no ambiente acad\u00eamico como base para o desenvolvimento socioecon\u00f4mico local e regional\u201d.<\/p>\n<p><strong>AVALIA\u00c7\u00c3O<\/strong>\u00a0\u2013 Seguindo o princ\u00edpio da isonomia, professores, estudantes e inventores independentes ser\u00e3o avaliados por uma comiss\u00e3o julgadora composta por pesquisadores de outros estados brasileiros, com atua\u00e7\u00e3o nas \u00e1reas dos trabalhos inscritos. Para assegurar as mesmas condi\u00e7\u00f5es de igualdade, os jornalistas ser\u00e3o avaliados por profissionais de comunica\u00e7\u00e3o de outros estados, sendo pelo menos um membro da comiss\u00e3o ligado ao campo do jornalismo cient\u00edfico.<\/p>\n<p><strong>CATEGORIAS E VALORES\u00a0<\/strong>\u2013 Os professores podem se inscrever nas categorias Pesquisador ou Pesquisador-Extensionista, ambas com premia\u00e7\u00e3o individual em moeda corrente, no valor de R$ 30.200, j\u00e1 deduzidos os impostos. Juntas, essas modalidades somam R$ 120.800, considerando quatro pr\u00eamios, sendo dois para cada \u00e1rea do conhecimento prevista nesta edi\u00e7\u00e3o.<\/p>\n<p>Na primeira categoria, o candidato deve enviar um artigo cient\u00edfico em l\u00edngua portuguesa na respectiva \u00e1rea de atua\u00e7\u00e3o, que tenha sido publicado em peri\u00f3dico indexado entre 1\u00ba de janeiro de 2021 e 05 de julho de 2023. Na segunda modalidade, \u00e9 preciso encaminhar um relat\u00f3rio de projeto de extens\u00e3o em \u00e1rea correspondente, aprovado pela institui\u00e7\u00e3o de origem no per\u00edodo 1\u00ba de janeiro de 2021 e 05 de julho de 2023.<\/p>\n<p>Na categoria Estudante de Gradua\u00e7\u00e3o, os concorrentes devem enviar um artigo acad\u00eamico em l\u00edngua portuguesa, na \u00e1rea de conhecimento correspondente ao curso superior. O trabalho deve ter sido aceito ou publicado em peri\u00f3dico indexado, entre 1\u00ba de janeiro de 2021 e 05 de julho de 2023, sendo o candidato, obrigatoriamente, o primeiro autor. Nessa modalidade, a premia\u00e7\u00e3o individual ser\u00e1 de R$ 10.081, j\u00e1 deduzidos os impostos, totalizando R$ 20.162.<\/p>\n<p>A modalidade Inventor Independente contempla cidad\u00e3os domiciliados no Paran\u00e1, autor ou obtentor de cria\u00e7\u00e3o no campo das Ci\u00eancias Agr\u00e1rias ou Ci\u00eancias Humanas e Sociais. Nessa categoria, podem ser inscritos projetos de empresas incubadas ou assistidas por ag\u00eancias de inova\u00e7\u00e3o ou n\u00facleos de inova\u00e7\u00e3o tecnol\u00f3gica, desde que n\u00e3o haja v\u00ednculo de trabalho com as institui\u00e7\u00f5es.<\/p>\n<p>A categoria Jornalismo Cient\u00edfico \u00e9 destinada, exclusivamente, para profissionais da Imprensa, com atua\u00e7\u00e3o em quaisquer tipos de ve\u00edculos de comunica\u00e7\u00e3o, como m\u00eddias impressa e online, r\u00e1dio e TV. Os candidatos devem submeter reportagens veiculadas no per\u00edodo de 1\u00ba de janeiro de 2022 a 05 de julho de 2023, pautadas em ci\u00eancia, tecnologia e inova\u00e7\u00e3o, nas \u00e1reas previstas. As produ\u00e7\u00f5es jornal\u00edsticas devem associar o conhecimento cient\u00edfico ao desenvolvimento regional e melhoria da qualidade de vida das pessoas.<\/p>\n<p>Nessas duas \u00faltimas modalidades, a premia\u00e7\u00e3o totaliza R$ 48.388, sendo os pr\u00eamios individuais no valor de R$ 12.097, deduzidos os impostos.<\/p>\n<p><strong>Servi\u00e7o:<\/strong><\/p>\n<p>36\u00ba Pr\u00eamio Paranaense de Ci\u00eancia e Tecnologia<\/p>\n<p>Inscri\u00e7\u00f5es: at\u00e9 4 de agosto \u2013\u00a0<strong><a class=\"0\" href=\"https:\/\/www.seti.pr.gov.br\/premio2023\" target=\"_blank\" rel=\"nofollow noopener\">AQUI<\/a><\/strong><\/p>\n<p>Homologa\u00e7\u00e3o de inscritos: at\u00e9 16 de agosto<\/p>\n<p>Entrega: at\u00e9 30 de novembro<\/p>\n","protected":false},"excerpt":{"rendered":"<p>O Governo do Estado prorrogou at\u00e9 4 de agosto o prazo para as inscri\u00e7\u00f5es no\u00a036\u00ba Pr\u00eamio Paranaense de Ci\u00eancia e Tecnologia. As inscri\u00e7\u00f5es encerrariam nesta quarta-feira (05). A premia\u00e7\u00e3o vai contemplar as \u00e1reas das Ci\u00eancias Agr\u00e1rias e das Ci\u00eancias Humanas e Sociais, com pr\u00eamios individuais que variam de R$ 10 mil a R$ 30 mil.&nbsp;&hellip;<\/p>\n","protected":false},"author":590,"featured_media":8082,"comment_status":"closed","ping_status":"closed","sticky":false,"template":"","format":"standard","meta":[],"categories":[8],"tags":[],"_links":{"self":[{"href":"https:\/\/www2.uepg.br\/proex\/wp-json\/wp\/v2\/posts\/8081"}],"collection":[{"href":"https:\/\/www2.uepg.br\/proex\/wp-json\/wp\/v2\/posts"}],"about":[{"href":"https:\/\/www2.uepg.br\/proex\/wp-json\/wp\/v2\/types\/post"}],"author":[{"embeddable":true,"href":"https:\/\/www2.uepg.br\/proex\/wp-json\/wp\/v2\/users\/590"}],"replies":[{"embeddable":true,"href":"https:\/\/www2.uepg.br\/proex\/wp-json\/wp\/v2\/comments?post=8081"}],"version-history":[{"count":1,"href":"https:\/\/www2.uepg.br\/proex\/wp-json\/wp\/v2\/posts\/8081\/revisions"}],"predecessor-version":[{"id":8083,"href":"https:\/\/www2.uepg.br\/proex\/wp-json\/wp\/v2\/posts\/8081\/revisions\/8083"}],"wp:featuredmedia":[{"embeddable":true,"href":"https:\/\/www2.uepg.br\/proex\/wp-json\/wp\/v2\/media\/8082"}],"wp:attachment":[{"href":"https:\/\/www2.uepg.br\/proex\/wp-json\/wp\/v2\/media?parent=8081"}],"wp:term":[{"taxonomy":"category","embeddable":true,"href":"https:\/\/www2.uepg.br\/proex\/wp-json\/wp\/v2\/categories?post=8081"},{"taxonomy":"post_tag","embeddable":true,"href":"https:\/\/www2.uepg.br\/proex\/wp-json\/wp\/v2\/tags?post=8081"}],"curies":[{"name":"wp","href":"https:\/\/api.w.org\/{rel}","templated":true}]}}