{"id":8460,"date":"2023-10-02T08:27:42","date_gmt":"2023-10-02T11:27:42","guid":{"rendered":"https:\/\/www2.uepg.br\/proex\/?p=8460"},"modified":"2023-10-02T08:27:42","modified_gmt":"2023-10-02T11:27:42","slug":"selecionados-51fenata","status":"publish","type":"post","link":"https:\/\/www2.uepg.br\/proex\/selecionados-51fenata\/","title":{"rendered":"UEPG divulga espet\u00e1culos selecionados para o 51\u00b0 Fenata"},"content":{"rendered":"<p>A Universidade Estadual de Ponta Grossa (UEPG), por meio da Diretoria de Assuntos Culturais da Pr\u00f3-reitoria de Extens\u00e3o e Assuntos Culturais (DAC\/Proex) divulga os\u00a0<a role=\"link\" href=\"https:\/\/drive.google.com\/file\/d\/1pKc91XV--yns4ZAuyFXQU6JVYMuXBsNU\/view?usp=drivesdk\">espet\u00e1culos selecionados<\/a>\u00a0para a 51\u00aa edi\u00e7\u00e3o do Festival Nacional de Teatro (Fenata). Em 2023, o Festival de teatro ininterrupto mais antigo do Brasil ter\u00e1, pela primeira vez em sua hist\u00f3ria, mostras espec\u00edficas para palha\u00e7aria, teatro de anima\u00e7\u00e3o e teatro experimental. O 51\u00b0 Fenata acontece entre 30 de outubro e 10 de novembro de 2023.<\/p>\n<blockquote><p>Texto: William Clarindo | Foto: Aline Jasper<\/p><\/blockquote>\n","protected":false},"excerpt":{"rendered":"<p>A Universidade Estadual de Ponta Grossa (UEPG), por meio da Diretoria de Assuntos Culturais da Pr\u00f3-reitoria de Extens\u00e3o e Assuntos Culturais (DAC\/Proex) divulga os\u00a0espet\u00e1culos selecionados\u00a0para a 51\u00aa edi\u00e7\u00e3o do Festival Nacional de Teatro (Fenata). Em 2023, o Festival de teatro ininterrupto mais antigo do Brasil ter\u00e1, pela primeira vez em sua hist\u00f3ria, mostras espec\u00edficas para&nbsp;&hellip;<\/p>\n","protected":false},"author":592,"featured_media":8461,"comment_status":"closed","ping_status":"closed","sticky":false,"template":"","format":"standard","meta":[],"categories":[8],"tags":[52,34,53,35,54],"_links":{"self":[{"href":"https:\/\/www2.uepg.br\/proex\/wp-json\/wp\/v2\/posts\/8460"}],"collection":[{"href":"https:\/\/www2.uepg.br\/proex\/wp-json\/wp\/v2\/posts"}],"about":[{"href":"https:\/\/www2.uepg.br\/proex\/wp-json\/wp\/v2\/types\/post"}],"author":[{"embeddable":true,"href":"https:\/\/www2.uepg.br\/proex\/wp-json\/wp\/v2\/users\/592"}],"replies":[{"embeddable":true,"href":"https:\/\/www2.uepg.br\/proex\/wp-json\/wp\/v2\/comments?post=8460"}],"version-history":[{"count":1,"href":"https:\/\/www2.uepg.br\/proex\/wp-json\/wp\/v2\/posts\/8460\/revisions"}],"predecessor-version":[{"id":8462,"href":"https:\/\/www2.uepg.br\/proex\/wp-json\/wp\/v2\/posts\/8460\/revisions\/8462"}],"wp:featuredmedia":[{"embeddable":true,"href":"https:\/\/www2.uepg.br\/proex\/wp-json\/wp\/v2\/media\/8461"}],"wp:attachment":[{"href":"https:\/\/www2.uepg.br\/proex\/wp-json\/wp\/v2\/media?parent=8460"}],"wp:term":[{"taxonomy":"category","embeddable":true,"href":"https:\/\/www2.uepg.br\/proex\/wp-json\/wp\/v2\/categories?post=8460"},{"taxonomy":"post_tag","embeddable":true,"href":"https:\/\/www2.uepg.br\/proex\/wp-json\/wp\/v2\/tags?post=8460"}],"curies":[{"name":"wp","href":"https:\/\/api.w.org\/{rel}","templated":true}]}}