{"id":8543,"date":"2023-12-08T15:41:38","date_gmt":"2023-12-08T18:41:38","guid":{"rendered":"https:\/\/www2.uepg.br\/proex\/?p=8543"},"modified":"2023-12-08T16:01:25","modified_gmt":"2023-12-08T19:01:25","slug":"prorrogacao-das-bolsas-de-extensao","status":"publish","type":"post","link":"https:\/\/www2.uepg.br\/proex\/prorrogacao-das-bolsas-de-extensao\/","title":{"rendered":"PRORROGA\u00c7\u00c3O DAS BOLSAS DE EXTENS\u00c3O"},"content":{"rendered":"<p>Edital de prorroga\u00e7\u00e3o dos Editais PROEX 2022.610 e 2022.611<\/p>\n<p>&nbsp;<\/p>\n<p><a href=\"https:\/\/www2.uepg.br\/proex\/wp-content\/uploads\/sites\/8\/2023\/12\/Edital-PROEX-2023.932.pdf\">Edital PROEX 2023.932 &#8211; PRORROGA\u00c7\u00c3O BOLSAS PROEX<\/a>,<\/p>\n","protected":false},"excerpt":{"rendered":"<p>Edital de prorroga\u00e7\u00e3o dos Editais PROEX 2022.610 e 2022.611 &nbsp; Edital PROEX 2023.932 &#8211; PRORROGA\u00c7\u00c3O BOLSAS PROEX,<\/p>\n","protected":false},"author":351,"featured_media":8547,"comment_status":"closed","ping_status":"closed","sticky":false,"template":"","format":"standard","meta":[],"categories":[8],"tags":[],"_links":{"self":[{"href":"https:\/\/www2.uepg.br\/proex\/wp-json\/wp\/v2\/posts\/8543"}],"collection":[{"href":"https:\/\/www2.uepg.br\/proex\/wp-json\/wp\/v2\/posts"}],"about":[{"href":"https:\/\/www2.uepg.br\/proex\/wp-json\/wp\/v2\/types\/post"}],"author":[{"embeddable":true,"href":"https:\/\/www2.uepg.br\/proex\/wp-json\/wp\/v2\/users\/351"}],"replies":[{"embeddable":true,"href":"https:\/\/www2.uepg.br\/proex\/wp-json\/wp\/v2\/comments?post=8543"}],"version-history":[{"count":3,"href":"https:\/\/www2.uepg.br\/proex\/wp-json\/wp\/v2\/posts\/8543\/revisions"}],"predecessor-version":[{"id":8546,"href":"https:\/\/www2.uepg.br\/proex\/wp-json\/wp\/v2\/posts\/8543\/revisions\/8546"}],"wp:featuredmedia":[{"embeddable":true,"href":"https:\/\/www2.uepg.br\/proex\/wp-json\/wp\/v2\/media\/8547"}],"wp:attachment":[{"href":"https:\/\/www2.uepg.br\/proex\/wp-json\/wp\/v2\/media?parent=8543"}],"wp:term":[{"taxonomy":"category","embeddable":true,"href":"https:\/\/www2.uepg.br\/proex\/wp-json\/wp\/v2\/categories?post=8543"},{"taxonomy":"post_tag","embeddable":true,"href":"https:\/\/www2.uepg.br\/proex\/wp-json\/wp\/v2\/tags?post=8543"}],"curies":[{"name":"wp","href":"https:\/\/api.w.org\/{rel}","templated":true}]}}