{"id":8896,"date":"2024-05-08T11:28:48","date_gmt":"2024-05-08T14:28:48","guid":{"rendered":"https:\/\/www2.uepg.br\/proex\/?p=8896"},"modified":"2024-05-08T11:28:48","modified_gmt":"2024-05-08T14:28:48","slug":"uepg-recebe-propostas-de-exposicao-para-a-galeria-da-proex","status":"publish","type":"post","link":"https:\/\/www2.uepg.br\/proex\/uepg-recebe-propostas-de-exposicao-para-a-galeria-da-proex\/","title":{"rendered":"UEPG recebe propostas de exposi\u00e7\u00e3o para a Galeria da Proex"},"content":{"rendered":"<p style=\"text-align: justify\">A Galeria de Arte da Pr\u00f3-reitoria de Extens\u00e3o e Assuntos Culturais da Universidade Estadual de Ponta Grossa (Proex-UEPG) est\u00e1 com as\u00a0<a role=\"link\" href=\"https:\/\/www2.uepg.br\/proex\/wp-content\/uploads\/sites\/8\/2024\/05\/Edita-012024-galeria-dac.pdf\">inscri\u00e7\u00f5es abertas<\/a>\u00a0para receber exposi\u00e7\u00f5es no segundo semestre de 2024. As duas mostras selecionadas ocupar\u00e3o o espa\u00e7o no segundo semestre de 2024, de 28 de agosto a 27 de setembro e de 27 de novembro a 20 de dezembro. Podem ser inscritas propostas individuais ou coletivas. As inscri\u00e7\u00f5es acontecem exclusivamente pelo Protocolo Digital at\u00e9 21 de maio. O resultado da sele\u00e7\u00e3o ser\u00e1 divulgado at\u00e9 03 de junho no\u00a0<a role=\"link\" href=\"https:\/\/www2.uepg.br\/proex\/editais-abertos\/\">site da Proex<\/a>.<\/p>\n<blockquote><p>Texto e foto: William Clarindo<\/p><\/blockquote>\n","protected":false},"excerpt":{"rendered":"<p>A Galeria de Arte da Pr\u00f3-reitoria de Extens\u00e3o e Assuntos Culturais da Universidade Estadual de Ponta Grossa (Proex-UEPG) est\u00e1 com as\u00a0inscri\u00e7\u00f5es abertas\u00a0para receber exposi\u00e7\u00f5es no segundo semestre de 2024. As duas mostras selecionadas ocupar\u00e3o o espa\u00e7o no segundo semestre de 2024, de 28 de agosto a 27 de setembro e de 27 de novembro a&nbsp;&hellip;<\/p>\n","protected":false},"author":592,"featured_media":8812,"comment_status":"closed","ping_status":"closed","sticky":false,"template":"","format":"standard","meta":[],"categories":[11,8],"tags":[57,44,51],"_links":{"self":[{"href":"https:\/\/www2.uepg.br\/proex\/wp-json\/wp\/v2\/posts\/8896"}],"collection":[{"href":"https:\/\/www2.uepg.br\/proex\/wp-json\/wp\/v2\/posts"}],"about":[{"href":"https:\/\/www2.uepg.br\/proex\/wp-json\/wp\/v2\/types\/post"}],"author":[{"embeddable":true,"href":"https:\/\/www2.uepg.br\/proex\/wp-json\/wp\/v2\/users\/592"}],"replies":[{"embeddable":true,"href":"https:\/\/www2.uepg.br\/proex\/wp-json\/wp\/v2\/comments?post=8896"}],"version-history":[{"count":1,"href":"https:\/\/www2.uepg.br\/proex\/wp-json\/wp\/v2\/posts\/8896\/revisions"}],"predecessor-version":[{"id":8897,"href":"https:\/\/www2.uepg.br\/proex\/wp-json\/wp\/v2\/posts\/8896\/revisions\/8897"}],"wp:featuredmedia":[{"embeddable":true,"href":"https:\/\/www2.uepg.br\/proex\/wp-json\/wp\/v2\/media\/8812"}],"wp:attachment":[{"href":"https:\/\/www2.uepg.br\/proex\/wp-json\/wp\/v2\/media?parent=8896"}],"wp:term":[{"taxonomy":"category","embeddable":true,"href":"https:\/\/www2.uepg.br\/proex\/wp-json\/wp\/v2\/categories?post=8896"},{"taxonomy":"post_tag","embeddable":true,"href":"https:\/\/www2.uepg.br\/proex\/wp-json\/wp\/v2\/tags?post=8896"}],"curies":[{"name":"wp","href":"https:\/\/api.w.org\/{rel}","templated":true}]}}