{"id":9224,"date":"2024-08-27T15:33:37","date_gmt":"2024-08-27T18:33:37","guid":{"rendered":"https:\/\/www2.uepg.br\/proex\/?p=9224"},"modified":"2024-08-27T15:38:43","modified_gmt":"2024-08-27T18:38:43","slug":"abertura-inscricoes-cadastro-reserva-pibex-2024-2025","status":"publish","type":"post","link":"https:\/\/www2.uepg.br\/proex\/abertura-inscricoes-cadastro-reserva-pibex-2024-2025\/","title":{"rendered":"ABERTURA INSCRI\u00c7\u00d5ES CADASTRO RESERVA PIBEX E PIBIS  2024\/2025"},"content":{"rendered":"<p>A Pr\u00f3-Reitoria de Extens\u00e3o e Assuntos Culturais (PROEX)\u00a0 por meio da Diretoria de Extens\u00e3o Universit\u00e1ria (DEU) tornar\u00e1 p\u00fablico os editais de\u00a0 INSCRI\u00c7\u00d5ES &#8211; CADASTRO RESERVA 2024\/2025 do processo de sele\u00e7\u00e3o de bolsas\u00a0 do Programa Institucional de Apoio \u00e0 Inclus\u00e3o Social, Pesquisa e Extens\u00e3o Universit\u00e1ria (PIBIS) e Programa Institucional de Bolsas de Extens\u00e3o Universit\u00e1ria (PIBEX)<\/p>\n<p><a href=\"https:\/\/www2.uepg.br\/proex\/wp-content\/uploads\/sites\/8\/2024\/08\/EDITAL-CADASTRO-RESERVA-PIBEX-2024.pdf\">EDITAL 20\/2024 CADASTRO RESERVA PIBEX 2024\/2025<\/a><\/p>\n<p><a href=\"https:\/\/www2.uepg.br\/proex\/wp-content\/uploads\/sites\/8\/2024\/08\/EDITAL-CADASTRO-RESERVA-PIBIS-2024.pdf\">EDITAL 21\/2024 &#8211; CADASTRO RESERVA PIBIS 2024\/2025<\/a><\/p>\n<p>&nbsp;<\/p>\n","protected":false},"excerpt":{"rendered":"<p>A Pr\u00f3-Reitoria de Extens\u00e3o e Assuntos Culturais (PROEX)\u00a0 por meio da Diretoria de Extens\u00e3o Universit\u00e1ria (DEU) tornar\u00e1 p\u00fablico os editais de\u00a0 INSCRI\u00c7\u00d5ES &#8211; CADASTRO RESERVA 2024\/2025 do processo de sele\u00e7\u00e3o de bolsas\u00a0 do Programa Institucional de Apoio \u00e0 Inclus\u00e3o Social, Pesquisa e Extens\u00e3o Universit\u00e1ria (PIBIS) e Programa Institucional de Bolsas de Extens\u00e3o Universit\u00e1ria (PIBEX) EDITAL&nbsp;&hellip;<\/p>\n","protected":false},"author":351,"featured_media":9084,"comment_status":"closed","ping_status":"closed","sticky":false,"template":"","format":"standard","meta":[],"categories":[8],"tags":[],"_links":{"self":[{"href":"https:\/\/www2.uepg.br\/proex\/wp-json\/wp\/v2\/posts\/9224"}],"collection":[{"href":"https:\/\/www2.uepg.br\/proex\/wp-json\/wp\/v2\/posts"}],"about":[{"href":"https:\/\/www2.uepg.br\/proex\/wp-json\/wp\/v2\/types\/post"}],"author":[{"embeddable":true,"href":"https:\/\/www2.uepg.br\/proex\/wp-json\/wp\/v2\/users\/351"}],"replies":[{"embeddable":true,"href":"https:\/\/www2.uepg.br\/proex\/wp-json\/wp\/v2\/comments?post=9224"}],"version-history":[{"count":5,"href":"https:\/\/www2.uepg.br\/proex\/wp-json\/wp\/v2\/posts\/9224\/revisions"}],"predecessor-version":[{"id":9229,"href":"https:\/\/www2.uepg.br\/proex\/wp-json\/wp\/v2\/posts\/9224\/revisions\/9229"}],"wp:featuredmedia":[{"embeddable":true,"href":"https:\/\/www2.uepg.br\/proex\/wp-json\/wp\/v2\/media\/9084"}],"wp:attachment":[{"href":"https:\/\/www2.uepg.br\/proex\/wp-json\/wp\/v2\/media?parent=9224"}],"wp:term":[{"taxonomy":"category","embeddable":true,"href":"https:\/\/www2.uepg.br\/proex\/wp-json\/wp\/v2\/categories?post=9224"},{"taxonomy":"post_tag","embeddable":true,"href":"https:\/\/www2.uepg.br\/proex\/wp-json\/wp\/v2\/tags?post=9224"}],"curies":[{"name":"wp","href":"https:\/\/api.w.org\/{rel}","templated":true}]}}