{"id":9325,"date":"2024-09-20T08:35:36","date_gmt":"2024-09-20T11:35:36","guid":{"rendered":"https:\/\/www2.uepg.br\/proex\/?p=9325"},"modified":"2024-09-20T08:35:36","modified_gmt":"2024-09-20T11:35:36","slug":"proex-divulga-classificacao-preliminar-do-cadastro-reserva-do-pibex-e-pibis","status":"publish","type":"post","link":"https:\/\/www2.uepg.br\/proex\/proex-divulga-classificacao-preliminar-do-cadastro-reserva-do-pibex-e-pibis\/","title":{"rendered":"Proex divulga classifica\u00e7\u00e3o preliminar do cadastro reserva do PIBEX e PIBIS"},"content":{"rendered":"<p>A Pr\u00f3-Reitoria de Extens\u00e3o e Assuntos Culturais (Proex), por meio da Diretoria de Extens\u00e3o Universit\u00e1ria (DEU), divulga os editais <a href=\"https:\/\/www2.uepg.br\/proex\/wp-content\/uploads\/sites\/8\/2024\/09\/Edital-26_24-PIBEX-cadastro-reserva.pdf\"><strong>PROEX\/DEU 26\/2024<\/strong><\/a> e <a href=\"https:\/\/www2.uepg.br\/proex\/wp-content\/uploads\/sites\/8\/2024\/09\/Edital-27_24-PIBIS-cadastro-reserva.pdf\"><strong>PROEX\/DEU 27\/2024<\/strong><\/a>, referentes ao resultada da Classifica\u00e7\u00e3o Preliminar da sele\u00e7\u00e3o de candidatos aos cadastros reserva de bolsistas do Programa Institucional de Bolsas de Extens\u00e3o Universit\u00e1ria \u2013 <strong>PIBEX<\/strong> e do Programa Institucional de Apoio \u00e0 Inclus\u00e3o Social, Pesquisa e Extens\u00e3o Universit\u00e1ria &#8211; <strong>PIBIS<\/strong>, ambos com vig\u00eancia 2024-2025.<\/p>\n<p>Para os dois editais, os recursos dever\u00e3o ser encaminhados via SEI (Sistema\u00a0Eletr\u00f4nico de Informa\u00e7\u00f5es) \/UEPG, direcionados \u00e0 PROEX-CATEC. Em hip\u00f3tese alguma ser\u00e3o apreciados recursos enviados por outro meio, fora do prazo ou ap\u00f3s a homologa\u00e7\u00e3o do resultado final. O proponente ter\u00e1 dois dias \u00fateis, ou seja, at\u00e9 as <strong>8h <\/strong>do dia <strong>24 de setembro <\/strong>para interpor recurso endere\u00e7ado \u00e0 Comiss\u00e3o de Assessoramento T\u00e9cnico-Cient\u00edfico da PROEX\/UEPG.<\/p>\n","protected":false},"excerpt":{"rendered":"<p>A Pr\u00f3-Reitoria de Extens\u00e3o e Assuntos Culturais (Proex), por meio da Diretoria de Extens\u00e3o Universit\u00e1ria (DEU), divulga os editais PROEX\/DEU 26\/2024 e PROEX\/DEU 27\/2024, referentes ao resultada da Classifica\u00e7\u00e3o Preliminar da sele\u00e7\u00e3o de candidatos aos cadastros reserva de bolsistas do Programa Institucional de Bolsas de Extens\u00e3o Universit\u00e1ria \u2013 PIBEX e do Programa Institucional de Apoio&nbsp;&hellip;<\/p>\n","protected":false},"author":590,"featured_media":9084,"comment_status":"closed","ping_status":"closed","sticky":false,"template":"","format":"standard","meta":[],"categories":[8],"tags":[],"_links":{"self":[{"href":"https:\/\/www2.uepg.br\/proex\/wp-json\/wp\/v2\/posts\/9325"}],"collection":[{"href":"https:\/\/www2.uepg.br\/proex\/wp-json\/wp\/v2\/posts"}],"about":[{"href":"https:\/\/www2.uepg.br\/proex\/wp-json\/wp\/v2\/types\/post"}],"author":[{"embeddable":true,"href":"https:\/\/www2.uepg.br\/proex\/wp-json\/wp\/v2\/users\/590"}],"replies":[{"embeddable":true,"href":"https:\/\/www2.uepg.br\/proex\/wp-json\/wp\/v2\/comments?post=9325"}],"version-history":[{"count":1,"href":"https:\/\/www2.uepg.br\/proex\/wp-json\/wp\/v2\/posts\/9325\/revisions"}],"predecessor-version":[{"id":9326,"href":"https:\/\/www2.uepg.br\/proex\/wp-json\/wp\/v2\/posts\/9325\/revisions\/9326"}],"wp:featuredmedia":[{"embeddable":true,"href":"https:\/\/www2.uepg.br\/proex\/wp-json\/wp\/v2\/media\/9084"}],"wp:attachment":[{"href":"https:\/\/www2.uepg.br\/proex\/wp-json\/wp\/v2\/media?parent=9325"}],"wp:term":[{"taxonomy":"category","embeddable":true,"href":"https:\/\/www2.uepg.br\/proex\/wp-json\/wp\/v2\/categories?post=9325"},{"taxonomy":"post_tag","embeddable":true,"href":"https:\/\/www2.uepg.br\/proex\/wp-json\/wp\/v2\/tags?post=9325"}],"curies":[{"name":"wp","href":"https:\/\/api.w.org\/{rel}","templated":true}]}}