{"id":9991,"date":"2025-03-26T11:20:45","date_gmt":"2025-03-26T14:20:45","guid":{"rendered":"https:\/\/www2.uepg.br\/proex\/?p=9991"},"modified":"2025-03-26T11:22:10","modified_gmt":"2025-03-26T14:22:10","slug":"sinais-de-violencia-contra-crianca-e-adolescentes-no-ambiente-escolar-saber-e-cuidar","status":"publish","type":"post","link":"https:\/\/www2.uepg.br\/proex\/sinais-de-violencia-contra-crianca-e-adolescentes-no-ambiente-escolar-saber-e-cuidar\/","title":{"rendered":"Sinais de viol\u00eancia contra crian\u00e7a e adolescentes no ambiente escolar &#8211; Saber \u00e9 Cuidar"},"content":{"rendered":"<p><a href=\"https:\/\/www2.uepg.br\/proex\/wp-content\/uploads\/sites\/8\/2025\/03\/CARTILHA.pdf\">Sinais de viol\u00eancia contra crian\u00e7a e adolescentes no ambiente escolar &#8211; Saber \u00e9 Cuidar<\/a><\/p>\n","protected":false},"excerpt":{"rendered":"<p>Sinais de viol\u00eancia contra crian\u00e7a e adolescentes no ambiente escolar &#8211; Saber \u00e9 Cuidar<\/p>\n","protected":false},"author":590,"featured_media":9993,"comment_status":"closed","ping_status":"closed","sticky":false,"template":"","format":"standard","meta":[],"categories":[19],"tags":[],"_links":{"self":[{"href":"https:\/\/www2.uepg.br\/proex\/wp-json\/wp\/v2\/posts\/9991"}],"collection":[{"href":"https:\/\/www2.uepg.br\/proex\/wp-json\/wp\/v2\/posts"}],"about":[{"href":"https:\/\/www2.uepg.br\/proex\/wp-json\/wp\/v2\/types\/post"}],"author":[{"embeddable":true,"href":"https:\/\/www2.uepg.br\/proex\/wp-json\/wp\/v2\/users\/590"}],"replies":[{"embeddable":true,"href":"https:\/\/www2.uepg.br\/proex\/wp-json\/wp\/v2\/comments?post=9991"}],"version-history":[{"count":1,"href":"https:\/\/www2.uepg.br\/proex\/wp-json\/wp\/v2\/posts\/9991\/revisions"}],"predecessor-version":[{"id":9994,"href":"https:\/\/www2.uepg.br\/proex\/wp-json\/wp\/v2\/posts\/9991\/revisions\/9994"}],"wp:featuredmedia":[{"embeddable":true,"href":"https:\/\/www2.uepg.br\/proex\/wp-json\/wp\/v2\/media\/9993"}],"wp:attachment":[{"href":"https:\/\/www2.uepg.br\/proex\/wp-json\/wp\/v2\/media?parent=9991"}],"wp:term":[{"taxonomy":"category","embeddable":true,"href":"https:\/\/www2.uepg.br\/proex\/wp-json\/wp\/v2\/categories?post=9991"},{"taxonomy":"post_tag","embeddable":true,"href":"https:\/\/www2.uepg.br\/proex\/wp-json\/wp\/v2\/tags?post=9991"}],"curies":[{"name":"wp","href":"https:\/\/api.w.org\/{rel}","templated":true}]}}